{"id":17074,"date":"2017-11-20T18:00:56","date_gmt":"2017-11-20T17:00:56","guid":{"rendered":"http:\/\/ritmy.fr\/essais\/?p=17074"},"modified":"2018-10-07T13:47:21","modified_gmt":"2018-10-07T12:47:21","slug":"prestigieux-duo-a-neauphle","status":"publish","type":"post","link":"https:\/\/ritmy.fr\/essais\/prestigieux-duo-a-neauphle\/","title":{"rendered":"Prestigieux duo et gros succ\u00e8s \u00e0 NEAUPHLE le CH\u00c2TEAU !"},"content":{"rendered":"<h1 style=\"text-align: justify;\"><strong><span style=\"color: #333399;\">Gros succ\u00e8s pour Fran\u00e7ois-Fr\u00e9d\u00e9ric GUY et Xavier PHILLIPS qui se produisaient ce dimanche 19 novembre 2017 en l&rsquo;\u00e9glise Saint-Nicolas de Neauphle-le-Ch\u00e2teau !<\/span><\/strong><\/h1>\n<h2 style=\"text-align: justify;\"><strong><span style=\"color: #333399;\">C&rsquo;est dans une \u00e9glise comble et un public conquis que le pianiste Fran\u00e7ois-Fr\u00e9d\u00e9ric GUY, pour le 1er\u00a0concert de sa &lsquo;<em>carte blanche<\/em>&lsquo;, a jou\u00e9 avec son complice le violoncelliste Xavier PHILLIPS.<\/span><\/strong><\/h2>\n<div id=\"attachment_17094\" style=\"width: 550px\" class=\"wp-caption aligncenter\"><img loading=\"lazy\" decoding=\"async\" aria-describedby=\"caption-attachment-17094\" class=\"wp-image-17094\" src=\"https:\/\/ritmy.fr\/essais\/wp-content\/uploads\/2017\/11\/IMG_0752-2.jpg\" alt=\"\" width=\"550\" height=\"413\" srcset=\"https:\/\/ritmy.fr\/essais\/wp-content\/uploads\/2017\/11\/IMG_0752-2.jpg 3416w, https:\/\/ritmy.fr\/essais\/wp-content\/uploads\/2017\/11\/IMG_0752-2-300x225.jpg 300w, https:\/\/ritmy.fr\/essais\/wp-content\/uploads\/2017\/11\/IMG_0752-2-768x576.jpg 768w, https:\/\/ritmy.fr\/essais\/wp-content\/uploads\/2017\/11\/IMG_0752-2-1000x750.jpg 1000w\" sizes=\"auto, (max-width: 550px) 100vw, 550px\" \/><p id=\"caption-attachment-17094\" class=\"wp-caption-text\">Duo prestigieux pour assistance conquise !<\/p><\/div>\n<h3 style=\"text-align: justify;\">Avec <strong>trois magnifiques sonates de BEETHOVEN, <span style=\"color: #333399;\">Fran\u00e7ois-Fr\u00e9d\u00e9ric GUY <\/span>(piano) et <span style=\"color: #333399;\">Xavier PHILLIPS<\/span> (violoncelle) <\/strong>ont fait l&rsquo;unanimit\u00e9, et les \u00e9loges n&rsquo;ont pas manqu\u00e9 \u00e0 la fin de ce superbe concert. <strong>Le public a \u00e9t\u00e9 impressionn\u00e9 par la justesse et la beaut\u00e9 de leurs interpr\u00e9tations, gr\u00e2ce \u00e0 leur virtuosit\u00e9 et une parfaite osmose entre eux.<\/strong><\/h3>\n<h4>Le <strong>double C.D.\u00a0<\/strong>enregistr\u00e9 par nos deux virtuoses en 2015 (<strong>les cinq sonates pour violoncelle et piano de BEETHOVEN<\/strong>) s&rsquo;est \u00ab\u00a0arrach\u00e9\u00a0\u00bb d&rsquo;ailleurs \u00ab\u00a0comme des petits pains un jour de f\u00eate\u00a0\u00bb.<\/h4>\n<div id=\"attachment_17096\" style=\"width: 305px\" class=\"wp-caption alignleft\"><img loading=\"lazy\" decoding=\"async\" aria-describedby=\"caption-attachment-17096\" class=\"wp-image-17096\" src=\"https:\/\/ritmy.fr\/essais\/wp-content\/uploads\/2017\/11\/IMG_0730-2.jpg\" alt=\"\" width=\"305\" height=\"229\" srcset=\"https:\/\/ritmy.fr\/essais\/wp-content\/uploads\/2017\/11\/IMG_0730-2.jpg 4000w, https:\/\/ritmy.fr\/essais\/wp-content\/uploads\/2017\/11\/IMG_0730-2-300x225.jpg 300w, https:\/\/ritmy.fr\/essais\/wp-content\/uploads\/2017\/11\/IMG_0730-2-768x576.jpg 768w, https:\/\/ritmy.fr\/essais\/wp-content\/uploads\/2017\/11\/IMG_0730-2-1000x750.jpg 1000w\" sizes=\"auto, (max-width: 305px) 100vw, 305px\" \/><p id=\"caption-attachment-17096\" class=\"wp-caption-text\">Fran\u00e7ois-Fr\u00e9d\u00e9ric GUY au piano.<\/p><\/div>\n<div id=\"attachment_17095\" style=\"width: 305px\" class=\"wp-caption alignright\"><img loading=\"lazy\" decoding=\"async\" aria-describedby=\"caption-attachment-17095\" class=\"wp-image-17095\" src=\"https:\/\/ritmy.fr\/essais\/wp-content\/uploads\/2017\/11\/IMG_0740-2.jpg\" alt=\"\" width=\"305\" height=\"229\" srcset=\"https:\/\/ritmy.fr\/essais\/wp-content\/uploads\/2017\/11\/IMG_0740-2.jpg 4000w, https:\/\/ritmy.fr\/essais\/wp-content\/uploads\/2017\/11\/IMG_0740-2-300x225.jpg 300w, https:\/\/ritmy.fr\/essais\/wp-content\/uploads\/2017\/11\/IMG_0740-2-768x576.jpg 768w, https:\/\/ritmy.fr\/essais\/wp-content\/uploads\/2017\/11\/IMG_0740-2-1000x750.jpg 1000w\" sizes=\"auto, (max-width: 305px) 100vw, 305px\" \/><p id=\"caption-attachment-17095\" class=\"wp-caption-text\">Xavier PHILLIPS au violoncelle.<\/p><\/div>\n<p>&nbsp;<\/p>\n<p>&nbsp;<\/p>\n<p>&nbsp;<\/p>\n<p>&nbsp;<\/p>\n<p>&nbsp;<\/p>\n<p>&nbsp;<\/p>\n<p>&nbsp;<\/p>\n<p>&nbsp;<\/p>\n<p>&nbsp;<\/p>\n<p>&nbsp;<\/p>\n<p>&nbsp;<\/p>\n<h4 style=\"text-align: justify;\">En premi\u00e8re partie, <strong>la sonate n\u00b0 4 en do majeur, et la n\u00b0 5 en r\u00e9 majeur, <\/strong>sont deux chefs-d&rsquo;oeuvre d&rsquo;une p\u00e9riode o\u00f9 le compositeur \u00e9tait en proie \u00e0 de nombreuses difficult\u00e9s, malade de surcro\u00eet : cette r\u00e9alit\u00e9 transpara\u00eet \u00e0 chacun des mouvements, et procure une r\u00e9elle \u00e9motion.<\/h4>\n<h4 style=\"text-align: justify;\">Apr\u00e8s un court entracte, <strong>la sonate n\u00b0 3 en la majeur, <\/strong>compos\u00e9e, elle, pendant une p\u00e9riode particuli\u00e8rement foisonnante (ouverture de Coriolan, composition de la 5\u00e8me symphonie, ainsi que de la fameuse \u00ab\u00a0Pastorale\u00a0\u00bb), offre des <strong>visions amples et lumineuses. Un v\u00e9ritable \u00ab\u00a0sommet\u00a0\u00bb de la musique de chambre de BEETHOVEN !<\/strong><\/h4>\n<div id=\"attachment_17097\" style=\"width: 500px\" class=\"wp-caption aligncenter\"><img loading=\"lazy\" decoding=\"async\" aria-describedby=\"caption-attachment-17097\" class=\"wp-image-17097\" src=\"https:\/\/ritmy.fr\/essais\/wp-content\/uploads\/2017\/11\/IMG_0760-2.jpg\" alt=\"\" width=\"500\" height=\"375\" srcset=\"https:\/\/ritmy.fr\/essais\/wp-content\/uploads\/2017\/11\/IMG_0760-2.jpg 3454w, https:\/\/ritmy.fr\/essais\/wp-content\/uploads\/2017\/11\/IMG_0760-2-300x225.jpg 300w, https:\/\/ritmy.fr\/essais\/wp-content\/uploads\/2017\/11\/IMG_0760-2-768x576.jpg 768w, https:\/\/ritmy.fr\/essais\/wp-content\/uploads\/2017\/11\/IMG_0760-2-1000x750.jpg 1000w\" sizes=\"auto, (max-width: 500px) 100vw, 500px\" \/><p id=\"caption-attachment-17097\" class=\"wp-caption-text\">Pr\u00e9cision et virtuosit\u00e9 !<\/p><\/div>\n<h4>Le public, enthousiaste, a r\u00e9serv\u00e9 une <strong>belle et longue ovation aux deux artistes virtuoses<\/strong> qui nous ont offert en bis une tr\u00e8s belle pi\u00e8ce de <strong>Tcha\u00efkovsky<\/strong>, le<strong><span class=\"_1fHNK\">\u00a0<\/span><span class=\"_1fHNK\">&lsquo;<\/span><span class=\"_1fHNK\">Pezzo Capriccioso&rsquo; op.62 pour violoncelle et piano, <\/span><\/strong><span class=\"_1fHNK\">pi\u00e8ce virtuose s&rsquo;il en est&#8230; que <\/span><strong><span class=\"_1fHNK\"><span style=\"color: #333399;\">Xavier PHILLIPS<\/span>\u00a0<\/span><\/strong><span class=\"_1fHNK\">nous\u00a0<\/span><span class=\"_1fHNK\">a magistralement interpr\u00e9t\u00e9e avec son comp\u00e8re !<\/span><\/h4>\n<div id=\"attachment_17098\" style=\"width: 480px\" class=\"wp-caption aligncenter\"><img loading=\"lazy\" decoding=\"async\" aria-describedby=\"caption-attachment-17098\" class=\"wp-image-17098\" src=\"https:\/\/ritmy.fr\/essais\/wp-content\/uploads\/2017\/11\/IMG_0745-2.jpg\" alt=\"\" width=\"480\" height=\"360\" srcset=\"https:\/\/ritmy.fr\/essais\/wp-content\/uploads\/2017\/11\/IMG_0745-2.jpg 3178w, https:\/\/ritmy.fr\/essais\/wp-content\/uploads\/2017\/11\/IMG_0745-2-300x225.jpg 300w, https:\/\/ritmy.fr\/essais\/wp-content\/uploads\/2017\/11\/IMG_0745-2-768x576.jpg 768w, https:\/\/ritmy.fr\/essais\/wp-content\/uploads\/2017\/11\/IMG_0745-2-1000x750.jpg 1000w\" sizes=\"auto, (max-width: 480px) 100vw, 480px\" \/><p id=\"caption-attachment-17098\" class=\"wp-caption-text\">Ovations m\u00e9rit\u00e9es !<\/p><\/div>\n<h4>Ils ont ensuite \u00e9t\u00e9 sollicit\u00e9s pour de nombreuses d\u00e9dicaces de CD, et ont dialogu\u00e9 avec les spectateurs.<\/h4>\n<div id=\"attachment_17099\" style=\"width: 210px\" class=\"wp-caption alignright\"><img loading=\"lazy\" decoding=\"async\" aria-describedby=\"caption-attachment-17099\" class=\"wp-image-17099\" src=\"https:\/\/ritmy.fr\/essais\/wp-content\/uploads\/2017\/11\/IMG_0750-2.jpg\" alt=\"\" width=\"210\" height=\"280\" srcset=\"https:\/\/ritmy.fr\/essais\/wp-content\/uploads\/2017\/11\/IMG_0750-2.jpg 3000w, https:\/\/ritmy.fr\/essais\/wp-content\/uploads\/2017\/11\/IMG_0750-2-225x300.jpg 225w, https:\/\/ritmy.fr\/essais\/wp-content\/uploads\/2017\/11\/IMG_0750-2-768x1024.jpg 768w, https:\/\/ritmy.fr\/essais\/wp-content\/uploads\/2017\/11\/IMG_0750-2-750x1000.jpg 750w\" sizes=\"auto, (max-width: 210px) 100vw, 210px\" \/><p id=\"caption-attachment-17099\" class=\"wp-caption-text\">Un instrument \u00ab\u00a0historique !<\/p><\/div>\n<h4><\/h4>\n<h4 style=\"text-align: justify;\">Et chacun a pu admirer longuement cet <strong>instrument \u00ab\u00a0historique\u00a0\u00bb,<\/strong> que <span style=\"color: #333399;\"><strong>Xavier PHILLIPS<\/strong> <\/span>joue superbement, avec ses sonorit\u00e9s remarquables, chaudes et profondes.<\/h4>\n<h4 style=\"text-align: justify;\">Quand on sait que<strong> ce violoncelle est \u00ab\u00a0n\u00e9\u00a0\u00bb des mains expertes du c\u00e9l\u00e8bre<\/strong><strong>\u00a0luthier italien Matteo GOFFRILLER, qui l&rsquo;a fabriqu\u00e9 en 1710,<\/strong> on est plein d&rsquo;admiration et de respect pour celui qui le fait \u00ab\u00a0vibrer\u00a0\u00bb magnifiquement avec ces sonates, mais aussi bien s\u00fbr pour l&rsquo;immense talent de celui qui les a compos\u00e9es&#8230;<\/h4>\n<p>&nbsp;<\/p>\n<p>&nbsp;<\/p>\n<p>&nbsp;<\/p>\n<h5><strong><em>Pour prolonger notre plaisir, \u00e9coutons les dans le tr\u00e8s beau 1er mouvement &lsquo;Allegro con brio&rsquo; de la Sonate n\u00b0 5 en r\u00e9 majeur de Beethoven, magnifique&#8230;<\/em><\/strong><\/h5>\n<p>&nbsp;<\/p>\n<p><iframe loading=\"lazy\" src=\"https:\/\/www.youtube.com\/embed\/xUUHE2OKvls?rel=0\" width=\"560\" height=\"315\" frameborder=\"0\" allowfullscreen=\"allowfullscreen\"><\/iframe><\/p>\n<h3 style=\"text-align: justify;\"><strong>Mais n&rsquo;oubliez pas\u00a0<\/strong><strong>que nous pourrons bient\u00f4t retrouver\u00a0<\/strong><strong><span style=\"color: #333399;\">Fran\u00e7ois-Fr\u00e9d\u00e9ric GUY<span style=\"color: #333333;\">\u00a0en r\u00e9cital pour le 2i\u00e8me concert de sa &lsquo;carte blanche&rsquo;.<\/span><\/span><\/strong><strong><span style=\"color: #333399;\"><span style=\"color: #333333;\"> Il a pr\u00e9vu un<\/span><\/span>\u00a0tr\u00e8s beau programme de sonates pour piano de Beethoven et Brahms, ses deux compositeurs de pr\u00e9dilection.<\/strong><\/h3>\n<div id=\"attachment_17100\" style=\"width: 420px\" class=\"wp-caption aligncenter\"><img loading=\"lazy\" decoding=\"async\" aria-describedby=\"caption-attachment-17100\" class=\"wp-image-17100\" src=\"https:\/\/ritmy.fr\/essais\/wp-content\/uploads\/2017\/11\/P1140087.jpg\" alt=\"\" width=\"420\" height=\"315\" srcset=\"https:\/\/ritmy.fr\/essais\/wp-content\/uploads\/2017\/11\/P1140087.jpg 2304w, https:\/\/ritmy.fr\/essais\/wp-content\/uploads\/2017\/11\/P1140087-300x225.jpg 300w, https:\/\/ritmy.fr\/essais\/wp-content\/uploads\/2017\/11\/P1140087-768x576.jpg 768w, https:\/\/ritmy.fr\/essais\/wp-content\/uploads\/2017\/11\/P1140087-1000x750.jpg 1000w\" sizes=\"auto, (max-width: 420px) 100vw, 420px\" \/><p id=\"caption-attachment-17100\" class=\"wp-caption-text\">Fran\u00e7ois-Fr\u00e9d\u00e9ric GUY sera le 10 d\u00e9cembre en r\u00e9cital \u00e0 M\u00e9r\u00e9 !<\/p><\/div>\n<h3 style=\"text-align: justify;\"><strong>Pour nos nombreux fid\u00e8les,<\/strong> <strong>une occasion suppl\u00e9mentaire d&rsquo;admirer tout le talent de ce pianiste d&rsquo;exception, certainement un des plus grands en France actuellement.<\/strong><\/h3>\n<h3><strong><span style=\"color: #ff0000;\">Ce sera<\/span> <span style=\"color: #ff0000;\">\u00e0\u00a0<\/span><\/strong><span style=\"color: #ff0000;\"><strong>M\u00c9R\u00c9<\/strong><\/span><strong><span style=\"color: #ff0000;\">, en l&rsquo;\u00e9glise Saint Denis, le dimanche 10 d\u00e9cembre prochain \u00e0 17h.<\/span><\/strong><\/h3>\n<h3><strong>Toutes les informations sur ce 2i\u00e8me concert, et des vid\u00e9os, dans notre <span style=\"text-decoration: underline;\"><em><span style=\"color: #3366ff; text-decoration: underline;\">article de<\/span><\/em><\/span><span style=\"color: #3366ff;\"><a style=\"color: #3366ff;\" href=\"https:\/\/ritmy.fr\/essais\/f-f-guy-a-mere\/\" target=\"_blank\" rel=\"noopener\"><em><span style=\"text-decoration: underline;\">\u00a0PR<\/span><\/em><\/a><\/span><\/strong><span style=\"color: #3366ff;\"><em><span style=\"text-decoration: underline;\"><strong>\u00c9<\/strong><\/span><\/em><strong><em><span style=\"text-decoration: underline;\">SENTATION<\/span><\/em>.<\/strong><\/span><\/h3>\n<h3><strong>Mais un conseil, r\u00e9servez vite vos places&#8230;<\/strong><\/h3>\n","protected":false},"excerpt":{"rendered":"<p>Gros succ\u00e8s pour Fran\u00e7ois-Fr\u00e9d\u00e9ric GUY et Xavier PHILLIPS qui se produisaient ce dimanche 19 novembre 2017 en l&rsquo;\u00e9glise Saint-Nicolas de Neauphle-le-Ch\u00e2teau ! C&rsquo;est dans une \u00e9glise comble et un public conquis que le pianiste Fran\u00e7ois-Fr\u00e9d\u00e9ric GUY, pour le 1er\u00a0concert de sa &lsquo;carte blanche&lsquo;, a jou\u00e9 avec son complice le violoncelliste Xavier PHILLIPS. Avec trois magnifiques &hellip; <\/p>\n<p><a class=\"more-link btn\" href=\"https:\/\/ritmy.fr\/essais\/prestigieux-duo-a-neauphle\/\">Lire la suite<\/a><\/p>\n","protected":false},"author":4,"featured_media":0,"comment_status":"closed","ping_status":"closed","sticky":false,"template":"","format":"standard","meta":{"footnotes":""},"categories":[3,4,5,6,1],"tags":[278,264,64,277,12,279,281,199],"class_list":["post-17074","post","type-post","status-publish","format-standard","hentry","category-les-oeuvres","category-concerts","category-dans-les-yvelines","category-les-musiciens","category-ritmy","tag-beethoven","tag-guy","tag-neauphle","tag-phillips","tag-piano","tag-sonate","tag-tchaikovski","tag-violoncelle","nodate","item-wrap"],"_links":{"self":[{"href":"https:\/\/ritmy.fr\/essais\/wp-json\/wp\/v2\/posts\/17074","targetHints":{"allow":["GET"]}}],"collection":[{"href":"https:\/\/ritmy.fr\/essais\/wp-json\/wp\/v2\/posts"}],"about":[{"href":"https:\/\/ritmy.fr\/essais\/wp-json\/wp\/v2\/types\/post"}],"author":[{"embeddable":true,"href":"https:\/\/ritmy.fr\/essais\/wp-json\/wp\/v2\/users\/4"}],"replies":[{"embeddable":true,"href":"https:\/\/ritmy.fr\/essais\/wp-json\/wp\/v2\/comments?post=17074"}],"version-history":[{"count":36,"href":"https:\/\/ritmy.fr\/essais\/wp-json\/wp\/v2\/posts\/17074\/revisions"}],"predecessor-version":[{"id":17156,"href":"https:\/\/ritmy.fr\/essais\/wp-json\/wp\/v2\/posts\/17074\/revisions\/17156"}],"wp:attachment":[{"href":"https:\/\/ritmy.fr\/essais\/wp-json\/wp\/v2\/media?parent=17074"}],"wp:term":[{"taxonomy":"category","embeddable":true,"href":"https:\/\/ritmy.fr\/essais\/wp-json\/wp\/v2\/categories?post=17074"},{"taxonomy":"post_tag","embeddable":true,"href":"https:\/\/ritmy.fr\/essais\/wp-json\/wp\/v2\/tags?post=17074"}],"curies":[{"name":"wp","href":"https:\/\/api.w.org\/{rel}","templated":true}]}}