{"id":16944,"date":"2017-10-20T14:00:22","date_gmt":"2017-10-20T13:00:22","guid":{"rendered":"http:\/\/ritmy.fr\/essais\/?p=16944"},"modified":"2018-04-03T08:30:50","modified_gmt":"2018-04-03T07:30:50","slug":"xavier-phillips-et-rostropovitch","status":"publish","type":"post","link":"https:\/\/ritmy.fr\/essais\/xavier-phillips-et-rostropovitch\/","title":{"rendered":"Xavier PHILLIPS&#8230; disciple de ROSTROPOVITCH"},"content":{"rendered":"<h2 style=\"text-align: center;\"><span style=\"color: #333399;\"><strong>Xavier PHILLIPS sera avec Fran\u00e7ois-Fr\u00e9d\u00e9ric GUY en concert<\/strong><\/span><\/h2>\n<h2 style=\"text-align: center;\"><span style=\"color: #333399;\"><strong> le Dimanche 19 novembre \u00e0 Neauphle-le-Ch\u00e2teau.<\/strong><\/span><\/h2>\n<h3 style=\"text-align: justify;\"><span style=\"color: #333399;\"><strong>Nous vous avons d\u00e9j\u00e0 pr\u00e9sent\u00e9 ces deux immenses interpr\u00e8tes, complices de sc\u00e8ne et de disque, et le programme qu&rsquo;il vont nous offrir, des sonates pour violoncelle et piano de Beethoven.<\/strong><\/span><\/h3>\n<h3 style=\"text-align: justify;\"><span style=\"color: #333399;\"><strong>Mais attardons nous un peu sur Xavier PHILLIPS pour mieux le conna\u00eetre, en vid\u00e9os, et pour revenir sur son prestigieux mentor\u00a0<\/strong><strong>Mstislav Rostropovitch.<\/strong><\/span><\/h3>\n<h4 style=\"text-align: justify;\"><strong>Musicien pr\u00e9coce, <span style=\"color: #333399;\">Xavier PHILLIPS<\/span> a tr\u00e8s vite obtenu la reconnaissance de ses pairs.\u00a0<\/strong><span style=\"color: #333399;\"><strong>Mais, \u00e9tape importante dans son parcours artistique, <span style=\"text-decoration: underline;\">il remporte un 3\u00e8me prix et un Prix sp\u00e9cial au<\/span><\/strong><span style=\"text-decoration: underline;\"> <strong>Concours Rostropovitch<\/strong> <strong>\u00e0 Paris et est remarqu\u00e9 par le grand ma\u00eetre russe<\/strong><\/span>.<\/span><\/h4>\n<h4 style=\"text-align: justify;\"><strong><span style=\"text-decoration: underline;\">Sa rencontre avec Mstislav Rostropovitch est d\u00e9terminante<\/span> et marque le d\u00e9but d\u2019une longue collaboration au cours de laquelle <span style=\"color: #333399;\">Xavier PHILLIPS<\/span> se perfectionne aupr\u00e8s du ma\u00eetre, qui va aussi l\u2019inviter r\u00e9guli\u00e8rement \u00e0 jouer en tant que soliste, sous sa direction.<\/strong><\/h4>\n<h4 style=\"text-align: justify;\"><strong>Au violoncelle, depuis 60 ans, la r\u00e9f\u00e9rence \u00e9tait et reste l\u2019immense Rostropovitch, disparu il y a dix ans maintenant (2007). <span style=\"text-decoration: underline;\"><span style=\"color: #333399; text-decoration: underline;\">Le grand soliste Xavier PHILLIPS fut l\u2019un de ses \u00e9l\u00e8ves, mieux : son disciple<\/span><\/span>.\u00a0<\/strong><strong>Pendant 17 ans\u00a0<\/strong><strong>Mstislav Rostropovitch a \u00e9t\u00e9 son mentor et son ami.<\/strong><\/h4>\n<h4 style=\"text-align: justify;\"><strong>Depuis plus de vingt ans, <span style=\"color: #333399;\">Xavier PHILLIPS<\/span> poursuit une brillante carri\u00e8re de soliste international aux c\u00f4t\u00e9s des plus grands chefs, et de grands compositeurs, comme Henri Dutilleux.\u00a0<\/strong><strong>Sa carri\u00e8re se d\u00e9veloppe autour des concerts, des enregistrements et de l\u2019enseignement.<\/strong><\/h4>\n<h4><em>Retrouvez plus d&rsquo;informations sur son parcours dans notre autre<\/em> <a href=\"https:\/\/ritmy.fr\/essais\/ff-guy-et-x-phillips-a-neauphle\/\" target=\"_blank\" rel=\"noopener\"><span style=\"text-decoration: underline;\"><em><strong>ARTICLE<\/strong><\/em><\/span><\/a>.<\/h4>\n<p>&nbsp;<\/p>\n<div id=\"attachment_16984\" style=\"width: 500px\" class=\"wp-caption aligncenter\"><img loading=\"lazy\" decoding=\"async\" aria-describedby=\"caption-attachment-16984\" class=\"wp-image-16984\" src=\"https:\/\/ritmy.fr\/essais\/wp-content\/uploads\/2017\/10\/Xavier-Phillips-1-copie.jpg\" alt=\"\" width=\"500\" height=\"334\" srcset=\"https:\/\/ritmy.fr\/essais\/wp-content\/uploads\/2017\/10\/Xavier-Phillips-1-copie.jpg 1000w, https:\/\/ritmy.fr\/essais\/wp-content\/uploads\/2017\/10\/Xavier-Phillips-1-copie-300x200.jpg 300w, https:\/\/ritmy.fr\/essais\/wp-content\/uploads\/2017\/10\/Xavier-Phillips-1-copie-768x512.jpg 768w\" sizes=\"auto, (max-width: 500px) 100vw, 500px\" \/><p id=\"caption-attachment-16984\" class=\"wp-caption-text\">Xavier PHILLIPS (photo Caroline Doutre)<\/p><\/div>\n<p>&nbsp;<\/p>\n<h4 style=\"text-align: justify;\"><strong>Depuis 2011 <span style=\"color: #333399;\">Xavier PHILLIPS<\/span> participe aux projets de l\u2019ensemble &lsquo;Les Dissonances&rsquo; cr\u00e9\u00e9 par David Grimal. C\u2019est avec cette formation qu\u2019il a enregistr\u00e9 un <span style=\"color: #333399;\">disque Chostakovitch<\/span>, assorti d\u2019un livre d\u2019explications et de souvenirs o\u00f9 il \u00e9voque largement <span style=\"color: #333399;\">Rostropovitch<\/span> qui fut l\u2019ami, l\u2019\u00e9l\u00e8ve et le grand interpr\u00e8te de Chostakovitch, qui lui a d&rsquo;ailleurs d\u00e9dicac\u00e9 ses deux concertos pour violoncelle.<\/strong><\/h4>\n<h4 style=\"text-align: justify;\"><em><strong>Le voici donc\u00a0<\/strong><strong>en soliste dans le <span style=\"text-decoration: underline;\"><span style=\"color: #333399; text-decoration: underline;\">C<\/span><\/span><\/strong><strong><span style=\"text-decoration: underline;\"><span style=\"color: #333399; text-decoration: underline;\">oncerto pour violoncelle no.1 en mi b\u00e9mol majeur op.107 de Chostakovitch<\/span><\/span>, interpr\u00e9t\u00e9 par l&rsquo;orchestre &lsquo;Les Dissonances&rsquo;. Magnifique partition pour le violoncelle, et magnifique prestation de <span style=\"color: #333399;\">Xavier PHILLIPS<\/span>.<\/strong><\/em><\/h4>\n<p>&nbsp;<\/p>\n<p><iframe loading=\"lazy\" src=\"https:\/\/www.youtube.com\/embed\/aBAULEKLv-0?rel=0\" width=\"560\" height=\"315\" frameborder=\"0\" allowfullscreen=\"allowfullscreen\"><\/iframe><\/p>\n<h4 style=\"text-align: justify;\"><em><strong>Maintenant dans un passage plus calme et apaisant, du <span style=\"text-decoration: underline;\"><span style=\"color: #333399; text-decoration: underline;\">Concerto pour violoncelle en mi mineur, Op. 85 de Edward ELGAR<\/span><\/span>, avec le Seattle Symphony Orchestra dirig\u00e9 par Ludovic Morlot.<\/strong><\/em><\/h4>\n<p>&nbsp;<\/p>\n<p><iframe loading=\"lazy\" src=\"https:\/\/www.youtube.com\/embed\/d44DbNQ81cM?rel=0\" width=\"560\" height=\"315\" frameborder=\"0\" allowfullscreen=\"allowfullscreen\"><\/iframe><\/p>\n<p>&nbsp;<\/p>\n<h4 style=\"text-align: justify;\"><span style=\"color: #333399;\"><strong>Xavier PHILLIPS<\/strong>\u00a0<\/span><span style=\"color: #008000;\">a tr\u00e8s r\u00e9cemment jou\u00e9, le <strong>jeudi 19 octobre 2017,<\/strong> avec l&rsquo;<strong>Orchestre National de France <\/strong>sous la direction de<strong> Marek Janowski<\/strong>\u00a0la magnifique\u00a0<strong><span style=\"text-decoration: underline;\"><em>&lsquo;<span style=\"color: #333399; text-decoration: underline;\">Symphonie concertante pour violoncelle et orchestre&rsquo;\u00a0\u00a0<\/span><\/em><span style=\"color: #333399; text-decoration: underline;\">de\u00a0Serge PROKOFIEV<\/span><\/span>.<\/strong><\/span><\/h4>\n<h4><span style=\"color: #008000;\"><strong><u>Prestation \u00e9poustouflante\u00a0de <span style=\"color: #333399;\">Xavier PHILLIPS<\/span>, \u00e0 r\u00e9\u00e9couter<\/u>\u00a0<em>sur France Musique (les 55 premi\u00e8res minutes, incluant une interview de X.Phillips) :<\/em><\/strong>\u00a0<\/span> <strong><a href=\"https:\/\/www.francemusique.fr\/emissions\/le-concert-du-soir\/le-concert-de-20h-du-jeudi-19-octobre-2017-37328\" target=\"_blank\" rel=\"noopener\"><em>h<span style=\"text-decoration: underline;\">ttps:\/\/www.francemusique.fr\/emissions\/le-concert-du-soir\/le-concert-de-20h-du-jeudi-19-octobre-2017-37328<\/span><\/em><\/a><\/strong><\/h4>\n<h4><\/h4>\n<h4 style=\"text-align: justify;\"><em><strong>Et puisqu&rsquo;il nous interpr\u00e8tera avec <span style=\"color: #333399;\">Fran\u00e7ois-Fr\u00e9d\u00e9ric GUY<\/span>\u00a0des sonates pour violoncelle et piano de <span style=\"color: #333399;\">Beethoven<\/span>, \u00e9coutons le dans la\u00a0<span style=\"text-decoration: underline;\"><span style=\"color: #333399; text-decoration: underline;\">Sonate pour Violoncelle et Piano N\u00b0 2 en sol mineur Op. 5<\/span><\/span><\/strong><\/em><\/h4>\n<h4 style=\"text-align: justify;\"><em><strong>Il \u00e9tait accompagn\u00e9 au piano par Alexander Paley, c&rsquo;\u00e9tait au Forest Hill Musical Days Festival de San Francisco, le 30 Ao\u00fbt 2009 :<\/strong><\/em><\/h4>\n<p>&nbsp;<\/p>\n<p><iframe loading=\"lazy\" src=\"https:\/\/www.youtube.com\/embed\/gql4oDODsbk?rel=0\" width=\"560\" height=\"315\" frameborder=\"0\" allowfullscreen=\"allowfullscreen\"><\/iframe><\/p>\n<p>&nbsp;<\/p>\n<h4 style=\"text-align: justify;\"><strong>Terminons par un souvenir \u00e9mouvant de <span style=\"color: #333399;\">ROSTROPOVITCH<\/span>, c&rsquo;\u00e9tait le 11 novembre 1989 devant le mur de Berlin qui venait se s&rsquo; \u00ab\u00a0ouvrir\u00a0\u00bb, tout le monde se souvient de cet \u00e9v\u00e8nement&#8230;\u00a0<\/strong><\/h4>\n<p>&nbsp;<\/p>\n<p><iframe loading=\"lazy\" src=\"https:\/\/www.youtube.com\/embed\/FiwXUJJjL6g?rel=0\" width=\"560\" height=\"315\" frameborder=\"0\" allowfullscreen=\"allowfullscreen\"><\/iframe><\/p>\n<h3><\/h3>\n<h3 style=\"text-align: justify;\"><span style=\"color: #ff0000;\"><strong>Un conseil, venez \u00e9couter et admirer\u00a0<span style=\"color: #333399;\">Xavier PHILLIPS et Fran\u00e7ois-Fr\u00e9d\u00e9ric GUY<\/span> lors de notre concert du <span style=\"color: #333399;\">dimanche 19 novembre \u00e0 Neauphle-le-Ch\u00e2teau, \u00e0 17h. en l&rsquo;Eglise Saint-Nicolas<\/span>.<\/strong><\/span><\/h3>\n<h3 style=\"text-align: justify;\"><span style=\"color: #ff0000;\"><strong>Ils nous interpr\u00e8teront donc des Sonates pour violoncelle et piano de Beethoven, les tr\u00e8s belles n\u00b0 3, 4 et 5.<\/strong><\/span><\/h3>\n<h3 style=\"text-align: justify;\"><span style=\"color: #ff0000;\"><strong>Avec ces 2 virtuoses, ce sera un vrai r\u00e9gal !<\/strong><\/span><\/h3>\n<h3 style=\"text-align: justify;\"><span style=\"color: #ff0000;\"><strong><span style=\"color: #333333;\"><em>Tous les d\u00e9tails dans cet<\/em><\/span> <a href=\"https:\/\/ritmy.fr\/essais\/ff-guy-et-x-phillips-a-neauphle\/\" target=\"_blank\" rel=\"noopener\"><span style=\"text-decoration: underline;\"><em>ARTICLE<\/em><\/span><\/a><span style=\"color: #333333;\">.<\/span><\/strong><\/span><\/h3>\n<h3 style=\"text-align: justify;\"><span style=\"color: #ff0000;\"><strong>Il est prudent de r\u00e9server vos places \u00e0 l&rsquo;avance, vous pouvez le faire dans notre rubrique <a href=\"https:\/\/ritmy.fr\/essais\/reserver\/vos-billets\/\" target=\"_blank\" rel=\"noopener\"><span style=\"text-decoration: underline;\"><em>RESERVER<\/em><\/span><\/a>.<\/strong><\/span><\/h3>\n<h3 style=\"text-align: justify;\"><span style=\"color: #ff0000;\"><strong>A tr\u00e8s bient\u00f4t&#8230;<\/strong><\/span><\/h3>\n<p>&nbsp;<\/p>\n","protected":false},"excerpt":{"rendered":"<p>Xavier PHILLIPS sera avec Fran\u00e7ois-Fr\u00e9d\u00e9ric GUY en concert le Dimanche 19 novembre \u00e0 Neauphle-le-Ch\u00e2teau. Nous vous avons d\u00e9j\u00e0 pr\u00e9sent\u00e9 ces deux immenses interpr\u00e8tes, complices de sc\u00e8ne et de disque, et le programme qu&rsquo;il vont nous offrir, des sonates pour violoncelle et piano de Beethoven. Mais attardons nous un peu sur Xavier PHILLIPS pour mieux le &hellip; <\/p>\n<p><a class=\"more-link btn\" href=\"https:\/\/ritmy.fr\/essais\/xavier-phillips-et-rostropovitch\/\">Lire la suite<\/a><\/p>\n","protected":false},"author":3,"featured_media":0,"comment_status":"closed","ping_status":"closed","sticky":false,"template":"","format":"standard","meta":{"footnotes":""},"categories":[3,4,6,1],"tags":[202,277,199],"class_list":["post-16944","post","type-post","status-publish","format-standard","hentry","category-les-oeuvres","category-concerts","category-les-musiciens","category-ritmy","tag-chostakovitch","tag-phillips","tag-violoncelle","nodate","item-wrap"],"_links":{"self":[{"href":"https:\/\/ritmy.fr\/essais\/wp-json\/wp\/v2\/posts\/16944","targetHints":{"allow":["GET"]}}],"collection":[{"href":"https:\/\/ritmy.fr\/essais\/wp-json\/wp\/v2\/posts"}],"about":[{"href":"https:\/\/ritmy.fr\/essais\/wp-json\/wp\/v2\/types\/post"}],"author":[{"embeddable":true,"href":"https:\/\/ritmy.fr\/essais\/wp-json\/wp\/v2\/users\/3"}],"replies":[{"embeddable":true,"href":"https:\/\/ritmy.fr\/essais\/wp-json\/wp\/v2\/comments?post=16944"}],"version-history":[{"count":42,"href":"https:\/\/ritmy.fr\/essais\/wp-json\/wp\/v2\/posts\/16944\/revisions"}],"predecessor-version":[{"id":17024,"href":"https:\/\/ritmy.fr\/essais\/wp-json\/wp\/v2\/posts\/16944\/revisions\/17024"}],"wp:attachment":[{"href":"https:\/\/ritmy.fr\/essais\/wp-json\/wp\/v2\/media?parent=16944"}],"wp:term":[{"taxonomy":"category","embeddable":true,"href":"https:\/\/ritmy.fr\/essais\/wp-json\/wp\/v2\/categories?post=16944"},{"taxonomy":"post_tag","embeddable":true,"href":"https:\/\/ritmy.fr\/essais\/wp-json\/wp\/v2\/tags?post=16944"}],"curies":[{"name":"wp","href":"https:\/\/api.w.org\/{rel}","templated":true}]}}