{"id":16845,"date":"2017-11-21T14:00:16","date_gmt":"2017-11-21T13:00:16","guid":{"rendered":"http:\/\/ritmy.fr\/essais\/?p=16845"},"modified":"2018-10-07T13:48:36","modified_gmt":"2018-10-07T12:48:36","slug":"f-f-guy-a-mere","status":"publish","type":"post","link":"https:\/\/ritmy.fr\/essais\/f-f-guy-a-mere\/","title":{"rendered":"R\u00e9cital de piano Fran\u00e7ois-Fr\u00e9d\u00e9ric GUY, \u00e0 M\u00e9r\u00e9 le 10 d\u00e9cembre 2017"},"content":{"rendered":"<h1 style=\"text-align: center;\"><span style=\"color: #333399;\"><strong>Fran\u00e7ois-Fr\u00e9d\u00e9ric GUY<\/strong><\/span><\/h1>\n<h1 style=\"text-align: center;\"><strong style=\"color: #333399;\"><i>R\u00e9cital de Piano<\/i><\/strong><\/h1>\n<h1 style=\"text-align: center;\"><strong style=\"color: #333399; font-size: 20px;\">\u00e0<span style=\"color: #333399;\">\u00a0<\/span><\/strong><span style=\"color: #333399;\"><strong>M\u00c9R\u00c9<\/strong><\/span><strong style=\"color: #333399; font-size: 20px;\">, le Dimanche\u00a010 d\u00e9cembre 2017,\u00a0<\/strong><span style=\"color: #333399;\"><strong>\u00e0 17h00 &#8211;\u00a0<\/strong><strong>Eglise Saint-Denis<\/strong><\/span><\/h1>\n<h3><\/h3>\n<h3><span style=\"color: #333399;\"><strong>Nous avons donn\u00e9 <em>\u2018Carte blanche\u2019<\/em> au grand pianiste Fran\u00e7ois-Fr\u00e9d\u00e9ric GUY, pour 2 concerts.<\/strong><\/span><\/h3>\n<h3 style=\"text-align: justify;\"><span style=\"color: #333399;\"><strong>Pour son premier concert,\u00a0<\/strong><\/span><span style=\"color: #333399;\"><strong>le\u00a0<\/strong><strong>19 novembre \u00e0 Neauphle-le-Ch\u00e2teau,\u00a0<\/strong><\/span><span style=\"color: #333399;\"><strong>il avait invit\u00e9 son complice le violoncelliste<\/strong><strong> Xavier Phillips\u00a0<\/strong><strong>et ils ont v\u00e9ritablement enthousiasm\u00e9 le nombreux public !\u00a0 (<em>voir notre autre<\/em> <a href=\"https:\/\/ritmy.fr\/essais\/prestigieux-duo-a-neauphle\/\" target=\"_blank\" rel=\"noopener\"><em><span style=\"text-decoration: underline;\">ARTICLE<\/span><\/em><\/a>).\u00a0<\/strong><\/span><\/h3>\n<h3 style=\"text-align: justify;\"><span style=\"color: #333399;\"><strong>Pour son second concert il donnera un <span style=\"text-decoration: underline;\">r\u00e9cital de\u00a0piano, \u00e0 M\u00e9r\u00e9 le 10 d\u00e9cembre<\/span>.<\/strong><\/span><\/h3>\n<div id=\"attachment_16848\" style=\"width: 430px\" class=\"wp-caption aligncenter\"><img loading=\"lazy\" decoding=\"async\" aria-describedby=\"caption-attachment-16848\" class=\"wp-image-16848\" src=\"https:\/\/ritmy.fr\/essais\/wp-content\/uploads\/2017\/10\/Francois-Frederic-Guy-C.Doutre-2.jpg\" alt=\"\" width=\"430\" height=\"324\" srcset=\"https:\/\/ritmy.fr\/essais\/wp-content\/uploads\/2017\/10\/Francois-Frederic-Guy-C.Doutre-2.jpg 522w, https:\/\/ritmy.fr\/essais\/wp-content\/uploads\/2017\/10\/Francois-Frederic-Guy-C.Doutre-2-300x226.jpg 300w\" sizes=\"auto, (max-width: 430px) 100vw, 430px\" \/><p id=\"caption-attachment-16848\" class=\"wp-caption-text\">Fran\u00e7ois-Fr\u00e9d\u00e9ric GUY (photo Caroline Doutre)<\/p><\/div>\n<p>&nbsp;<\/p>\n<p style=\"text-align: justify;\">Pianiste exceptionnel,\u00a0<strong><span style=\"color: #333399;\">Fran\u00e7ois-Fr\u00e9d\u00e9ric GUY<\/span>\u00a0<\/strong>est consid\u00e9r\u00e9 comme <strong>un\u00a0sp\u00e9cialiste du r\u00e9pertoire romantique allemand<\/strong>,<strong>\u00a0<\/strong>et en particulier<strong>\u00a0l&rsquo;un des meilleurs\u00a0interpr\u00e8tes de notre temps pour la\u00a0musique de <span style=\"color: #333399;\">Beethoven<\/span>.<\/strong><\/p>\n<p style=\"text-align: justify;\">Compositeur dont il a enregistr\u00e9 les 32 sonates, l&rsquo;int\u00e9grale de la musique de chambre avec\u00a0<strong>Tedi PAPAVRAMI<\/strong> au violon\u00a0et <span style=\"color: #333399;\"><strong>Xavier PHILLIPS<\/strong><\/span> au violoncelle, ainsi que les 5 concertos avec l&rsquo;Orchestre Philharmonique de Radio-France dirig\u00e9 par <strong>Philippe JORDAN<\/strong>.<\/p>\n<div id=\"attachment_16863\" style=\"width: 311px\" class=\"wp-caption alignleft\"><img loading=\"lazy\" decoding=\"async\" aria-describedby=\"caption-attachment-16863\" class=\"wp-image-16863\" src=\"https:\/\/ritmy.fr\/essais\/wp-content\/uploads\/2017\/10\/FF-Guy-10-copie.jpeg\" alt=\"\" width=\"311\" height=\"400\" srcset=\"https:\/\/ritmy.fr\/essais\/wp-content\/uploads\/2017\/10\/FF-Guy-10-copie.jpeg 637w, https:\/\/ritmy.fr\/essais\/wp-content\/uploads\/2017\/10\/FF-Guy-10-copie-233x300.jpeg 233w\" sizes=\"auto, (max-width: 311px) 100vw, 311px\" \/><p id=\"caption-attachment-16863\" class=\"wp-caption-text\">Fran\u00e7ois-Fr\u00e9d\u00e9ric GUY \u00e0 la Roque d&rsquo;Anth\u00e9ron<\/p><\/div>\n<p>&nbsp;<\/p>\n<p style=\"text-align: justify;\">Apr\u00e8s des \u00e9tudes au <strong>CNSM de Paris<\/strong>, aupr\u00e8s de Dominique Merlet, il se lance en 1999 dans une carri\u00e8re de concertiste.<\/p>\n<p style=\"text-align: justify;\">On a pu l\u2019entendre depuis sur les\u00a0<strong>sc\u00e8nes les plus prestigieuses<\/strong>, en France, \u00e0 Vienne, Dresde, aux USA, au Canada, \u00e0 Tokyo\u2026<\/p>\n<p style=\"text-align: justify;\">ll m\u00e8ne <strong>une carri\u00e8re internationale<\/strong> aux c\u00f4t\u00e9s des\u00a0<strong>plus grands chefs<\/strong>\u00a0(Philippe Jordan, Wolfgang Sawallish, Bernard Haitink, Daniel Harding, Esa-Pekka Salonen, Kent Nagano\u2026).<\/p>\n<p style=\"text-align: justify;\">On peut l&rsquo;entendre dans de <strong>nombreux festivals<\/strong>, en France comme \u00e0 l&rsquo;\u00e9tranger : Festival de la Roque d&rsquo;Anth\u00e9ron, Berlioz, d&rsquo;Automne \u00e0 Paris, de l&rsquo;Orangerie de Sceaux, de\u00a0Lucerne&#8230;<\/p>\n<p>&nbsp;<\/p>\n<p style=\"text-align: justify;\">Curieux de la musique de son temps, il se produit aussi r\u00e9guli\u00e8rement dans les plus importants\u00a0<strong>festivals de cr\u00e9ation<\/strong>.<\/p>\n<p>&nbsp;<\/p>\n<p>&nbsp;<\/p>\n<p>&nbsp;<\/p>\n<p>&nbsp;<\/p>\n<p>&nbsp;<\/p>\n<p style=\"text-align: justify;\">Depuis quelques ann\u00e9es il s&rsquo;oriente \u00e9galement vers la <strong>direction d&rsquo;orchestre<\/strong>, depuis son clavier, comme avec l&rsquo;Orchestre Avignon-Provence et l&rsquo;Orchestre de Chambre de Paris au Th\u00e9\u00e2tre des Champs-\u00c9lys\u00e9es.<\/p>\n<p style=\"text-align: justify;\">Aujourd\u2019hui, dans le prolongement de son <strong><em>Beethoven project<\/em><\/strong>, <span style=\"color: #333399;\"><strong>Fran\u00e7ois-Fr\u00e9d\u00e9ric GUY<\/strong> <\/span>poursuit sa qu\u00eate d\u2019absolu en se plongeant dans l\u2019\u0153uvre de\u00a0<strong>Brahms<\/strong>, dont il a enregistr\u00e9 les sonates pour piano en 2016 :\u00a0<strong><em>\u201cComplete Piano Sonatas\u201d<\/em>.<\/strong><\/p>\n<p><img loading=\"lazy\" decoding=\"async\" class=\"alignright wp-image-16862\" src=\"https:\/\/ritmy.fr\/essais\/wp-content\/uploads\/2017\/10\/Cover-Brahms-Integrale-Sonates-FFG.jpg\" alt=\"\" width=\"300\" height=\"300\" srcset=\"https:\/\/ritmy.fr\/essais\/wp-content\/uploads\/2017\/10\/Cover-Brahms-Integrale-Sonates-FFG.jpg 700w, https:\/\/ritmy.fr\/essais\/wp-content\/uploads\/2017\/10\/Cover-Brahms-Integrale-Sonates-FFG-140x140.jpg 140w, https:\/\/ritmy.fr\/essais\/wp-content\/uploads\/2017\/10\/Cover-Brahms-Integrale-Sonates-FFG-300x300.jpg 300w\" sizes=\"auto, (max-width: 300px) 100vw, 300px\" \/><\/p>\n<p><strong>Voici un extrait de la\u00a0<em>Note d\u2019intention<\/em> de son album, o\u00f9 il parle de Brahms :<\/strong><\/p>\n<p style=\"text-align: justify;\">\u00ab\u00a0<strong>Brahms<\/strong> est, apr\u00e8s <strong>Beethoven<\/strong> mon compositeur de pr\u00e9di\u00adlection. Il m&rsquo;accompagne depuis toujours et la premi\u00e8re \u0153uvre avec orchestre que j&rsquo;ai jou\u00e9e en public est son premier concerto.Le <em>Brahms Project<\/em> est avant tout con\u00e7u comme un dictionnaire amoureux du compositeur et non pas comme une int\u00e9grale exhaustive. Il est articul\u00e9 autour du piano, v\u00e9ritable d\u00e9nominateur commun d&rsquo;un parcours original associant la musique de chambre, le Lied, les concertos et le piano solo. Il se propose d&#8217;emmener le public dans un voyage au c\u0153ur du romantisme allemand. &#8230;<\/p>\n<p style=\"text-align: justify;\">&#8230; Ce piano tour \u00e0 tour abrupt et chantant, m\u00e9lodique et symphonique est d&rsquo;une telle audace et d&rsquo;une telle nouveaut\u00e9 qu&rsquo;il a fait dire \u00e0 Robert Schumann, alors qu&rsquo;il entendait les premi\u00e8res esquisses des sonates de <strong>Brahms<\/strong>\u00a0: \u00ab <em>Voici venu le nouveau proph\u00e8te de la musique allemande\u00a0<\/em>\u00bb.\u00a0\u00bb<\/p>\n<p>&nbsp;<\/p>\n<p>&nbsp;<\/p>\n<h4 style=\"text-align: justify;\"><strong>Pour son r\u00e9cital de\u00a0<span style=\"color: #333399;\">M\u00e9r\u00e9<\/span>,\u00a0 <span style=\"color: #333399;\">Fran\u00e7ois-Fr\u00e9d\u00e9ric GUY<\/span>\u00a0nous interpr\u00e8tera un<\/strong> <strong><span style=\"text-decoration: underline;\"><span style=\"color: #333399; text-decoration: underline;\">programme Beethoven et Brahms<\/span><\/span>,\u00a0ses deux compositeurs de pr\u00e9dilection<\/strong>,<strong>\u00a0en choisissant des\u00a0<\/strong><strong><span style=\"color: #333399;\">oeuvres\u00a0embl\u00e9matiques et remarquables<\/span>\u00a0<\/strong><em>(sous r\u00e9serve de modifications)\u00a0\u00a0<\/em><strong>:<\/strong><\/h4>\n<ul>\n<li>\n<h5><strong>Beethoven :\u00a0 Sonate n\u00b014 \u2018Clair de Lune\u2019 en do di\u00e8se mineur Op. 27\u00a0 (1801)<\/strong><\/h5>\n<h5 style=\"text-align: justify;\"><span style=\"text-decoration: underline;\">C&rsquo;est la plus c\u00e9l\u00e8bre de ses sonates pour piano<\/span>. Le surnom \u00ab\u00a0<em>Clair de lune\u00a0\u00bb<\/em>, sous lequel elle est connue aujourd&rsquo;hui, lui fut donn\u00e9 par le po\u00e8te allemand\u00a0Ludwig Rellstab\u00a0en\u00a01832, soit cinq ans apr\u00e8s la mort de Beethoven, il voyait dans le premier mouvement l&rsquo;\u00e9vocation d&rsquo;une \u00ab\u00a0barque au clair de lune sur le\u00a0Lac des Quatre-Cantons (en Suisse)\u00a0\u00bb.<\/h5>\n<\/li>\n<li>\n<h5><strong>Beethoven<\/strong> <strong>:\u00a0 Variations\u00a0<\/strong><strong>\u2018Eroica\u2019\u00a0<\/strong><strong>Op. 35\u00a0\u00a0(1802)<\/strong><\/h5>\n<h5 style=\"text-align: justify;\"><span style=\"text-decoration: underline;\">C&rsquo;est un cycle de quinze\u00a0variations\u00a0et une\u00a0fugue\u00a0en\u00a0mi b\u00e9mol majeur<\/span>\u00a0sur un th\u00e8me commun \u00e0 son ballet &lsquo;Les Cr\u00e9atures de Prom\u00e9th\u00e9e&rsquo;, la septi\u00e8me de ses\u00a012 Contredanses,\u00a0WoO\u00a014 (1800-1802), et \u00e0 sa\u00a0Symphonie n\u00ba 3\u00a0(compos\u00e9e un an plus tard). Compos\u00e9es en\u00a01802\u00a0\u00e0\u00a0Leipzig, elles sont d\u00e9di\u00e9es au comte Moritz von Lichnowski, fr\u00e8re du prince\u00a0Carl Alois de Lichnowsky.<\/h5>\n<\/li>\n<li>\n<h5><strong>Brahms<\/strong> <strong>:\u00a0 Sonate n\u00b03 en fa mineur Op. 5\u00a0 (1853)<\/strong><\/h5>\n<h5 style=\"text-align: justify;\">Ecrite en\u00a01853\u00a0\u00e0\u00a0D\u00fcsseldorf, <span style=\"text-decoration: underline;\">elle termine son cycle de trois\u00a0sonates, tout en \u00e9tant la plus achev\u00e9e de ces derni\u00e8res<\/span>. Elle fut pr\u00e9sent\u00e9e \u00e0\u00a0Robert Schumann\u00a0en novembre de la m\u00eame ann\u00e9e, la qualifiant de \u00ab\u00a0symphonie d\u00e9guis\u00e9e\u00a0\u00bb<sup id=\"cite_ref-1\" class=\"reference\"><\/sup>\u00a0(c&rsquo;est la seule \u0153uvre qu&rsquo;il soumit \u00e0 ce dernier pour commentaires). Elle fait partie des \u0153uvres de jeunesse du compositeur, le musicien ayant \u00e0 peine\u00a0<span class=\"nowrap\">20 ans<\/span>\u00a0lors de sa composition.\u00a0Elle comprend 5 mouvements, avec deux andantes, et dure pr\u00e8s de 40 minutes ce qui est peu courant dans ce r\u00e9pertoire.<\/h5>\n<\/li>\n<\/ul>\n<p>&nbsp;<\/p>\n<h5><em><strong>Dans l&rsquo;attente de notre concert, \u00e9coutons le dans des sonates de Beethoven.<\/strong><\/em><\/h5>\n<h5><em><span style=\"color: #333399;\"><strong>Fran\u00e7ois Fr\u00e9d\u00e9ric GUY<\/strong><\/span> interpr\u00e8te le 1er mouvement &lsquo;Adagio sostenuto&rsquo; de la <strong>Sonate\u00a0 n\u00b0 14 \u00ab\u00a0Clair de lune\u00a0\u00bb de Ludwig van Beethoven, <\/strong>qu&rsquo;il a mis \u00e0 son programme de M\u00e9r\u00e9 :<\/em><\/h5>\n<p>&nbsp;<\/p>\n<p><iframe loading=\"lazy\" src=\"https:\/\/www.youtube.com\/embed\/8nn7cdczLVg?rel=0\" width=\"560\" height=\"315\" frameborder=\"0\" allowfullscreen=\"allowfullscreen\"><\/iframe><\/p>\n<p>&nbsp;<\/p>\n<h5><em>Et ici il interpr\u00e8te une autre sonate de\u00a0<strong>Beethoven<\/strong>, la <strong>Sonate n\u00b02, 1er mouvement &lsquo;Allegro Vivace&rsquo;<\/strong> :<\/em><\/h5>\n<p>&nbsp;<\/p>\n<p><iframe loading=\"lazy\" src=\"http:\/\/www.vlive.tv\/embed\/32050?autoPlay=false\" width=\"544\" height=\"306\" frameborder=\"no\" marginwidth=\"0\" marginheight=\"0\" scrolling=\"no\" allowfullscreen=\"allowfullscreen\"><\/iframe><\/p>\n<h3><strong><em>Plus d&rsquo;informations et de vid\u00e9os sur Fran\u00e7ois-Fr\u00e9d\u00e9ric GUY, le &lsquo;beethov\u00e9nien&rsquo;, dans cet autre <span style=\"text-decoration: underline;\"><a href=\"https:\/\/ritmy.fr\/essais\/francois-frederic-guy-beethovien\/\" target=\"_blank\" rel=\"noopener\">ARTICLE<\/a><\/span>.<\/em><\/strong><\/h3>\n<h3><\/h3>\n<h3 style=\"text-align: justify;\"><span style=\"color: #333399;\"><strong>C&rsquo;est une chance de pouvoir entendre ce grand interpr\u00e8te de Beethoven et Brahms, dans un magnifique programme&#8230;<\/strong><\/span><span style=\"color: #333399;\"><strong>\u00a0qu&rsquo;il ne faut pas manquer !<\/strong><\/span><\/h3>\n<p>&nbsp;<\/p>\n<h2 style=\"text-align: justify;\"><span style=\"color: #ff0000;\"><strong><span style=\"text-decoration: underline;\">Il est fortement conseill\u00e9 de\u00a0r\u00e9server vos places sans tarder<\/span>, directement dans notre site, dans la rubrique\u00a0<em><span style=\"text-decoration: underline;\"><a href=\"https:\/\/ritmy.fr\/essais\/reserver\/vos-billets\/\" target=\"_blank\" rel=\"noopener\">RESERVER<\/a><\/span><\/em>,<\/strong><\/span><\/h2>\n<h2 style=\"text-align: justify;\"><span style=\"color: #ff0000;\"><strong> ou en appelant le 06-07-29-91-97 ou le 06-60-42-19-43 \u00a0<em>(ASCL de M\u00e9r\u00e9)<\/em><\/strong><\/span><\/h2>\n<p>&nbsp;<\/p>\n<hr \/>\n<p>&nbsp;<\/p>\n<p><img loading=\"lazy\" decoding=\"async\" class=\"wp-image-13197 alignleft\" src=\"https:\/\/ritmy.fr\/essais\/wp-content\/uploads\/2015\/11\/Logo_ASCL-JPG.jpg\" alt=\"Logo_ASCL-JPG\" width=\"221\" height=\"114\" srcset=\"https:\/\/ritmy.fr\/essais\/wp-content\/uploads\/2015\/11\/Logo_ASCL-JPG.jpg 599w, https:\/\/ritmy.fr\/essais\/wp-content\/uploads\/2015\/11\/Logo_ASCL-JPG-300x154.jpg 300w\" sizes=\"auto, (max-width: 221px) 100vw, 221px\" \/><\/p>\n<h3><span style=\"color: #666699;\"><strong>\u00a0 \u00a0 \u00a0 \u00a0 \u00a0 \u00a0 Concert organis\u00e9 conjointement par RITMY<\/strong><\/span><\/h3>\n<h3 style=\"text-align: center;\"><strong style=\"color: #666699; text-align: center;\">et l&rsquo;ASCL de\u00a0<\/strong><strong style=\"color: #666699; text-align: center;\">M\u00c9R<\/strong><strong style=\"color: #666699; text-align: center;\">\u00c9<\/strong><strong style=\"color: #666699; text-align: center;\">.<\/strong><\/h3>\n<p>&nbsp;<\/p>\n<p>&nbsp;<\/p>\n<p>&nbsp;<\/p>\n<hr \/>\n<p>&nbsp;<\/p>\n<p><a href=\"https:\/\/ritmy.fr\/essais\/wp-content\/uploads\/2015\/09\/logo_spedidam.jpg\"><img loading=\"lazy\" decoding=\"async\" class=\"wp-image-12745 alignleft\" src=\"https:\/\/ritmy.fr\/essais\/wp-content\/uploads\/2015\/09\/logo_spedidam.jpg\" alt=\"LOGOS spedidam 2009\" width=\"184\" height=\"100\" srcset=\"https:\/\/ritmy.fr\/essais\/wp-content\/uploads\/2015\/09\/logo_spedidam.jpg 826w, https:\/\/ritmy.fr\/essais\/wp-content\/uploads\/2015\/09\/logo_spedidam-300x164.jpg 300w\" sizes=\"auto, (max-width: 184px) 100vw, 184px\" \/><\/a><\/p>\n<p>&nbsp;<\/p>\n<h3><strong>\u00a0 \u00a0 \u00a0 \u00a0 \u00a0 \u00a0 \u00a0 \u00a0\u00a0<\/strong><span style=\"color: #666699;\"><strong>RITMY b\u00e9n\u00e9ficie du soutien de la SPEDIDAM<\/strong><\/span><\/h3>\n<p>&nbsp;<\/p>\n<p>&nbsp;<\/p>\n","protected":false},"excerpt":{"rendered":"<p>Fran\u00e7ois-Fr\u00e9d\u00e9ric GUY R\u00e9cital de Piano \u00e0\u00a0M\u00c9R\u00c9, le Dimanche\u00a010 d\u00e9cembre 2017,\u00a0\u00e0 17h00 &#8211;\u00a0Eglise Saint-Denis Nous avons donn\u00e9 \u2018Carte blanche\u2019 au grand pianiste Fran\u00e7ois-Fr\u00e9d\u00e9ric GUY, pour 2 concerts. Pour son premier concert,\u00a0le\u00a019 novembre \u00e0 Neauphle-le-Ch\u00e2teau,\u00a0il avait invit\u00e9 son complice le violoncelliste Xavier Phillips\u00a0et ils ont v\u00e9ritablement enthousiasm\u00e9 le nombreux public !\u00a0 (voir notre autre ARTICLE).\u00a0 Pour son &hellip; <\/p>\n<p><a class=\"more-link btn\" href=\"https:\/\/ritmy.fr\/essais\/f-f-guy-a-mere\/\">Lire la suite<\/a><\/p>\n","protected":false},"author":3,"featured_media":0,"comment_status":"closed","ping_status":"closed","sticky":false,"template":"","format":"standard","meta":{"footnotes":""},"categories":[3,4,5,6,1],"tags":[278,68,264,56,12,279],"class_list":["post-16845","post","type-post","status-publish","format-standard","hentry","category-les-oeuvres","category-concerts","category-dans-les-yvelines","category-les-musiciens","category-ritmy","tag-beethoven","tag-brahms","tag-guy","tag-mere","tag-piano","tag-sonate","nodate","item-wrap"],"_links":{"self":[{"href":"https:\/\/ritmy.fr\/essais\/wp-json\/wp\/v2\/posts\/16845","targetHints":{"allow":["GET"]}}],"collection":[{"href":"https:\/\/ritmy.fr\/essais\/wp-json\/wp\/v2\/posts"}],"about":[{"href":"https:\/\/ritmy.fr\/essais\/wp-json\/wp\/v2\/types\/post"}],"author":[{"embeddable":true,"href":"https:\/\/ritmy.fr\/essais\/wp-json\/wp\/v2\/users\/3"}],"replies":[{"embeddable":true,"href":"https:\/\/ritmy.fr\/essais\/wp-json\/wp\/v2\/comments?post=16845"}],"version-history":[{"count":55,"href":"https:\/\/ritmy.fr\/essais\/wp-json\/wp\/v2\/posts\/16845\/revisions"}],"predecessor-version":[{"id":17272,"href":"https:\/\/ritmy.fr\/essais\/wp-json\/wp\/v2\/posts\/16845\/revisions\/17272"}],"wp:attachment":[{"href":"https:\/\/ritmy.fr\/essais\/wp-json\/wp\/v2\/media?parent=16845"}],"wp:term":[{"taxonomy":"category","embeddable":true,"href":"https:\/\/ritmy.fr\/essais\/wp-json\/wp\/v2\/categories?post=16845"},{"taxonomy":"post_tag","embeddable":true,"href":"https:\/\/ritmy.fr\/essais\/wp-json\/wp\/v2\/tags?post=16845"}],"curies":[{"name":"wp","href":"https:\/\/api.w.org\/{rel}","templated":true}]}}