{"id":16728,"date":"2017-10-21T12:00:48","date_gmt":"2017-10-21T11:00:48","guid":{"rendered":"http:\/\/ritmy.fr\/essais\/?p=16728"},"modified":"2018-04-03T08:30:40","modified_gmt":"2018-04-03T07:30:40","slug":"ff-guy-et-x-phillips-a-neauphle","status":"publish","type":"post","link":"https:\/\/ritmy.fr\/essais\/ff-guy-et-x-phillips-a-neauphle\/","title":{"rendered":"Fran\u00e7ois-Fr\u00e9d\u00e9ric GUY et Xavier PHILLIPS, \u00e0 Neauphle-le-Ch\u00e2teau le 19 novembre 2017"},"content":{"rendered":"<h1 style=\"text-align: center;\"><span style=\"color: #333399;\"><strong>Fran\u00e7ois-Fr\u00e9d\u00e9ric GUY et Xavier PHILLIPS,<\/strong><\/span><\/h1>\n<h1 style=\"text-align: center;\"><span style=\"color: #333399;\"><em><strong>duo virtuose piano et violoncelle,<\/strong><\/em><\/span><\/h1>\n<h2 style=\"text-align: center;\"><span style=\"color: #333399;\"><strong>\u00e0 Neauphle-le-Ch\u00e2teau, le Dimanche\u00a019 novembre 2017,<\/strong><\/span><\/h2>\n<h2 style=\"text-align: center;\"><span style=\"color: #333399;\"><strong>\u00e0 17h00 &#8211;\u00a0<\/strong><strong>Eglise Saint-Nicolas<\/strong><\/span><\/h2>\n<h3 style=\"text-align: justify;\"><span style=\"color: #333399;\"><strong><span style=\"color: #333333;\">Nous avons donn\u00e9 <em>\u2018Carte blanche\u2019<\/em> au grand pianiste<\/span> Fran\u00e7ois-Fr\u00e9d\u00e9ric GUY<span style=\"color: #333333;\">, pour 2 concerts.<\/span><\/strong><\/span><\/h3>\n<h3 style=\"text-align: justify;\"><strong>Pour son premier concert, il a invit\u00e9 son complice de longue date le violoncelliste<\/strong><span style=\"color: #333399;\"><strong> Xavier PHILLIPS<\/strong><\/span><strong>, ce 19 novembre \u00e0 Neauphle-le-Ch\u00e2teau, et pour le second il donnera un r\u00e9cital de\u00a0piano, \u00e0 M\u00e9r\u00e9 le 10 d\u00e9cembre.<\/strong><\/h3>\n<div id=\"attachment_16738\" style=\"width: 500px\" class=\"wp-caption aligncenter\"><img loading=\"lazy\" decoding=\"async\" aria-describedby=\"caption-attachment-16738\" class=\"wp-image-16738\" src=\"https:\/\/ritmy.fr\/essais\/wp-content\/uploads\/2017\/09\/XP-FFG-Pilier-2-copie-2.jpg\" alt=\"\" width=\"500\" height=\"339\" srcset=\"https:\/\/ritmy.fr\/essais\/wp-content\/uploads\/2017\/09\/XP-FFG-Pilier-2-copie-2.jpg 916w, https:\/\/ritmy.fr\/essais\/wp-content\/uploads\/2017\/09\/XP-FFG-Pilier-2-copie-2-300x203.jpg 300w, https:\/\/ritmy.fr\/essais\/wp-content\/uploads\/2017\/09\/XP-FFG-Pilier-2-copie-2-768x521.jpg 768w\" sizes=\"auto, (max-width: 500px) 100vw, 500px\" \/><p id=\"caption-attachment-16738\" class=\"wp-caption-text\">Francois-Fr\u00e9d\u00e9ric GUY et Xavier PHILLIPS (Photo Caroline Doutre)<\/p><\/div>\n<h4 style=\"text-align: justify;\"><strong>Pour son 1er rendez-vous, <span style=\"color: #333399;\">Fran\u00e7ois-Fr\u00e9d\u00e9ric GUY\u00a0<\/span>retrouve donc le violoncelliste <span style=\"color: #333399;\">Xavier PHILLIPS<\/span> avec qui il se produit r\u00e9guli\u00e8rement et\u00a0a enregistr\u00e9 l&rsquo;int\u00e9grale de la musique de chambre de Beethoven.<\/strong><\/h4>\n<h4><span style=\"color: #333399;\"><strong><u>Fran\u00e7ois-Fr\u00e9d\u00e9ric GUY <\/u>, Piano<\/strong><\/span><\/h4>\n<div id=\"attachment_16480\" style=\"width: 400px\" class=\"wp-caption alignleft\"><img loading=\"lazy\" decoding=\"async\" aria-describedby=\"caption-attachment-16480\" class=\"wp-image-16480\" src=\"https:\/\/ritmy.fr\/essais\/wp-content\/uploads\/2017\/07\/Francois-Frederic-Guy-C.Doutre-2.jpg\" alt=\"\" width=\"400\" height=\"301\" srcset=\"https:\/\/ritmy.fr\/essais\/wp-content\/uploads\/2017\/07\/Francois-Frederic-Guy-C.Doutre-2.jpg 522w, https:\/\/ritmy.fr\/essais\/wp-content\/uploads\/2017\/07\/Francois-Frederic-Guy-C.Doutre-2-300x226.jpg 300w\" sizes=\"auto, (max-width: 400px) 100vw, 400px\" \/><p id=\"caption-attachment-16480\" class=\"wp-caption-text\">Fran\u00e7ois-Fr\u00e9d\u00e9ric GUY (Photo Caroline Doutre)<\/p><\/div>\n<p>&nbsp;<\/p>\n<p style=\"text-align: justify;\">Pianiste exceptionnel,\u00a0<span style=\"color: #333399;\"><strong>Fran\u00e7ois-Fr\u00e9d\u00e9ric GUY\u00a0<\/strong><\/span>est consid\u00e9r\u00e9 comme <strong>un\u00a0sp\u00e9cialiste du r\u00e9pertoire romantique allemand<\/strong>,<strong>\u00a0<\/strong>et en particulier<strong>\u00a0l&rsquo;un des meilleurs\u00a0interpr\u00e8tes de notre temps pour la\u00a0musique de Beethoven.<\/strong><\/p>\n<p style=\"text-align: justify;\">Compositeur dont il a enregistr\u00e9 les 32 sonates, l&rsquo;int\u00e9grale de la musique de chambre avec\u00a0<strong>Tedi PAPAVRAMI<\/strong> au violon\u00a0et <span style=\"color: #333399;\"><strong>Xavier PHILLIPS<\/strong><\/span> au violoncelle, ainsi que les 5 concertos avec l&rsquo;Orchestre Philharmonique de Radio-France dirig\u00e9 par <strong>Philippe JORDAN<\/strong>.<\/p>\n<p style=\"text-align: justify;\">Apr\u00e8s des \u00e9tudes au <strong>CNSM de Paris<\/strong>, aupr\u00e8s de Dominique Merlet, il se lance en 1999 dans une carri\u00e8re de concertiste.<\/p>\n<p>&nbsp;<\/p>\n<p>&nbsp;<\/p>\n<p style=\"text-align: justify;\">On a pu l\u2019entendre sur les\u00a0<strong>sc\u00e8nes les plus prestigieuses<\/strong>, \u00e0 Vienne, Dresde, aux USA, Canada, \u00e0 Tokyo\u2026. et dans de <strong>nombreux festivals<\/strong>, en France comme \u00e0 l&rsquo;\u00e9tranger : Festival de la Roque d&rsquo;Anth\u00e9ron, Berlioz, d&rsquo;Automne \u00e0 Paris, de l&rsquo;Orangerie de Sceaux, de\u00a0Lucerne&#8230;.<\/p>\n<p style=\"text-align: justify;\">ll m\u00e8ne <strong>une carri\u00e8re internationale<\/strong> aux c\u00f4t\u00e9s des\u00a0plus grands chefs\u00a0(Philippe Jordan, Wolfgang Sawallish, Bernard Haitink, Daniel Harding, Esa-Pekka Salonen, Kent Nagano\u2026).<\/p>\n<p style=\"text-align: justify;\">Curieux de la musique de son temps, il se produit r\u00e9guli\u00e8rement dans les plus importants\u00a0<strong>festivals de cr\u00e9ation<\/strong>.<\/p>\n<p style=\"text-align: justify;\">Il s&rsquo;oriente \u00e9galement vers la <strong>direction d&rsquo;orchestre<\/strong>, tout en \u00e9tant au piano, comme avec l&rsquo;Orchestre Avignon-Provence et l&rsquo;Orchestre de Chambre de Paris au Th\u00e9\u00e2tre des Champs-\u00c9lys\u00e9es.<\/p>\n<p style=\"text-align: justify;\">Aujourd\u2019hui, dans le prolongement de son <strong><em>Beethoven project<\/em><\/strong>, <span style=\"color: #333399;\"><strong>Fran\u00e7ois-Fr\u00e9d\u00e9ric GUY<\/strong><\/span> poursuit sa qu\u00eate d\u2019absolu en se plongeant dans l\u2019\u0153uvre de\u00a0<strong>Brahms<\/strong>, dont il a enregistr\u00e9 les sonates pour piano en 2016.<\/p>\n<h4><span style=\"color: #333399;\"><strong><u>Xavier PHILLIPS\u00a0<\/u>, Violoncelle<\/strong><\/span><\/h4>\n<div id=\"attachment_16739\" style=\"width: 400px\" class=\"wp-caption alignright\"><img loading=\"lazy\" decoding=\"async\" aria-describedby=\"caption-attachment-16739\" class=\"wp-image-16739\" src=\"https:\/\/ritmy.fr\/essais\/wp-content\/uploads\/2017\/09\/Xavier-Phillips-1-copie.jpg\" alt=\"\" width=\"400\" height=\"267\" srcset=\"https:\/\/ritmy.fr\/essais\/wp-content\/uploads\/2017\/09\/Xavier-Phillips-1-copie.jpg 1000w, https:\/\/ritmy.fr\/essais\/wp-content\/uploads\/2017\/09\/Xavier-Phillips-1-copie-300x200.jpg 300w, https:\/\/ritmy.fr\/essais\/wp-content\/uploads\/2017\/09\/Xavier-Phillips-1-copie-768x512.jpg 768w\" sizes=\"auto, (max-width: 400px) 100vw, 400px\" \/><p id=\"caption-attachment-16739\" class=\"wp-caption-text\">Xavier PHILLIPS (Photo Caroline Doutre)<\/p><\/div>\n<p>&nbsp;<\/p>\n<p style=\"text-align: justify;\">\u00c0 quinze ans\u00a0<strong><span style=\"color: #333399;\">Xavier PHILLIPS<\/span>\u00a0<\/strong>entre au <strong>CNSM de Paris<\/strong>\u00a0et obtient un <strong>Premier Prix <\/strong>en 1989.<\/p>\n<p style=\"text-align: justify;\"><strong>Il remporte plusieurs prix internationaux<\/strong>, dont le\u00a0Prix Sp\u00e9cial au Concours Tcha\u00efkovski de Moscou, et le Premier Prix \u00e0 l\u2019unanimit\u00e9 au 1er Concours d\u2019Helsinki.<\/p>\n<p style=\"text-align: justify;\">Il remporte aussi un <span style=\"color: #333399;\"><strong>3\u00e8me Prix et un Prix Sp\u00e9cial au Concours Rostropovitch<\/strong><\/span>\u00a0\u00e0 Paris et est remarqu\u00e9 par le grand ma\u00eetre russe qui va parachever sa formation musicale.<\/p>\n<p style=\"text-align: justify;\"><span style=\"color: #333399;\"><strong>Rostropovitch<\/strong><\/span>\u00a0va alors l\u2019inviter r\u00e9guli\u00e8rement \u00e0 jouer en tant que soliste, sous sa direction.<\/p>\n<p>&nbsp;<\/p>\n<p style=\"text-align: justify;\">Il est rapidement appel\u00e9 \u00e0 se produire comme soliste sur les plus <strong>grandes sc\u00e8nes internationales<\/strong> avec des <strong>orchestres prestigieu<\/strong>x (New-York Philharmonic, Mariinsky Orchestra, Orchestre de Paris, Berliner Symphoniker, Orchestre de la Suisse Romande&#8230;) sur l\u2019invitation de <strong>chefs illustres<\/strong> tels que son mentor <strong>Mstislav Rostropovitch<\/strong>, mais aussi Riccardo Muti, Christoph Eschenbach, James Conlon, Valery Gergiev, Jesus Lopez-Cobos, Eliahu Inbal, Kurt Masur&#8230;<\/p>\n<p>&nbsp;<\/p>\n<p style=\"text-align: justify;\"><span style=\"text-decoration: underline;\"><span style=\"color: #333399; text-decoration: underline;\"><strong>Xavier PHILLIPS<\/strong><\/span>\u00a0<span style=\"color: #008000; text-decoration: underline;\">a j<\/span><span style=\"color: #008000; text-decoration: underline;\">ou\u00e9 le <strong>jeudi 19 octobre 2017<\/strong> avec l&rsquo;<strong>Orchestre National de France <\/strong>sous la direction de<strong> Marek Janowski,<\/strong>\u00a0la magnifique\u00a0<strong><em>&lsquo;Symphonie concertante pour violoncelle et orchestre&rsquo; <\/em>de\u00a0Serge Prokofiev.<\/strong><\/span><\/span><\/p>\n<p style=\"text-align: left;\"><span style=\"text-decoration: underline;\"><span style=\"color: #008000; text-decoration: underline;\"><strong><span style=\"color: #008000;\"><u>Prestation \u00e9poustouflante\u00a0de <span style=\"color: #333399;\">Xavier PHILLIPS<\/span>, \u00e0 r\u00e9\u00e9couter\u00a0<\/u><\/span><em style=\"color: #008000; text-decoration-line: underline;\">sur France Musique (les 55 premi\u00e8res minutes, incluant une interview de X.Phillips) :<\/em><\/strong><\/span><span style=\"color: #008000; text-decoration: underline;\">\u00a0 <a href=\"https:\/\/www.francemusique.fr\/emissions\/le-concert-du-soir\/le-concert-de-20h-du-jeudi-19-octobre-2017-37328\" target=\"_blank\" rel=\"noopener\"><em>https:\/\/www.francemusique.fr\/emissions\/le-concert-du-soir\/le-concert-de-20h-du-jeudi-19-octobre-2017-37328<\/em><\/a><\/span><\/span><\/p>\n<p>&nbsp;<\/p>\n<p><span style=\"color: #333399;\"><strong>Xavier PHILLIPS<\/strong> <\/span>r\u00e9serve \u00e9galement une place privil\u00e9gi\u00e9e \u00e0 la <strong>musique de chambre<\/strong> qu\u2019il aime partager avec des artistes tels que R\u00e9gis Pasquier, David Grimal, Emmanuel Strosser, Schlomo Mintz, Jean-Marc Phillips-Varjab\u00e9dian, Vanessa Wagner, Romain Guyot\u2026 et bien s\u00fbr <strong><span style=\"color: #333399;\">Fran\u00e7ois-Fr\u00e9d\u00e9ric GUY<\/span><\/strong> et <strong>Tedi Papavrami<\/strong>.<\/p>\n<p style=\"text-align: justify;\">Aux Etats-Unis, il est nomm\u00e9 en tant que Soliste Instrumental de l\u2019Ann\u00e9e aux <strong>Grammy Awards 2015<\/strong>.<\/p>\n<p>Le <strong>r\u00e9pertoire discographique<\/strong> de <span style=\"color: #333399;\"><strong>Xavier PHILLIPS<\/strong> <\/span>est tr\u00e8s vari\u00e9. Un enregistrement tr\u00e8s remarqu\u00e9 de <strong>Dutilleux <\/strong><em>&lsquo;Tout un monde lointain&rsquo;<\/em>, mais aussi du\u00a0Ravel<strong>,\u00a0<\/strong>du\u00a0Kodaly, du\u00a0Chostakovitch, de la musique contemporaine, et m\u00eame de la musique arm\u00e9nienne.<\/p>\n<p style=\"text-align: justify;\">Parall\u00e8lement \u00e0 ses activit\u00e9s de soliste, soucieux de partager et de transmettre son savoir, <span style=\"color: #333399;\">il\u00a0<\/span>enseigne depuis 2013 \u00e0 la <strong>Haute Ecole de Musique de Lausanne<\/strong>.<\/p>\n<p style=\"text-align: justify;\"><strong><span style=\"color: #333399;\">Xavier PHILLIPS<\/span> <\/strong>joue un <strong>violoncelle de 1710 du c\u00e9l\u00e8bre luthier italien Matteo Goffriller<\/strong>\u00a0(les ma\u00eetres Pablo Casals et Pierre Fournier ont \u00e9galement utilis\u00e9 des Goffriller).<\/p>\n<p><em><strong>D&rsquo;autres informations sur Xavier PHILLIPS dans cet autre <a href=\"https:\/\/ritmy.fr\/essais\/xavier-phillips-et-rostropovitch\/\" target=\"_blank\" rel=\"noopener\"><span style=\"text-decoration: underline;\">ARTICLE<\/span><\/a>.<\/strong><\/em><\/p>\n<p><img loading=\"lazy\" decoding=\"async\" class=\"alignleft wp-image-16740\" src=\"https:\/\/ritmy.fr\/essais\/wp-content\/uploads\/2017\/09\/EVCD015-COVER-HD-1024x1024.jpg\" alt=\"\" width=\"300\" height=\"300\" srcset=\"https:\/\/ritmy.fr\/essais\/wp-content\/uploads\/2017\/09\/EVCD015-COVER-HD-1024x1024.jpg 1024w, https:\/\/ritmy.fr\/essais\/wp-content\/uploads\/2017\/09\/EVCD015-COVER-HD-1024x1024-140x140.jpg 140w, https:\/\/ritmy.fr\/essais\/wp-content\/uploads\/2017\/09\/EVCD015-COVER-HD-1024x1024-300x300.jpg 300w, https:\/\/ritmy.fr\/essais\/wp-content\/uploads\/2017\/09\/EVCD015-COVER-HD-1024x1024-768x768.jpg 768w, https:\/\/ritmy.fr\/essais\/wp-content\/uploads\/2017\/09\/EVCD015-COVER-HD-1024x1024-1000x1000.jpg 1000w\" sizes=\"auto, (max-width: 300px) 100vw, 300px\" \/><\/p>\n<h5><\/h5>\n<h5 style=\"text-align: justify;\"><strong>Faisant partie de l&rsquo;int\u00e9grale de la musique de chambre de Beethoven que\u00a0<span style=\"color: #333399;\">Fran\u00e7ois-Fr\u00e9d\u00e9ric GUY<\/span>\u00a0a enregistr\u00e9, le duo a sorti en 2015 un magnifique double CD avec <span style=\"color: #333399;\">les 5 sonates pour violoncelle et piano<\/span> du compositeur allemand, qu&rsquo;ils jouent aussi r\u00e9guli\u00e8rement ensemble.<\/strong><\/h5>\n<p>&nbsp;<\/p>\n<h5 style=\"text-align: justify;\"><strong>Ces\u00a0sonates pour violoncelle et piano couvrent les trois sacro-saintes p\u00e9riodes cr\u00e9atrices de Beethoven (1796\u00a0pour l\u2019opus 5, 1808 pour l\u2019opus 69, 1815 pour l\u2019opus 102) et sont introduites dans cet album par les trois cycles de variations sur de c\u00e9l\u00e8bres th\u00e8mes de Haendel ou de Mozart (1796-1801).<\/strong><\/h5>\n<p>&nbsp;<\/p>\n<h4 style=\"text-align: justify;\"><strong>Pour notre concert, ils nous offriront tout naturellement un <span style=\"text-decoration: underline;\"><span style=\"color: #333399; text-decoration: underline;\">programme<\/span><\/span> enti\u00e8rement consacr\u00e9 \u00e0 <span style=\"color: #333399;\">Beethoven<\/span>, avec les\u00a0<span style=\"color: #333399;\">3\u00a0sonates pour violoncelle et piano<\/span>\u00a0suivantes\u00a0<em>(sous r\u00e9serve de modifications)\u00a0<\/em>:<\/strong><\/h4>\n<ul>\n<li style=\"text-align: justify;\">\n<h4><strong><em>Sonate n\u00b0 4 en do majeur, op. 102 n\u00b0 1 \u00a0(1815)<\/em><\/strong><\/h4>\n<\/li>\n<li style=\"text-align: justify;\">\n<h4><strong><em>Sonate n\u00b0 5 en r\u00e9 majeur, op. 102 n\u00b0 2 \u00a0(1815)<\/em><\/strong><\/h4>\n<\/li>\n<\/ul>\n<p style=\"padding-left: 30px; text-align: justify;\"><em>Ces deux chefs-d&rsquo;\u0153uvre font partie des rares travaux entrepris par le compositeur dans la p\u00e9riode qui s&rsquo;\u00e9tendit de la fin de 1812 \u00e0 1817, durant laquelle Beethoven malade et en proie \u00e0 des difficult\u00e9s de tous ordres traversait une p\u00e9riode de silence. Compos\u00e9es sept ans apr\u00e8s la Sonate pour violoncelle no 3, elles appartiennent \u00e0 la derni\u00e8re p\u00e9riode cr\u00e9atrice de Beethoven. L&rsquo;utilisation du style fugu\u00e9 dans la conclusion de la no 5 est d&rsquo;ailleurs un stigmate essentiel de cette p\u00e9riode, qui se retrouvera notamment dans le finale de la Sonate \u00ab\u00a0Hammerklavier\u00a0\u00bb, dans la Neuvi\u00e8me symphonie et dans les derniers quatuors. Les deux Sonates opus 102 frapp\u00e8rent par la complexit\u00e9 de leur \u00e9criture et leur caract\u00e8re visionnaire.<\/em><\/p>\n<ul>\n<li style=\"text-align: justify;\">\n<h4><strong><em>Sonate n\u00b0 3 en la majeur, op. 69 \u00a0(1807-1808)\u00a0<\/em><\/strong><\/h4>\n<\/li>\n<\/ul>\n<p style=\"padding-left: 30px; text-align: justify;\"><em>Compos\u00e9e dans la p\u00e9riode exceptionnelle qui vit la naissance de l&rsquo;ouverture de Coriolan, de la Cinqui\u00e8me symphonie et de la Symphonie pastorale, cette sonate lumineuse est un sommet de la musique de chambre de Beethoven, alors en pleine possession de ses moyens. Le premier mouvement, \u00e9crit en forme sonate, est le plus ample et le plus caract\u00e9ristique. Le mouvement lent est tr\u00e8s bref.\u00a0<\/em><\/p>\n<h5><strong><em>Ecoutons les justement dans le 1er mouvement &lsquo;Allegro con brio&rsquo; de la Sonate n\u00b0 5 en r\u00e9 majeur de Beethoven, c&rsquo;est beau&#8230;\u00a0\u00a0<\/em><\/strong><\/h5>\n<p>&nbsp;<\/p>\n<p><iframe loading=\"lazy\" src=\"https:\/\/www.youtube.com\/embed\/xUUHE2OKvls?rel=0\" width=\"560\" height=\"315\" frameborder=\"0\" allowfullscreen=\"allowfullscreen\"><\/iframe><\/p>\n<h3 style=\"text-align: justify;\"><span style=\"color: #333399;\"><strong>Ne manquez surtout pas l&rsquo;occasion, vraiment unique, d&rsquo;admirer ce duo virtuose pr\u00e8s de chez vous !<\/strong><\/span><\/h3>\n<h3 style=\"text-align: justify;\"><strong><span style=\"color: #ff0000;\">Il est d&rsquo;ailleurs fortement\u00a0recommand\u00e9 de r\u00e9server ses places sans tarder, soit directement dans notre site, en allant dans la rubrique<\/span>\u00a0<em><a href=\"https:\/\/ritmy.fr\/essais\/reserver\/vos-billets\/\" target=\"_blank\" rel=\"noopener\">&lsquo;RESERVER<\/a>&lsquo;,\u00a0<\/em><\/strong><\/h3>\n<h3 style=\"text-align: justify;\"><span style=\"color: #ff0000;\"><strong>ou en t\u00e9l\u00e9phonant au 06-80-31-06-12 ou au\u00a0<\/strong><strong>06-48-69-21-89.<\/strong><\/span><\/h3>\n<h4 style=\"text-align: center;\"><strong>********************\u00a0<\/strong><\/h4>\n<h4 style=\"text-align: justify;\"><strong>Et n&rsquo;oubliez pas le 2i\u00e8me concert de sa &lsquo;carte blanche&rsquo;, o\u00f9 <span style=\"color: #333399;\">Fran\u00e7ois-Fr\u00e9d\u00e9ric GUY<\/span> donnera un r\u00e9cital de\u00a0piano d\u00e9di\u00e9 \u00e0 Beethoven et Brahms, c&rsquo;est <\/strong><strong>\u00e0\u00a0<\/strong><span style=\"color: #333333;\"><span style=\"color: #333399;\"><strong>M\u00c9R\u00c9<\/strong><\/span><strong><span style=\"color: #333399;\">, le Dimanche 10 d\u00e9cembre 2017, \u00e0 17h00<\/span> en l&rsquo;\u00e9glise Saint-Denis.<\/strong><\/span><\/h4>\n<p>&nbsp;<\/p>\n<hr \/>\n<h4><strong>\u00a0 \u00a0\u00a0<\/strong><\/h4>\n<p><img loading=\"lazy\" decoding=\"async\" class=\"wp-image-14613 alignleft\" src=\"https:\/\/ritmy.fr\/essais\/wp-content\/uploads\/2016\/10\/LOGO-SINLC-cor.png\" alt=\"logo-sinlc-cor\" width=\"165\" height=\"100\" \/><\/p>\n<p>&nbsp;<\/p>\n<h4 style=\"text-align: center;\"><span style=\"color: #666699;\"><strong>Ce concert est organis\u00e9 conjointement par RITMY\u00a0<\/strong><strong>et le Syndicat d&rsquo;Initiative de Neauphle-le-Ch\u00e2teau.<\/strong><\/span><\/h4>\n<p>&nbsp;<\/p>\n<p>&nbsp;<\/p>\n<h4><a href=\"https:\/\/ritmy.fr\/essais\/wp-content\/uploads\/2015\/09\/logo_spedidam.jpg\"><img loading=\"lazy\" decoding=\"async\" class=\"wp-image-12745 alignleft\" src=\"https:\/\/ritmy.fr\/essais\/wp-content\/uploads\/2015\/09\/logo_spedidam.jpg\" alt=\"LOGOS spedidam 2009\" width=\"169\" height=\"92\" srcset=\"https:\/\/ritmy.fr\/essais\/wp-content\/uploads\/2015\/09\/logo_spedidam.jpg 826w, https:\/\/ritmy.fr\/essais\/wp-content\/uploads\/2015\/09\/logo_spedidam-300x164.jpg 300w\" sizes=\"auto, (max-width: 169px) 100vw, 169px\" \/><\/a><\/h4>\n<p>&nbsp;<\/p>\n<h4 style=\"text-align: center;\"><span style=\"color: #666699;\"><strong>RITMY b\u00e9n\u00e9fice du soutien de la SPEDIDAM<\/strong><\/span><\/h4>\n<p>&nbsp;<\/p>\n","protected":false},"excerpt":{"rendered":"<p>Fran\u00e7ois-Fr\u00e9d\u00e9ric GUY et Xavier PHILLIPS, duo virtuose piano et violoncelle, \u00e0 Neauphle-le-Ch\u00e2teau, le Dimanche\u00a019 novembre 2017, \u00e0 17h00 &#8211;\u00a0Eglise Saint-Nicolas Nous avons donn\u00e9 \u2018Carte blanche\u2019 au grand pianiste Fran\u00e7ois-Fr\u00e9d\u00e9ric GUY, pour 2 concerts. Pour son premier concert, il a invit\u00e9 son complice de longue date le violoncelliste Xavier PHILLIPS, ce 19 novembre \u00e0 Neauphle-le-Ch\u00e2teau, et &hellip; <\/p>\n<p><a class=\"more-link btn\" href=\"https:\/\/ritmy.fr\/essais\/ff-guy-et-x-phillips-a-neauphle\/\">Lire la suite<\/a><\/p>\n","protected":false},"author":3,"featured_media":0,"comment_status":"closed","ping_status":"closed","sticky":false,"template":"","format":"standard","meta":{"footnotes":""},"categories":[3,4,5,6,1],"tags":[278,124,264,64,277,12,279,199],"class_list":["post-16728","post","type-post","status-publish","format-standard","hentry","category-les-oeuvres","category-concerts","category-dans-les-yvelines","category-les-musiciens","category-ritmy","tag-beethoven","tag-duo","tag-guy","tag-neauphle","tag-phillips","tag-piano","tag-sonate","tag-violoncelle","nodate","item-wrap"],"_links":{"self":[{"href":"https:\/\/ritmy.fr\/essais\/wp-json\/wp\/v2\/posts\/16728","targetHints":{"allow":["GET"]}}],"collection":[{"href":"https:\/\/ritmy.fr\/essais\/wp-json\/wp\/v2\/posts"}],"about":[{"href":"https:\/\/ritmy.fr\/essais\/wp-json\/wp\/v2\/types\/post"}],"author":[{"embeddable":true,"href":"https:\/\/ritmy.fr\/essais\/wp-json\/wp\/v2\/users\/3"}],"replies":[{"embeddable":true,"href":"https:\/\/ritmy.fr\/essais\/wp-json\/wp\/v2\/comments?post=16728"}],"version-history":[{"count":67,"href":"https:\/\/ritmy.fr\/essais\/wp-json\/wp\/v2\/posts\/16728\/revisions"}],"predecessor-version":[{"id":17304,"href":"https:\/\/ritmy.fr\/essais\/wp-json\/wp\/v2\/posts\/16728\/revisions\/17304"}],"wp:attachment":[{"href":"https:\/\/ritmy.fr\/essais\/wp-json\/wp\/v2\/media?parent=16728"}],"wp:term":[{"taxonomy":"category","embeddable":true,"href":"https:\/\/ritmy.fr\/essais\/wp-json\/wp\/v2\/categories?post=16728"},{"taxonomy":"post_tag","embeddable":true,"href":"https:\/\/ritmy.fr\/essais\/wp-json\/wp\/v2\/tags?post=16728"}],"curies":[{"name":"wp","href":"https:\/\/api.w.org\/{rel}","templated":true}]}}