{"id":16530,"date":"2017-08-01T13:00:15","date_gmt":"2017-08-01T12:00:15","guid":{"rendered":"http:\/\/ritmy.fr\/essais\/?p=16530"},"modified":"2017-12-02T22:01:43","modified_gmt":"2017-12-02T21:01:43","slug":"lete-des-artistes-ritmy","status":"publish","type":"post","link":"https:\/\/ritmy.fr\/essais\/lete-des-artistes-ritmy\/","title":{"rendered":"L&rsquo;\u00e9t\u00e9 des artistes RITMY&#8230;"},"content":{"rendered":"<h1 style=\"text-align: center;\"><span style=\"color: #333399;\"><strong>Voici quelques nouvelles des artistes que nous avons re\u00e7us r\u00e9cemment,\u00a0<\/strong><\/span><strong style=\"color: #333399;\">ou que nous allons recevoir durant la Saison prochaine.<\/strong><\/h1>\n<p>&nbsp;<\/p>\n<h4>Tout d&rsquo;abord on voudrait f\u00e9liciter le violoncelliste\u00a0<span style=\"color: #333399;\"><strong>Victor JULIEN-LAFERRI\u00c8RE<\/strong><\/span>, qui vient de remporter le 1er Prix du prestigieux <strong>Concours Reine Elisabeth<\/strong> \u00e0 Bruxelles d\u00e9but juin !<\/h4>\n<div id=\"attachment_16042\" style=\"width: 233px\" class=\"wp-caption alignleft\"><img loading=\"lazy\" decoding=\"async\" aria-describedby=\"caption-attachment-16042\" class=\"wp-image-16042\" src=\"https:\/\/ritmy.fr\/essais\/wp-content\/uploads\/2017\/03\/Victor-Julien-Laferri\u00e8re-6.jpg\" alt=\"\" width=\"233\" height=\"350\" srcset=\"https:\/\/ritmy.fr\/essais\/wp-content\/uploads\/2017\/03\/Victor-Julien-Laferri\u00e8re-6.jpg 430w, https:\/\/ritmy.fr\/essais\/wp-content\/uploads\/2017\/03\/Victor-Julien-Laferri\u00e8re-6-200x300.jpg 200w\" sizes=\"auto, (max-width: 233px) 100vw, 233px\" \/><p id=\"caption-attachment-16042\" class=\"wp-caption-text\">Victor JULIEN-LAFERRI\u00c8RE<\/p><\/div>\n<p>&nbsp;<\/p>\n<h4 style=\"text-align: justify;\">Une r\u00e9compense bien m\u00e9rit\u00e9e pour ce jeune artiste, et il \u00e9tait confront\u00e9 \u00e0 67 violoncellistes du monde entier&#8230;<\/h4>\n<h5 style=\"text-align: justify;\">Nous avons pu admirer son immense talent en avril dernier lorsqu&rsquo;il s&rsquo;est produit avec ses complices du <span style=\"color: #333399;\"><strong>&lsquo;Trio Les Esprits&rsquo;<\/strong><\/span>, avec\u00a0<span style=\"color: #333399;\"><strong>Adam LALOUM<\/strong><\/span> et <span style=\"color: #333399;\"><strong>Mi-Sa YANG<\/strong><\/span>, c&rsquo;\u00e9tait le 22 avril 2017 \u00e0 M\u00e9r\u00e9.<\/h5>\n<p>&nbsp;<\/p>\n<p style=\"text-align: justify;\">Nous pouvons revoir sa prestation avec orchestre lors de la finale du concours, dans cette vid\u00e9o (aller directement \u00e0 18&prime;, puis \u00e0 4h11 pour le palmar\u00e8s) :<\/p>\n<p><span style=\"text-decoration: underline;\"><em><a href=\"http:\/\/concert.arte.tv\/fr\/concours-reine-elisabeth-livestream-du-3-juin-2017-et-proclamation-des-resultats\" target=\"_blank\" rel=\"noopener\">http:\/\/concert.arte.tv\/fr\/concours-reine-elisabeth-livestream-du-3-juin-2017-et-proclamation-des-resultats<\/a><\/em><\/span><\/p>\n<p style=\"text-align: justify;\">Il se produira cet \u00e9t\u00e9 avec ses amis du <span style=\"color: #333399;\"><strong>&lsquo;Trio Les Esprits&rsquo;<\/strong><\/span>, en particulier au Festival de Toulon en juillet, et d\u00e9but septembre au Festival <strong>&lsquo;Les Pages Musicales de Lagrasse&rsquo;<\/strong>, dont le directeur artistique n&rsquo;est autre que\u00a0<span style=\"color: #333399;\"><strong>Adam LALOUM<\/strong><\/span>.<\/p>\n<p>&nbsp;<\/p>\n<p>&nbsp;<\/p>\n<h4>Autre tr\u00e8s belle r\u00e9compense pour notre ami et parrain des 26\u00b0 saisons Musicales,\u00a0<span style=\"color: #333399;\"><strong>Thomas ENHCO<\/strong><\/span>, associ\u00e9 \u00e0 <span style=\"color: #333399;\"><strong>Vassilena SERAFIMOVA<\/strong><\/span>\u00a0au marimba.<\/h4>\n<p>&nbsp;<\/p>\n<div id=\"attachment_16629\" style=\"width: 220px\" class=\"wp-caption alignright\"><img loading=\"lazy\" decoding=\"async\" aria-describedby=\"caption-attachment-16629\" class=\"wp-image-16629\" src=\"https:\/\/ritmy.fr\/essais\/wp-content\/uploads\/2017\/08\/Funambulescover-1.jpeg\" alt=\"\" width=\"220\" height=\"220\" srcset=\"https:\/\/ritmy.fr\/essais\/wp-content\/uploads\/2017\/08\/Funambulescover-1.jpeg 500w, https:\/\/ritmy.fr\/essais\/wp-content\/uploads\/2017\/08\/Funambulescover-1-140x140.jpeg 140w, https:\/\/ritmy.fr\/essais\/wp-content\/uploads\/2017\/08\/Funambulescover-1-300x300.jpeg 300w\" sizes=\"auto, (max-width: 220px) 100vw, 220px\" \/><p id=\"caption-attachment-16629\" class=\"wp-caption-text\">&lsquo;Funambules&rsquo; l&rsquo;album du duo Thomas ENHCO et Vassinela SERAFIMOVA<\/p><\/div>\n<h5 style=\"text-align: justify;\"><strong>Fin mai, ils ont gagn\u00e9 le 2\u00e8me Prix (Silver Prize) au Concours de Musique de Chambre d&rsquo;Osaka (Osaka International Chamber Music Competition &amp; Festa) au Japon !<\/strong><\/h5>\n<p>On peut aussi revoir leur concert (2i\u00e8me tour de la comp\u00e9tition ) :<\/p>\n<p><span style=\"text-decoration: underline;\"><em><a href=\"https:\/\/www.youtube.com\/watch?v=0IiPj7D8Jqg&amp;feature=youtu.be&amp;t=48m35s\" target=\"_blank\" rel=\"noopener\">https:\/\/www.youtube.com\/watch?v=0IiPj7D8Jqg&amp;feature=youtu.be&amp;t=48m35s<\/a><\/em><\/span><\/p>\n<p style=\"text-align: justify;\">Le duo sera cet \u00e9t\u00e9 et \u00e0 la rentr\u00e9e un peu partout&#8230;\u00a0Bruxelles, Cabourg, Marseille, La Roque-d&rsquo;Anth\u00e9ron, Hardelot, Los Angeles, Albi, Salzbourg, La R\u00e9union, Bordeaux\u2026<\/p>\n<p style=\"text-align: justify;\">Que des \u00e9loges lors de leurs passages, comme celui-ci \u00e0 Cabourg \u00a0: <em>\u00ab\u00a0Marimba et piano, deux claviers servis par deux virtuoses qu\u2019il faut avoir vus et entendus pour croire cela possible. Aussi fascinant visuellement que musicalement, ce duo hallucine les auditeurs, les hypnotise, avec un \u00e9l\u00e9gant r\u00e9pertoire, \u00e9clectique, tonique et a\u00e9rien.\u00a0\u00bb<\/em><\/p>\n<p style=\"text-align: justify;\"><span style=\"color: #333399;\"><strong>Thomas<\/strong> <\/span>pour sa part \u00e9tait au festival <strong>&lsquo;Jazz \u00e0 Juan les pins&rsquo;<\/strong> et sera \u00e0 <strong>&lsquo;Jazz \u00e0 la Villette&rsquo;<\/strong> le 3 septembre.<\/p>\n<p>&nbsp;<\/p>\n<h4 style=\"text-align: justify;\">Voici un artiste que nous pourrons applaudir durant les prochaines 28\u00b0 Saisons Musicales 2017-2018, le <strong>pianiste<\/strong><b><strong>\u00a0<span style=\"color: #333399;\">Fran\u00e7ois-Fr\u00e9d\u00e9ric GUY<\/span><\/strong><\/b><span style=\"color: #333333;\">, qui a aussi un \u00e9t\u00e9 bien rempli.<\/span><\/h4>\n<div id=\"attachment_16627\" style=\"width: 325px\" class=\"wp-caption alignright\"><img loading=\"lazy\" decoding=\"async\" aria-describedby=\"caption-attachment-16627\" class=\"wp-image-16627\" src=\"https:\/\/ritmy.fr\/essais\/wp-content\/uploads\/2017\/08\/francois_frederic_guy-C.Doutre-3.jpg\" alt=\"\" width=\"325\" height=\"217\" srcset=\"https:\/\/ritmy.fr\/essais\/wp-content\/uploads\/2017\/08\/francois_frederic_guy-C.Doutre-3.jpg 670w, https:\/\/ritmy.fr\/essais\/wp-content\/uploads\/2017\/08\/francois_frederic_guy-C.Doutre-3-300x200.jpg 300w\" sizes=\"auto, (max-width: 325px) 100vw, 325px\" \/><p id=\"caption-attachment-16627\" class=\"wp-caption-text\">Fran\u00e7ois-Fr\u00e9d\u00e9ric GUY (photo Caroline Doutre)<\/p><\/div>\n<h5 style=\"text-align: justify;\">Le pianiste <span style=\"color: #333399;\"><strong>Fran\u00e7ois-Fr\u00e9d\u00e9ric GUY<\/strong><\/span>,\u00a0que nous accueillerons \u00e0 <strong>deux reprises<\/strong> pour une &lsquo;carte blanche&rsquo;, le 19 novembre 2017 \u00e0 Neauphle-le-Ch\u00e2teau en duo avec son complice violoncelliiste <span style=\"color: #333399;\"><strong>Xavier PHILLIPS<\/strong><\/span>, et en r\u00e9cital le 10 d\u00e9cembre 2017 \u00e0 M\u00e9r\u00e9, sera au grand festival international de piano de <strong>&lsquo;La Roque d&rsquo;Anth\u00e9ron&rsquo;<\/strong>.<\/h5>\n<h5 style=\"text-align: justify;\">Il y jouera le 6 ao\u00fbt avec un programme Liszt, Beethoven, Brahms.<\/h5>\n<p style=\"text-align: justify;\">De nombreux artistes bien connus du public de <strong>RITMY<\/strong>\u00a0y ont \u00e9t\u00e9 \u00e9galement invit\u00e9s : <span style=\"color: #333399;\"><strong>Jean RONDEAU<\/strong><\/span> (au clavecin), <span style=\"color: #333399;\"><strong>Thomas ENHCO et Vassilena SERAFIMOVA<\/strong><\/span>, <span style=\"color: #333399;\"><strong>Adrien LA MARCA<\/strong><\/span> (avec le Trio Kar\u00e9nine), <span style=\"color: #333399;\"><strong>Rapha\u00ebl PIDOUX<\/strong><\/span> avec le Trio Wanderer, <span style=\"color: #333399;\"><strong>Adam LALOUM<\/strong><\/span> (le 14 ao\u00fbt, et c&rsquo;est complet), et <span style=\"color: #333399;\"><strong>Abdel Rahman AL BACHA<\/strong><\/span> qui jouera en concert de cl\u00f4ture.<\/p>\n<p><span style=\"color: #333399;\"><span style=\"color: #333333;\">Apr\u00e8s des concerts en Turquie et au japon,\u00a0<\/span><strong>Fran\u00e7ois-Fr\u00e9d\u00e9ric GUY\u00a0<\/strong><span style=\"color: #333333;\">jouera ensuite cet \u00e9t\u00e9, entre autres, aux\u00a0<strong>&lsquo;Musicales du Revermont&rsquo;<\/strong>,<strong>\u00a0<\/strong>o\u00f9 il dirigera aussi, depuis son clavier, l&rsquo;Orchestre de chambre de Paris, puis au <strong>&lsquo;Festival Berlioz&rsquo;<\/strong> \u00e0 la C\u00f4te St Andr\u00e9 (38), aux <strong>&lsquo;Pianos Folies&rsquo;<\/strong> au Touquet, ou encore au <strong>&lsquo;Festival de l&rsquo;Orangerie de Sceaux&rsquo;<\/strong>.<\/span><\/span><\/p>\n<p>&nbsp;<\/p>\n<h4 style=\"text-align: justify;\">Deux artistes que nous avons pu admirer lors des 27\u00b0 Saisons Musicales, <span style=\"color: #333399;\"><strong>Karine DESHAYES<\/strong><\/span> et <strong><span style=\"color: #333399;\">Isma\u00ebl MARGAIN<\/span><\/strong>, \u00e9taient invit\u00e9s en juillet au <strong>&lsquo;Festival Radio-France d&rsquo;Occitanie-Montpellier&rsquo;<\/strong>.<\/h4>\n<p>&nbsp;<\/p>\n<div id=\"attachment_16628\" style=\"width: 380px\" class=\"wp-caption alignleft\"><img loading=\"lazy\" decoding=\"async\" aria-describedby=\"caption-attachment-16628\" class=\"wp-image-16628\" src=\"https:\/\/ritmy.fr\/essais\/wp-content\/uploads\/2017\/08\/Karine-Deshayes-Les-Puritains-2-1.jpg\" alt=\"\" width=\"380\" height=\"251\" srcset=\"https:\/\/ritmy.fr\/essais\/wp-content\/uploads\/2017\/08\/Karine-Deshayes-Les-Puritains-2-1.jpg 960w, https:\/\/ritmy.fr\/essais\/wp-content\/uploads\/2017\/08\/Karine-Deshayes-Les-Puritains-2-1-300x198.jpg 300w, https:\/\/ritmy.fr\/essais\/wp-content\/uploads\/2017\/08\/Karine-Deshayes-Les-Puritains-2-1-768x508.jpg 768w\" sizes=\"auto, (max-width: 380px) 100vw, 380px\" \/><p id=\"caption-attachment-16628\" class=\"wp-caption-text\">A la fin de l&rsquo;op\u00e9ra &lsquo;Les Puritains&rsquo;&#8230;<\/p><\/div>\n<h5><\/h5>\n<h5 style=\"text-align: justify;\"><strong><span style=\"color: #333399;\">Karine DESHAYES<\/span>\u00a0<\/strong>interpr\u00e9tait, dans une version de concert, le r\u00f4le titre d&rsquo;Elvira dans\u00a0<strong>&lsquo;Les Puritains&rsquo; de Bellini<\/strong>, op\u00e9ra trop peu jou\u00e9, mais d&rsquo;une grande beaut\u00e9.<\/h5>\n<p>&nbsp;<\/p>\n<p>&nbsp;<\/p>\n<p>&nbsp;<\/p>\n<p>Un conseil, r\u00e9\u00e9coutez cette soir\u00e9e diffus\u00e9e par France Musique :<\/p>\n<p>&nbsp;<\/p>\n<p>&nbsp;<\/p>\n<p><span style=\"text-decoration: underline;\"><a href=\"https:\/\/www.francemusique.fr\/emissions\/le-concert-du-soir\/les-puritains-de-bellini-en-direct-du-festival-radio-france-occitanie-montpellier-2017-35412?xtmc=Karine%20Deshayes&amp;xtnp=1&amp;xtcr=3\" target=\"_blank\" rel=\"noopener\"><em>https:\/\/www.francemusique.fr\/emissions\/le-concert-du-soir\/les-puritains-de-bellini-en-direct-du-festival-radio-france-occitanie-montpellier-2017-35412?xtmc=Karine%20Deshayes&amp;xtnp=1&amp;xtcr=3<\/em><\/a><\/span><\/p>\n<p>Lors du festival, elle a \u00e9galement chant\u00e9 dans <strong>&lsquo;Un Op\u00e9ra imaginaire&rsquo;<\/strong> de Herv\u00e9 Niquet.<\/p>\n<p>Et au d\u00e9but de l&rsquo;\u00e9t\u00e9 elle \u00e9tait invit\u00e9e par le\u00a0<strong>&lsquo;Festival de St Denis&rsquo;<\/strong>, o\u00f9 elle a chant\u00e9 dans le\u00a0<strong>Requiem de Mozart<\/strong> (r\u00e9\u00e9coute possible dans le site de France Musique).<\/p>\n<div id=\"attachment_16305\" style=\"width: 350px\" class=\"wp-caption alignright\"><img loading=\"lazy\" decoding=\"async\" aria-describedby=\"caption-attachment-16305\" class=\"wp-image-16305\" src=\"https:\/\/ritmy.fr\/essais\/wp-content\/uploads\/2017\/06\/Ismael-margain-2.jpg\" alt=\"\" width=\"350\" height=\"208\" srcset=\"https:\/\/ritmy.fr\/essais\/wp-content\/uploads\/2017\/06\/Ismael-margain-2.jpg 555w, https:\/\/ritmy.fr\/essais\/wp-content\/uploads\/2017\/06\/Ismael-margain-2-300x178.jpg 300w\" sizes=\"auto, (max-width: 350px) 100vw, 350px\" \/><p id=\"caption-attachment-16305\" class=\"wp-caption-text\">Isma\u00ebl MARGAIN<\/p><\/div>\n<h5 style=\"text-align: justify;\"><span style=\"font-family: arial, helvetica, sans-serif;\">Quant \u00e0<strong> <span style=\"color: #333399;\">Isma\u00ebl MARGAIN<\/span><\/strong>, notre &lsquo;parrain&rsquo; des 28\u00b0 saisons Musicales, il a donn\u00e9 un concert avec son comp\u00e8re <strong>Guillaume BELLOM<\/strong>, en duo avec 2 pianos ou \u00e0 4 mains, dans un superbe programme russe (pi\u00e8ces de\u00a0Rachmaninov, Chostakovitch&#8230;).<\/span><\/h5>\n<p><span style=\"font-family: arial, helvetica, sans-serif;\">On peut les r\u00e9\u00e9couter avec ce lien :\u00a0<\/span><br \/>\n<span style=\"text-decoration: underline;\"><em><a href=\"https:\/\/www.francemusique.fr\/emissions\/concerts-jeunes-solistes\/ismael-margain-guillaume-bellom-interpretent-rachmaninov-chostakovitch-kapustin-salle-pasteur-montpellier-2017-35475\" target=\"_blank\" rel=\"noopener\">https:\/\/www.francemusique.fr\/emissions\/concerts-jeunes-solistes\/ismael-margain-guillaume-bellom-interpretent-rachmaninov-chostakovitch-kapustin-salle-pasteur-montpellier-2017-35475<\/a><\/em><\/span><\/p>\n<p>&nbsp;<\/p>\n<p><span style=\"color: #333399;\"><strong>Isma\u00ebl <\/strong><\/span>\u00e9tait auparavant en juillet au <strong>&lsquo;Festival de la\u00a0<\/strong><b>V\u00e9z\u00e8re&rsquo;<\/b>, entre autres, et sera d\u00e9but ao\u00fbt aux <strong>&lsquo;Musicales du Golfe&rsquo;<\/strong> en Bretagne, et \u00e0 l&rsquo;<strong>&lsquo;Ao\u00fbt Musical de Deauville&rsquo;.<\/strong><\/p>\n<p>On peut aussi rappeler qu&rsquo;<span style=\"color: #333399;\"><strong>Isma\u00ebl<\/strong> <\/span>a sorti son 1er disque en solo, consacr\u00e9 \u00e0 Schubert, en mars 2017.<\/p>\n<p>&nbsp;<\/p>\n<h4 style=\"text-align: justify;\"><span style=\"text-decoration: underline;\"><strong>Mais les autres ensembles et artistes qui se produiront lors des 28\u00b0 Saisons Musicales RITMY joueront aussi en France ou \u00e0 l&rsquo;\u00e9tranger durant cet \u00e9t\u00e9.<\/strong><\/span><\/h4>\n<h5 style=\"text-align: justify;\">Le<span style=\"color: #333399;\"><strong> Quatuor <span style=\"color: #333399;\">ELYS<\/span><\/strong><strong>\u00c9<\/strong><strong>E<\/strong><\/span>\u00a0donnera des concerts \u00e0 <strong>Meymac (19)<\/strong> et <strong>Surg\u00e8res (17)<\/strong>, et courant ao\u00fbt <strong>enregistrera un nouveau CD<\/strong> pour le label Peyrole Records, avec Andre\u00ef Banciu au piano et Marc Marder \u00e0 la contrebasse, pour\u00a02 Concertos de Chopin.<\/h5>\n<h5 style=\"text-align: justify;\">L&rsquo;Ensemble baroque<span style=\"color: #333399;\"><strong>\u00a0Il FESTINO<\/strong><\/span>\u00a0jouera lui \u00e0 <strong>Royan<\/strong>, \u00e0 <strong>Peillac (56)<\/strong>, \u00e0 l&rsquo;<strong>&lsquo;Estival de la B\u00e2tie&rsquo;<\/strong> (42), \u00e0 <strong>P\u00e9rigueux<\/strong>, aux <strong>&lsquo;Matinales de l&rsquo;Abbaye de Noirlac&rsquo;<\/strong>, \u00e0<strong> Amboise<\/strong>&#8230; \u00a0avant une <strong>tourn\u00e9e au Chili<\/strong> en octobre.<\/h5>\n<h5 style=\"text-align: justify;\">Le <span style=\"color: #333399;\"><strong>Quatuor de percussions BEAT<\/strong><\/span>\u00a0\u00e9tait en juin au <strong>Luxembourg<\/strong>, et apr\u00e8s un passage en <strong>Bourgogne<\/strong> sera en ao\u00fbt au <strong>&lsquo;Festival International de Musique de Dinard&rsquo;<\/strong>, puis au <strong>&lsquo;Festival de Polllen\u00e7a&rsquo;<\/strong> aux Bal\u00e9ares.<\/h5>\n<h5 style=\"text-align: center;\"><strong>==============<\/strong><\/h5>\n<h4 style=\"text-align: justify;\"><span style=\"color: #333399;\"><strong>Pour retrouver toute la programmation de notre nouvelle Saison Musicale 2017-2018, les dates et lieux o\u00f9 vous pourrez retrouver tous ces artistes, consulter notre <a href=\"https:\/\/ritmy.fr\/essais\/les-28-saisons-musicales\/\" target=\"_blank\" rel=\"noopener\"><span style=\"text-decoration: underline;\"><em>ARTICLE<\/em><\/span><\/a>.<\/strong><\/span><\/h4>\n<h4 style=\"text-align: justify;\"><span style=\"color: #333399;\"><strong>Nous vous souhaitons un tr\u00e8s bon \u00e9t\u00e9, musical si possible, et vous retrouverons \u00e0 la rentr\u00e9e pour nos premiers concerts, \u00e0 partir du 15 octobre \u00e0 Mareil-sur-Mauldre avec le superbe <em>Quatuor \u00e0 cordes ELYS<\/em><\/strong><\/span><em><strong>\u00c9<\/strong><\/em><span style=\"color: #333399;\"><strong><em>E<\/em> !<\/strong><\/span><\/h4>\n","protected":false},"excerpt":{"rendered":"<p>Voici quelques nouvelles des artistes que nous avons re\u00e7us r\u00e9cemment,\u00a0ou que nous allons recevoir durant la Saison prochaine. &nbsp; Tout d&rsquo;abord on voudrait f\u00e9liciter le violoncelliste\u00a0Victor JULIEN-LAFERRI\u00c8RE, qui vient de remporter le 1er Prix du prestigieux Concours Reine Elisabeth \u00e0 Bruxelles d\u00e9but juin ! &nbsp; Une r\u00e9compense bien m\u00e9rit\u00e9e pour ce jeune artiste, et il &hellip; <\/p>\n<p><a class=\"more-link btn\" href=\"https:\/\/ritmy.fr\/essais\/lete-des-artistes-ritmy\/\">Lire la suite<\/a><\/p>\n","protected":false},"author":3,"featured_media":16305,"comment_status":"closed","ping_status":"closed","sticky":false,"template":"","format":"standard","meta":{"footnotes":""},"categories":[3,6,7,1],"tags":[],"class_list":["post-16530","post","type-post","status-publish","format-standard","has-post-thumbnail","hentry","category-les-oeuvres","category-les-musiciens","category-manifestations","category-ritmy","nodate","item-wrap"],"_links":{"self":[{"href":"https:\/\/ritmy.fr\/essais\/wp-json\/wp\/v2\/posts\/16530","targetHints":{"allow":["GET"]}}],"collection":[{"href":"https:\/\/ritmy.fr\/essais\/wp-json\/wp\/v2\/posts"}],"about":[{"href":"https:\/\/ritmy.fr\/essais\/wp-json\/wp\/v2\/types\/post"}],"author":[{"embeddable":true,"href":"https:\/\/ritmy.fr\/essais\/wp-json\/wp\/v2\/users\/3"}],"replies":[{"embeddable":true,"href":"https:\/\/ritmy.fr\/essais\/wp-json\/wp\/v2\/comments?post=16530"}],"version-history":[{"count":86,"href":"https:\/\/ritmy.fr\/essais\/wp-json\/wp\/v2\/posts\/16530\/revisions"}],"predecessor-version":[{"id":16822,"href":"https:\/\/ritmy.fr\/essais\/wp-json\/wp\/v2\/posts\/16530\/revisions\/16822"}],"wp:featuredmedia":[{"embeddable":true,"href":"https:\/\/ritmy.fr\/essais\/wp-json\/wp\/v2\/media\/16305"}],"wp:attachment":[{"href":"https:\/\/ritmy.fr\/essais\/wp-json\/wp\/v2\/media?parent=16530"}],"wp:term":[{"taxonomy":"category","embeddable":true,"href":"https:\/\/ritmy.fr\/essais\/wp-json\/wp\/v2\/categories?post=16530"},{"taxonomy":"post_tag","embeddable":true,"href":"https:\/\/ritmy.fr\/essais\/wp-json\/wp\/v2\/tags?post=16530"}],"curies":[{"name":"wp","href":"https:\/\/api.w.org\/{rel}","templated":true}]}}