{"id":16249,"date":"2017-06-15T13:09:10","date_gmt":"2017-06-15T12:09:10","guid":{"rendered":"http:\/\/ritmy.fr\/essais\/?p=16249"},"modified":"2018-03-29T10:15:43","modified_gmt":"2018-03-29T09:15:43","slug":"les-28-saisons-musicales","status":"publish","type":"post","link":"https:\/\/ritmy.fr\/essais\/les-28-saisons-musicales\/","title":{"rendered":"D\u00e9couvrez les 28\u00b0 Saisons Musicales !"},"content":{"rendered":"<h1 style=\"text-align: center;\"><span style=\"color: #000080;\"><strong>D\u00e9couvrez le programme des concerts 2017-2018,<\/strong><\/span><\/h1>\n<h1 style=\"text-align: center;\"><span style=\"color: #000080;\"><strong>qui a \u00e9t\u00e9\u00a0d\u00e9voil\u00e9 lors de l&rsquo;Assembl\u00e9e G\u00e9n\u00e9rale RITMY,<\/strong><\/span><\/h1>\n<h1 style=\"text-align: center;\"><span style=\"color: #000080;\"><strong>le 13 juin 2017 \u00e0 M\u00e9r\u00e9.<\/strong><\/span><\/h1>\n<h2 style=\"text-align: justify;\"><span style=\"color: #333399;\"><em><strong>Comme pour nos pr\u00e9c\u00e9dentes Saisons Musicales, nous vous avons pr\u00e9par\u00e9 une <span style=\"text-decoration: underline;\">programmation\u00a0toujours aussi\u00a0vari\u00e9e<\/span>, avec une <span style=\"text-decoration: underline;\">\u00e9gale<\/span> <span style=\"text-decoration: underline;\">exigence de qualit\u00e9<\/span>, qui, nous l&rsquo;esp\u00e9rons,\u00a0ravira les fid\u00e8les de Ritmy et tous les m\u00e9lomanes de notre r\u00e9gion.<\/strong><\/em><\/span><\/h2>\n<h3 style=\"text-align: justify;\"><span style=\"color: #333399;\"><strong>Ce programme nous emm\u00e8nera du raffinement de l&rsquo;Europe Galante du XVII\u00b0 si\u00e8cle au &lsquo;swing&rsquo;\u00a0des ann\u00e9es 1920, en passant par le romantisme d&rsquo;une &lsquo;S\u00e9r\u00e9nade russe&rsquo; tout en\u00a0c\u00f4toyant la magie des percussions&#8230; De plus, nous avons confi\u00e9 une &lsquo;carte blanche&rsquo; \u00e0 un artiste\u00a0exceptionnel. Le c\u00e9l\u00e8bre pianiste\u00a0<em style=\"color: #333399;\">Fran\u00e7ois-Fr\u00e9d\u00e9ric Guy<\/em>, dans la pl\u00e9nitude de son art, rel\u00e8ve le d\u00e9fi de nous proposer deux concerts. Il a d&rsquo;abord choisi d&rsquo;inviter son complice le\u00a0violoncelliste <em style=\"color: #333399;\">Xavier Phillips<\/em>, puis il se produira en\u00a0r\u00e9cital.<\/strong><\/span><\/h3>\n<h3 style=\"text-align: justify;\"><span style=\"color: #333399;\"><em><strong>Un programme qui conjugue brillant, virtuosit\u00e9 et aussi originalit\u00e9&#8230; avec une\u00a0vari\u00e9t\u00e9 d&rsquo;\u00e9poques musicales et instruments\u2026<\/strong><\/em><\/span><\/h3>\n<h3 style=\"text-align: justify;\"><strong style=\"color: #666699;\">Et en plus, pour cette Saison, nous b\u00e9n\u00e9ficions du <span style=\"text-decoration: underline;\">PARRAINAGE<\/span>\u00a0d&rsquo;un jeune pianiste extr\u00eamement talentueux&#8230;\u00a0<\/strong><strong style=\"color: #666699;\">que vous connaissez bien, car nous avons pu l&rsquo;admirer\u00a0<\/strong><strong><span style=\"color: #666699;\">lors de nos 27\u00b0 Saisons Musicales&#8230;\u00a0<span style=\"text-decoration: underline;\">Isma\u00ebl MARGAIN<\/span><\/span><\/strong><strong style=\"color: #666699;\">\u00a0!<\/strong><\/h3>\n<p><img loading=\"lazy\" decoding=\"async\" class=\"aligncenter wp-image-16305\" src=\"https:\/\/ritmy.fr\/essais\/wp-content\/uploads\/2017\/06\/Ismael-margain-2.jpg\" alt=\"\" width=\"355\" height=\"211\" srcset=\"https:\/\/ritmy.fr\/essais\/wp-content\/uploads\/2017\/06\/Ismael-margain-2.jpg 555w, https:\/\/ritmy.fr\/essais\/wp-content\/uploads\/2017\/06\/Ismael-margain-2-300x178.jpg 300w\" sizes=\"auto, (max-width: 355px) 100vw, 355px\" \/><\/p>\n<h3 style=\"text-align: justify;\"><b>D\u00e9couvrez maintenant ci-dessous les 6\u00a0concerts de la Saison 2017-2018.<\/b><\/h3>\n<p>&nbsp;<\/p>\n<hr \/>\n<h3 style=\"text-align: center;\"><span style=\"text-decoration: underline;\"><span style=\"color: #000080; text-decoration: underline;\"><strong>Quatuor &lsquo;ELYS<\/strong><strong>\u00c9<\/strong><strong>E&rsquo; &#8211; <em>\u00ab\u00a0S\u00e9r\u00e9nade Russe\u00a0\u00bb<\/em><\/strong><\/span><\/span><\/h3>\n<h4 style=\"text-align: center;\"><span style=\"color: #000080;\"><strong>\u00e0 MAREIL-sur-MAULDRE, le Dimanche\u00a015 octobre 2017 \u00e0 17h00, Eglise Saint-Martin<\/strong><\/span><\/h4>\n<p>&nbsp;<\/p>\n<h5 style=\"text-align: justify;\">Le <span style=\"color: #333399;\"><strong>Quatuor \u00e0 cordes ELYS<\/strong><\/span><span style=\"color: #333333;\"><span style=\"color: #333399;\"><strong>\u00c9<\/strong><strong>E<\/strong><\/span>\u00a0<\/span>a \u00e9t\u00e9 fond\u00e9 en 1995 par d\u2019anciens membres de deux quatuors ayant chacun remport\u00e9 le Grand Prix au Concours International d\u2019Evian : les Quatuors Anton et Ysaye.<\/h5>\n<div id=\"attachment_16665\" style=\"width: 378px\" class=\"wp-caption alignleft\"><img loading=\"lazy\" decoding=\"async\" aria-describedby=\"caption-attachment-16665\" class=\"wp-image-16665\" src=\"https:\/\/ritmy.fr\/essais\/wp-content\/uploads\/2017\/09\/Quatuor-Elys\u00e9e-7-copie.jpg\" alt=\"\" width=\"378\" height=\"248\" srcset=\"https:\/\/ritmy.fr\/essais\/wp-content\/uploads\/2017\/09\/Quatuor-Elys\u00e9e-7-copie.jpg 1000w, https:\/\/ritmy.fr\/essais\/wp-content\/uploads\/2017\/09\/Quatuor-Elys\u00e9e-7-copie-300x197.jpg 300w, https:\/\/ritmy.fr\/essais\/wp-content\/uploads\/2017\/09\/Quatuor-Elys\u00e9e-7-copie-768x504.jpg 768w\" sizes=\"auto, (max-width: 378px) 100vw, 378px\" \/><p id=\"caption-attachment-16665\" class=\"wp-caption-text\">Le Quatuor ELYS\u00c9E (photo T\u00e9rence Meunier)<\/p><\/div>\n<p>&nbsp;<\/p>\n<p style=\"text-align: justify;\">L\u2019aspect unique du <span style=\"color: #333399;\"><strong>Quatuor\u00a0<\/strong><strong>ELYS<\/strong><strong>\u00c9<\/strong><strong>E\u00a0<\/strong><\/span>r\u00e9side dans la confrontation et l\u2019assimilation de deux \u00e9coles diff\u00e9rentes : <strong>l\u2019\u00e9cole fran\u00e7aise et la prestigieuse \u00e9cole russe<\/strong>.\u00a0Deux \u00e9coles qui s\u2019enrichissent mutuellement et permettent une fusion d\u2019id\u00e9es diff\u00e9rentes, de nouvelles dimensions dans l\u2019interpr\u00e9tation de la musique, et une puissance d\u2019expression d\u2019une grande originalit\u00e9.<\/p>\n<p style=\"text-align: justify;\">Le Quatuor est compos\u00e9 de <strong>Justina Zajan\u010dauskait\u0117 <\/strong>(1er violon),\u00a0<strong>Laurent Le Fl\u00e9cher <\/strong>(2i\u00e8me violon),<strong>\u00a0Andre\u00ef Malakhov <\/strong>(alto), et<strong>\u00a0Igor Kiritchenko <\/strong>(violoncelle).<\/p>\n<p>&nbsp;<\/p>\n<p>&nbsp;<\/p>\n<p>&nbsp;<\/p>\n<p style=\"text-align: justify;\">Des musiciens qui ont remport\u00e9 de<strong> grands concours internationaux<\/strong>\u00a0et qui se produisent par ailleurs\u00a0avec des <strong>chambristes ou formations renomm\u00e9s<\/strong>.<\/p>\n<p style=\"text-align: justify;\">Le <span style=\"color: #333399;\"><strong>Quatuor ELYS\u00c9E<\/strong>\u00a0<\/span>s\u2019est produit dans de <strong>nombreux pays d\u2019Europe<\/strong> (Angleterre, Allemagne, Autriche, Bulgarie, Italie\u2026) ainsi qu&rsquo;au Japon, Chine, Canada, Russie&#8230; En France, il participe \u00e0 des <strong>festivals<\/strong> tels que : le Festival de l\u2019Orangerie de Sceaux,\u00a0de l\u2019Abbaye de l\u2019Epau, d\u2019\u00cele de France, du P\u00e9rigord Noir, de Quatuors \u00e0 cordes de Fayence, du Lub\u00e9ron, etc.\u00a0Il a aussi enregistr\u00e9 de <strong>nombreux disques<\/strong>.<\/p>\n<p style=\"text-align: justify;\">Ils interpr\u00e8teront un <strong>programme<\/strong> <span style=\"color: #333399;\"><em><strong>\u00ab\u00a0S\u00e9r\u00e9nade Russe\u00a0\u00bb<\/strong> <\/em><\/span><strong>compos\u00e9 d\u2019\u0153uvres de compositeurs russes des 19\u00b0 et 20\u00b0 si\u00e8cles<\/strong>\u00a0: Tcha\u00efkovski, Rachmaninov, Borodine, Glazounov\u2026 Des oeuvres qui figurent dans le disque\u00a0du m\u00eame titre, sorti chez Peyrole Records en 2015.<\/p>\n<h5 style=\"text-align: justify;\"><span style=\"color: #333333;\"><strong>L&rsquo;occasion de nous plonger dans\u00a0l&rsquo; \u00ab\u00a0\u00e2me slave\u00a0\u00bb avec ce magnifique Quatuor !\u00a0<\/strong><\/span><\/h5>\n<h4><span style=\"color: #333399;\"><strong>Plus d&rsquo;informations dans cet article de notre site : <a href=\"https:\/\/ritmy.fr\/essais\/quatuor-elysee\/\"><span style=\"text-decoration: underline;\"><em>ICI<\/em><\/span><\/a><\/strong><\/span><\/h4>\n<p>&nbsp;<\/p>\n<hr \/>\n<h2 style=\"text-align: center;\"><span style=\"text-decoration: underline; color: #008000;\"><strong>&lsquo;CARTE BLANCHE&rsquo; au pianiste Fran\u00e7ois-Fr\u00e9d\u00e9ric GUY<\/strong><\/span><\/h2>\n<h4 style=\"text-align: justify;\"><span style=\"color: #008000;\"><strong>Le grand pianiste Fran\u00e7ois-Fr\u00e9d\u00e9ric GUY nous a propos\u00e9 2 concerts pour sa &lsquo;Carte blanche&rsquo;, le 1er o\u00f9 il sera avec son complice de longue date le violoncelliste Xavier PHILLIPS, \u00e0 Neauphle-le-Ch\u00e2teau, et le second o\u00f9 il donnera un r\u00e9cital de\u00a0piano, \u00e0 M\u00e9r\u00e9. \u00a0<\/strong><\/span><\/h4>\n<h3 style=\"text-align: center;\"><span style=\"color: #000080;\"><strong><u>Fran\u00e7ois-Fr\u00e9d\u00e9ric GUY <em>invite le violoniste Tedi PAPAVRAMI<\/em><\/u><\/strong><\/span><\/h3>\n<h4 style=\"text-align: center;\"><span style=\"color: #000080;\"><strong>\u00e0 NEAUPHLE-le-CH\u00c2TEAU, le Dimanche\u00a019 novembre 2017 \u00e0 17h00, Eglise Saint-Nicolas<\/strong><\/span><\/h4>\n<h5 style=\"text-align: justify;\"><span style=\"color: #333333;\">Pour son 1er rendez-vous, <strong>le pianiste<\/strong>\u00a0<strong><span style=\"color: #333399;\">Fran\u00e7ois-Fr\u00e9d\u00e9ric \u00a0GUY<\/span> <\/strong><\/span><span style=\"color: #333333;\">retrouve <strong>le violoncelliste <\/strong><span style=\"color: #333399;\"><strong>Xavier PHILLIPS,\u00a0<\/strong><\/span><\/span><span style=\"color: #333333;\">avec qui il se produit r\u00e9guli\u00e8rement et <strong>a enregistr\u00e9 l&rsquo;int\u00e9grale de la musique de chambre de Beethoven<\/strong>.<\/span><\/h5>\n<p>&nbsp;<\/p>\n<div id=\"attachment_16738\" style=\"width: 400px\" class=\"wp-caption alignright\"><img loading=\"lazy\" decoding=\"async\" aria-describedby=\"caption-attachment-16738\" class=\"wp-image-16738\" src=\"https:\/\/ritmy.fr\/essais\/wp-content\/uploads\/2017\/09\/XP-FFG-Pilier-2-copie-2.jpg\" alt=\"\" width=\"400\" height=\"271\" srcset=\"https:\/\/ritmy.fr\/essais\/wp-content\/uploads\/2017\/09\/XP-FFG-Pilier-2-copie-2.jpg 916w, https:\/\/ritmy.fr\/essais\/wp-content\/uploads\/2017\/09\/XP-FFG-Pilier-2-copie-2-300x203.jpg 300w, https:\/\/ritmy.fr\/essais\/wp-content\/uploads\/2017\/09\/XP-FFG-Pilier-2-copie-2-768x521.jpg 768w\" sizes=\"auto, (max-width: 400px) 100vw, 400px\" \/><p id=\"caption-attachment-16738\" class=\"wp-caption-text\">Fran\u00e7ois-Fr\u00e9d\u00e9ric GUY et Xavier PHILLIPS (Photo Caroline Doutre)<\/p><\/div>\n<p style=\"text-align: justify;\">Tr\u00e8s t\u00f4t, le violoncelliste <strong>Xavier <span style=\"color: #333399;\">PHILLIPS<\/span><\/strong> entre au <strong>CNSM de Paris<\/strong> et se distingue lors de <strong>prestigieux concours internationaux<\/strong>.<\/p>\n<p style=\"text-align: justify;\">En 1989 il remporte un <strong>3\u00e8me prix et un prix sp\u00e9cial au Concours Rostropovitch<\/strong> et est remarqu\u00e9 par le grand ma\u00eetre russe qui va parachever sa formation musicale.\u00a0<strong>Rostropovitch<\/strong>\u00a0va alors l\u2019inviter r\u00e9guli\u00e8rement \u00e0 jouer en tant que soliste, sous sa direction.<\/p>\n<p style=\"text-align: justify;\">Il est rapidement appel\u00e9 \u00e0 se produire sur <strong>les plus grandes sc\u00e8nes internationales avec des orchestres prestigieux<\/strong> (New-York Philharmonic, Berliner Symphoniker, Mariinsky Orchestra\u2026) sur l\u2019invitation de <strong>chefs illustres<\/strong> tels que Riccardo Muti, Valery Gergiev ou Kurt Masur.<\/p>\n<p style=\"text-align: justify;\">Il r\u00e9serve \u00e9galement une place privil\u00e9gi\u00e9e \u00e0 la <strong>musique de chambre<\/strong> qu\u2019il aime partager avec des artistes tel que R\u00e9gis Pasquier, Emmanuel Strosser, Vanessa Wagner\u2026 et bien s\u00fbr Tedi Papavrami et <span style=\"color: #333399;\"><strong>Fran\u00e7ois-Fr\u00e9d\u00e9ric GUY<\/strong><\/span>.<\/p>\n<p style=\"text-align: justify;\"><span style=\"color: #333399;\"><strong>Xavier PHILLIPS<\/strong><\/span> joue sur un instrument \u00e0 la mesure de son talent, un violoncelle de 1710 cr\u00e9\u00e9 par le c\u00e9l\u00e8bre luthier italien <em>Matteo Goffriller<\/em>.<\/p>\n<p style=\"text-align: justify;\">Le duo\u00a0vient a enregistr\u00e9<strong> en 2015 l\u2019int\u00e9grale des sonates pour violoncelle et piano de Beethoven.<\/strong><\/p>\n<p style=\"text-align: justify;\">Ils\u00a0nous offriront d&rsquo;ailleurs un\u00a0<strong>programme enti\u00e8rement consacr\u00e9 au\u00a0compositeur, avec 3 sonates<\/strong> : les Sonate n\u00b0 4 en do majeur,\u00a0Sonate n\u00b0 5 en r\u00e9 majeur, et\u00a0Sonate n\u00b0 3 en la majeur.<\/p>\n<h5 style=\"text-align: justify;\"><strong>Un\u00a0duo virtuose, en totale osmose, qui nous offrira un grand moment d&rsquo;\u00e9motions !<\/strong><\/h5>\n<h4><strong>Plus d&rsquo;informations dans cet article de notre site : <a href=\"https:\/\/ritmy.fr\/essais\/ff-guy-et-x-phillips-a-neauphle\/\"><span style=\"text-decoration: underline;\"><em>I<\/em><em>CI<\/em><\/span><\/a><\/strong><\/h4>\n<p>&nbsp;<\/p>\n<hr \/>\n<h3 style=\"text-align: center;\"><span style=\"color: #000080;\"><strong><u>Fran\u00e7ois-Fr\u00e9d\u00e9ric GUY &#8211; <em>R\u00e9cital de piano<\/em><\/u><\/strong><\/span><\/h3>\n<h4 style=\"text-align: center;\"><span style=\"color: #000080;\"><strong>\u00e0 M<\/strong><strong>\u00c9<\/strong><strong>R<\/strong><strong>\u00c9<\/strong><strong>, le Dimanche 10\u00a0d\u00e9cembre 2017 \u00e0 17h00, Eglise Saint-Denis<\/strong><\/span><\/h4>\n<p>&nbsp;<\/p>\n<h5 style=\"text-align: justify;\"><strong>Sa partition \u00e0 lui, c&rsquo;est le travail, la discr\u00e9tion, et il faut bien le dire une petite touche de g\u00e9nie !<\/strong><\/h5>\n<h5 style=\"text-align: justify;\">Pianiste exceptionnel, <span style=\"color: #333399;\"><strong>Fran\u00e7ois-Fr\u00e9d\u00e9ric GUY\u00a0<\/strong><\/span>est consid\u00e9r\u00e9 comme un <strong>sp\u00e9cialiste du r\u00e9pertoire romantique allemand et en particulier de<\/strong> <strong>Beethoven<\/strong> dont il a enregistr\u00e9 les 32 sonates, l&rsquo;int\u00e9grale de la musique de chambre avec <strong>Tedi Papavrami au violon<\/strong> et <span style=\"color: #333399;\"><strong>Xavier PHILLIPS<\/strong><\/span>\u00a0<strong>au violoncelle<\/strong>, ainsi que les 5 concertos avec l&rsquo;Orchestre Philharmonique de Radio-France dirig\u00e9 par Philippe Jordan.<\/h5>\n<div id=\"attachment_16282\" style=\"width: 400px\" class=\"wp-caption alignleft\"><img loading=\"lazy\" decoding=\"async\" aria-describedby=\"caption-attachment-16282\" class=\"wp-image-16282\" src=\"https:\/\/ritmy.fr\/essais\/wp-content\/uploads\/2017\/06\/Francois-Frederic-Guy-C.Doutre-1-copie2.jpg\" alt=\"\" width=\"400\" height=\"267\" srcset=\"https:\/\/ritmy.fr\/essais\/wp-content\/uploads\/2017\/06\/Francois-Frederic-Guy-C.Doutre-1-copie2.jpg 800w, https:\/\/ritmy.fr\/essais\/wp-content\/uploads\/2017\/06\/Francois-Frederic-Guy-C.Doutre-1-copie2-300x200.jpg 300w, https:\/\/ritmy.fr\/essais\/wp-content\/uploads\/2017\/06\/Francois-Frederic-Guy-C.Doutre-1-copie2-768x512.jpg 768w\" sizes=\"auto, (max-width: 400px) 100vw, 400px\" \/><p id=\"caption-attachment-16282\" class=\"wp-caption-text\">Fran\u00e7ois-Fr\u00e9d\u00e9ric GUY (Photo Caroline Doutre)<\/p><\/div>\n<p>&nbsp;<\/p>\n<p style=\"text-align: justify;\">Il m\u00e8ne une carri\u00e8re internationale aux c\u00f4t\u00e9s des <strong>plus grands chefs<\/strong> (Philippe Jordan, Wolfgang Sawallish, Bernard Haitink, Daniel Harding, Esa-Pekka Salonen, Kent Nagano\u2026).<\/p>\n<p style=\"text-align: justify;\">On a pu l\u2019entendre sur les <strong>sc\u00e8nes les plus prestigieuses<\/strong>, \u00e0 Vienne, au Canada, \u00e0 Tokyo\u2026.<\/p>\n<p style=\"text-align: justify;\">Curieux de la musique de son temps, il se produit \u00e9galement dans les plus importants <strong>festivals de cr\u00e9ation<\/strong>.<\/p>\n<p>&nbsp;<\/p>\n<p>&nbsp;<\/p>\n<p>&nbsp;<\/p>\n<p>&nbsp;<\/p>\n<p style=\"text-align: justify;\">Aujourd\u2019hui, le pianiste poursuit sa qu\u00eate d\u2019absolu en se plongeant dans l\u2019\u0153uvre de<strong> Brahms<\/strong>.<\/p>\n<p style=\"text-align: justify;\">Pour le <strong>second\u00a0concert de sa \u2018Carte blanche\u2019<\/strong>, il nous interpr\u00e9tera un <strong>programme Beethoven et Brahms, ses compositeurs de pr\u00e9dilection<\/strong>\u00a0<em>(sous r\u00e9serve de modifications)<\/em> :<\/p>\n<ul style=\"text-align: justify;\">\n<li><strong>Beethoven<\/strong> : Sonate n\u00b014 \u2018Clair de Lune\u2019<\/li>\n<li><strong>Beethoven<\/strong> : \u2018Eroica\u2019 variations<\/li>\n<li><strong>Brahms<\/strong> : Sonate n\u00b03 opus 5<\/li>\n<\/ul>\n<h5 style=\"text-align: justify;\"><strong>Un r\u00e9cital &lsquo;magique&rsquo; \u00e0 ne\u00a0surtout pas manquer !<\/strong><\/h5>\n<h4><span style=\"color: #333399;\"><strong>Plus d&rsquo;informations dans cet article de notre site : <a href=\"https:\/\/ritmy.fr\/essais\/f-f-guy-a-mere\/\" target=\"_blank\" rel=\"noopener\"><span style=\"text-decoration: underline;\"><em>ICI<\/em><\/span><\/a><\/strong><\/span><\/h4>\n<p>&nbsp;<\/p>\n<hr \/>\n<h3 style=\"text-align: center;\"><strong><span style=\"color: #000080;\"><u>&lsquo;MERRIE HOT MELODIES&rsquo; Jazz Orchestra &#8211; <em>Le\u00a0<\/em><\/u><\/span><em style=\"color: #000080; text-decoration: underline;\">jazz des &lsquo;ann\u00e9es folles&rsquo;<\/em><\/strong><\/h3>\n<h4 style=\"text-align: center;\"><span style=\"color: #000080;\"><strong>\u00e0 ORGERUS, le Dimanche 21\u00a0janvier 2018 \u00e0 17h00,\u00a0Salle du Pr\u00e9 Romain<\/strong><\/span><\/h4>\n<p>&nbsp;<\/p>\n<h5 style=\"text-align: justify;\">Le <strong><span style=\"color: #333399;\">\u00ab\u00a0MERRIE HOT MELODIES \u00bb Jazz Orchestra<\/span>,<\/strong> dirig\u00e9 par <strong>Marc BRESDIN<\/strong>, est un <strong>&lsquo;big band&rsquo; compos\u00e9 de 14 musiciens<\/strong> habitu\u00e9s des jazz clubs parisiens et qui ont \u00e0 leur actif de nombreux enregistrements, <strong>et d&rsquo;un danseur de claquettes !<\/strong><\/h5>\n<p><img loading=\"lazy\" decoding=\"async\" class=\"aligncenter wp-image-16285\" src=\"https:\/\/ritmy.fr\/essais\/wp-content\/uploads\/2017\/06\/MHM-5-copie.jpg\" alt=\"\" width=\"450\" height=\"183\" srcset=\"https:\/\/ritmy.fr\/essais\/wp-content\/uploads\/2017\/06\/MHM-5-copie.jpg 1000w, https:\/\/ritmy.fr\/essais\/wp-content\/uploads\/2017\/06\/MHM-5-copie-300x122.jpg 300w, https:\/\/ritmy.fr\/essais\/wp-content\/uploads\/2017\/06\/MHM-5-copie-768x312.jpg 768w\" sizes=\"auto, (max-width: 450px) 100vw, 450px\" \/><\/p>\n<p style=\"text-align: justify;\">L&rsquo;Orchestre interpr\u00e8te<strong> le Jazz des ann\u00e9es 20 et du d\u00e9but des ann\u00e9es 30.\u00a0<\/strong>C&rsquo;est la musique de l&rsquo;une des \u00e9tapes importantes de l&rsquo;histoire du Jazz : <strong>le &lsquo;Jazz Hot&rsquo;.<\/strong><\/p>\n<p style=\"text-align: justify;\">C&rsquo;est l&rsquo;\u00e9poque du Cotton Club, de l&rsquo;Apollo, du Savoy Ballroom\u2026 celle de <strong>Duke Ellington, Louis Armstrong, Fletcher Henderson, King Oliver, Sydney Bechet, etc&#8230;<\/strong>\u00a0Ils jettent les bases d&rsquo;une musique qui va traverser le 20\u00e8me si\u00e8cle et qui s&rsquo;av\u00e8re aujourd&rsquo;hui incontournable.<\/p>\n<p style=\"text-align: justify;\">L&rsquo;Orchestre est compos\u00e9 de 3 trompettes, 2 trombones, 4 saxophones divers, 1 clarinette, 1 banjo, 1 piano, 1 contrebasse, 1 batterie<\/p>\n<p style=\"text-align: justify;\">Ils nous feront red\u00e9couvrir <strong>la<\/strong> <strong>musique des \u201cAnn\u00e9es Folles\u201d<\/strong> : des chefs-d\u2019\u0153uvre, parfois m\u00e9connus, <strong>une musique tr\u00e9pidante et communicative<\/strong>.\u00a0Avec des <strong>arrangements d\u2019\u00e9poque retranscrits par Marc Bresdin<\/strong> leader de l\u2019orchestre, qui font <strong>la part belle aux solistes <\/strong>(saxophone, clarinette, trombone, piano\u2026).<\/p>\n<p style=\"text-align: justify;\">Ils joueront des <strong>classiques du jazz de cette p\u00e9riode des ann\u00e9es 20 et d\u00e9but des ann\u00e9es 30\u00a0:\u00a0<\/strong>&lsquo;I want somebody to cheer me up&rsquo;, &lsquo;Doin\u2019 the new low down&rsquo;, &lsquo;Roll on Mississipi, roll on&rsquo;&#8230;<\/p>\n<h5 style=\"text-align: justify;\"><strong>Un big-band qui nous fera danser et swinguer !<\/strong><\/h5>\n<h4><span style=\"color: #333399;\"><strong>Plus d&rsquo;informations dans cet article de notre site : <a href=\"https:\/\/ritmy.fr\/essais\/merrie-hot-melodies-a-orgerus\/\" target=\"_blank\" rel=\"noopener\"><span style=\"text-decoration: underline;\"><em>ICI<\/em><\/span><\/a><\/strong><\/span><\/h4>\n<p>&nbsp;<\/p>\n<hr \/>\n<h3 style=\"text-align: center;\"><strong><span style=\"color: #000080;\"><u>Quatuor de percussions &lsquo;BEAT&rsquo;\u00a0&#8211; \u00ab\u00a0<em>Kromoritmos\u00a0\u00bb<\/em><\/u><\/span><\/strong><\/h3>\n<h4 style=\"text-align: center;\"><strong><span style=\"color: #000080;\">\u00e0\u00a0<\/span><\/strong><span style=\"color: #000080;\"><strong>RICHEBOURG, le Dimanche\u00a011 mars 2018 \u00e0 17h00,\u00a0Salle Edith Piaf<\/strong><\/span><\/h4>\n<p>&nbsp;<\/p>\n<h5 style=\"text-align: justify;\">Avec le <span style=\"color: #333399;\"><strong>Quatuor BEAT<\/strong><\/span>, un concert\u00a0follement \u00e9nergique, savant et dr\u00f4le, o\u00f9 vous d\u00e9couvrirez la<span style=\"color: #333333;\"><strong> magie des percussions sous un angle nouveau.<\/strong><\/span><\/h5>\n<div id=\"attachment_16286\" style=\"width: 380px\" class=\"wp-caption alignright\"><img loading=\"lazy\" decoding=\"async\" aria-describedby=\"caption-attachment-16286\" class=\"wp-image-16286\" src=\"https:\/\/ritmy.fr\/essais\/wp-content\/uploads\/2017\/06\/Quatuor-Beat-8-revu.jpg\" alt=\"\" width=\"380\" height=\"285\" srcset=\"https:\/\/ritmy.fr\/essais\/wp-content\/uploads\/2017\/06\/Quatuor-Beat-8-revu.jpg 800w, https:\/\/ritmy.fr\/essais\/wp-content\/uploads\/2017\/06\/Quatuor-Beat-8-revu-300x225.jpg 300w, https:\/\/ritmy.fr\/essais\/wp-content\/uploads\/2017\/06\/Quatuor-Beat-8-revu-768x577.jpg 768w\" sizes=\"auto, (max-width: 380px) 100vw, 380px\" \/><p id=\"caption-attachment-16286\" class=\"wp-caption-text\">Le Quatuor &lsquo;BEAT&rsquo;<\/p><\/div>\n<p>&nbsp;<\/p>\n<p style=\"text-align: justify;\">Quatre\u00a0artistes qui zigzaguent avec malice entre le marimba, le vibraphone et la batterie, pour <strong>une \u00e9chapp\u00e9e\u00a0en rythmes\u00a0dans le vaste monde des percussions<\/strong> &#8211; un univers peupl\u00e9 d\u2019instruments en bois, peaux, ou surfaces chrom\u00e9es, que l\u2019on frappe, caresse, secoue, gratte\u2026<\/p>\n<p style=\"text-align: justify;\">Le <span style=\"color: #333399;\"><strong>Quatuor BEAT<\/strong> <\/span>est le seul ensemble de percussions \u00e0 avoir obtenu des <strong>prix internationaux de concours de musique de chambre<\/strong> ouverts \u00e0 toutes formations, avec leurs arrangements in\u00e9dits.<\/p>\n<p>&nbsp;<\/p>\n<p style=\"text-align: justify;\">Le Quatuor\u00a0est compos\u00e9 de <strong>Gabriel Benlolo<\/strong>, <strong>Laurent Fraiche<\/strong>, <strong>Adrien Pineau<\/strong>, et <strong>J\u00e9r\u00f4me Guicherd<\/strong>, tous dipl\u00f4m\u00e9s\u00a0du CSNM de Paris et titulaires percussionnistes dans de <strong>grands orchestres fran\u00e7ais<\/strong>.<\/p>\n<h5 style=\"text-align: justify;\"><strong>Vous serez surpris et \u00e9merveill\u00e9s par ce concert o\u00f9 Bernstein, Piazolla, Galliano, Paganini&#8230; feront battre vos coeurs !<\/strong><\/h5>\n<h5 style=\"text-align: justify;\"><strong>En 2016 ils \u00e9taient au Th\u00e9\u00e2tre du Chatelet \u00e0 Paris, en novembre 2017 \u00e0 la &lsquo;Seine Musicale&rsquo; \u00e0 Boulogne-Billancourt, ils seront \u00e0 Richebourg au printemps 2018\u00a0!<\/strong><\/h5>\n<h4><span style=\"color: #333399;\"><strong>Plus d&rsquo;informations dans cet article de notre site : <a href=\"https:\/\/ritmy.fr\/essais\/le-quatuor-beat-a-richebourg\/\" target=\"_blank\" rel=\"noopener\"><span style=\"text-decoration: underline;\"><em>ICI<\/em><\/span><\/a><\/strong><\/span><\/h4>\n<p>&nbsp;<\/p>\n<hr \/>\n<h3 style=\"text-align: center;\"><strong><span style=\"color: #000080;\"><u>Ensemble\u00a0&lsquo;IL FESTINO&rsquo; &#8211; <em>L&rsquo;E<\/em><\/u><\/span><em style=\"color: #000080; text-decoration: underline;\">urope galante au XVII\u00b0 si\u00e8cle<\/em><\/strong><\/h3>\n<h4 style=\"text-align: center;\"><span style=\"color: #000080;\"><strong>\u00e0 HOUDAN, le Dimanche 25\u00a0mars 2018 \u00e0 17h00,\u00a0Eglise Saint-Jacques<\/strong><\/span><\/h4>\n<p>&nbsp;<\/p>\n<h5 style=\"text-align: justify;\">Dirig\u00e9 par le luthiste <strong>Manuel de GRANGE<\/strong>, l\u2019ensemble <span style=\"color: #333399;\"><strong>IL FESTINO<\/strong><\/span>\u00a0est fid\u00e8le \u00e0 l\u2019esth\u00e9tique et aux r\u00e8gles d\u00e9clamatoires du 17\u00e8me si\u00e8cle, valables <strong>pour le chant et le r\u00e9cit<\/strong>, mais aussi pour la musique instrumentale, jou\u00e9e sur <strong>instruments anciens<\/strong>.<\/h5>\n<h5 style=\"text-align: justify;\">L\u2019ensemble cherche \u00e0 <strong>associer les vers et les airs d\u2019une m\u00eame \u00e9poque<\/strong> dans un jeu de miroir afin de transmettre au public un instant unique.<\/h5>\n<p><img loading=\"lazy\" decoding=\"async\" class=\"wp-image-16287 alignleft\" src=\"https:\/\/ritmy.fr\/essais\/wp-content\/uploads\/2017\/06\/IL-FESTINO-RETENUE-Prog-copie.jpg\" alt=\"\" width=\"395\" height=\"277\" srcset=\"https:\/\/ritmy.fr\/essais\/wp-content\/uploads\/2017\/06\/IL-FESTINO-RETENUE-Prog-copie.jpg 800w, https:\/\/ritmy.fr\/essais\/wp-content\/uploads\/2017\/06\/IL-FESTINO-RETENUE-Prog-copie-300x211.jpg 300w, https:\/\/ritmy.fr\/essais\/wp-content\/uploads\/2017\/06\/IL-FESTINO-RETENUE-Prog-copie-768x540.jpg 768w\" sizes=\"auto, (max-width: 395px) 100vw, 395px\" \/><\/p>\n<p style=\"text-align: justify;\"><strong>Une soprano et un t\u00e9nor dialoguent en vers et en musique et se prom\u00e8nent dans l&rsquo;Europe galante du XVII\u00b0 si\u00e8cle.<\/strong><\/p>\n<p style=\"text-align: justify;\">Des musiciens les accompagnent <strong>sur instruments d&rsquo;\u00e9poque<\/strong> (luths, violes, guitares), ainsi qu&rsquo;avec\u00a0une <strong>harpe<\/strong>, et renforcent par leur jeu ce que la parole d\u00e9crit.<\/p>\n<p style=\"text-align: justify;\">Ils mettent en \u00e9vidence le sublime de <strong>quatre langues diff\u00e9rentes<\/strong> par l&rsquo;alternance des airs et des vers \u00e9crits par <strong>les plus grands musiciens de leur temps<\/strong>\u00a0: Luzzaschi, Cavalli, Frescobaldi, Monteverdi (Italie),\u00a0Boesset, Gu\u00e9dron, Moulini\u00e9 (France),\u00a0Sanz (Espagne),\u00a0Dowland, Purcell (Angleterre).<\/p>\n<p>&nbsp;<\/p>\n<p>&nbsp;<\/p>\n<p style=\"text-align: justify;\">L&rsquo;Ensemble est compos\u00e9 de<b> Manuel <\/b><b>de <\/b><b>Grange <\/b>(Luth, Guitare, Th\u00e9orbe et direction), <strong>D<\/strong><b>agmar<\/b> <b>Saskova <\/b>(Soprano),\u00a0<b>Francisco Javier <\/b><b>Ma<\/b><b>\u00f1<\/b><b>alich <\/b>(T\u00e9nor et Viole),\u00a0<b>Aude-Marie Piloz<\/b><b>\u00a0<\/b>(Viole), et\u00a0<b>Maria Christina <\/b><b>Cleary<\/b>\u00a0(Harpe).<\/p>\n<p style=\"text-align: justify;\">Des chanteurs et musiciens qui collaborent \u00e9galement avec\u00a0<strong>plusieurs ensembles\u00a0baroques prestigieux<\/strong>, comme Pygmalion, Les Paladins, le Po\u00e8me Harmonique, Cl\u00e9ment Janequin&#8230; et interviennent dans des <strong>productions d&rsquo;op\u00e9ras<\/strong> de cette \u00e9poque.<\/p>\n<p style=\"text-align: justify;\">Depuis sa cr\u00e9ation en 2009, <span style=\"color: #333399;\"><strong>Il FESTINO<\/strong><\/span>\u00a0se produit en concert dans <strong>d\u2019importants festivals<\/strong> en France et \u00e0 l\u2019\u00e9tranger (Festival Baroque de Pontoise, Lanvellec, Haut Jura, Namur\u2026) et dans des <strong>sc\u00e8nes nationales<\/strong> de renom. Ils ont d\u00e9j\u00e0 enregistr\u00e9\u00a02 albums.<\/p>\n<h5 style=\"text-align: justify;\"><strong><span style=\"color: #333399;\"><span style=\"color: #333333;\">L&rsquo;Ensemble<\/span>\u00a0IL FESTINO<\/span> nous fera revivre le raffinement\u00a0de l&rsquo;Europe galante du XVII\u00b0 si\u00e8cle&#8230;<\/strong><\/h5>\n<h4><span style=\"color: #333399;\"><strong>Plus d&rsquo;informations dans cet article de notre site : <a href=\"https:\/\/ritmy.fr\/essais\/il-festino-a-houdan\/\" target=\"_blank\" rel=\"noopener\"><span style=\"text-decoration: underline;\"><em>ICI<\/em><\/span><\/a><\/strong><\/span><\/h4>\n<h3 style=\"text-align: center;\"><strong>***************************************<\/strong><\/h3>\n<h3 style=\"text-align: justify;\"><span style=\"color: #ff0000;\"><strong>Vous pouvez le constater, le programme des 28\u00b0 Saisons Musicales RITMY associe \u00e0 nouveau artistes confirm\u00e9s et talents \u00e0 d\u00e9couvrir, et toujours une vari\u00e9t\u00e9 de styles et \u00e9poques musicales !<\/strong><\/span><\/h3>\n<h4 style=\"text-align: justify;\"><strong><span style=\"color: #ff0000;\">Nous esp\u00e9rons que ce programme, que l&rsquo;on veut toujours tr\u00e8s ambitieux, vous comblera, vous apportera de nombreuses \u00e9motions musicales, de belles surprises, comme ce fut le cas\u00a0lors<\/span><span style=\"color: #ff0000;\">\u00a0des\u00a0Saisons Musicales pr\u00e9c\u00e9dentes.<\/span><\/strong><\/h4>\n<h4 style=\"text-align: justify;\"><span style=\"color: #ff0000;\"><strong>Des articles, avec plus de d\u00e9tails sur chaque concert, les artistes, compositeurs&#8230; seront r\u00e9guli\u00e8rement mis en ligne sur notre site.<\/strong><\/span><\/h4>\n<h4 style=\"text-align: left;\"><span style=\"color: #ff0000;\"><strong><span style=\"text-decoration: underline;\">Donc un conseil, rendez-nous visite r\u00e9guli\u00e8rement<\/span>\u00a0durant les prochaines semaines, et tout au long de ces 28i\u00e8mes Saisons Musicales RITMY !<\/strong><\/span><\/h4>\n<h3><span style=\"text-decoration: underline; color: #333399;\"><strong>R\u00e9servez d\u00e8s maintenant les dates dans votre agenda !\u00a0<\/strong><\/span><\/h3>\n<h3><strong><span style=\"color: #333399;\">Les\u00a0<span style=\"text-decoration: underline;\">RESERVATIONS<\/span>\u00a0sont d\u00e8s maintenant ouvertes dans notre site : pour\u00a0cela \u00a0aller dans la rubrique\u00a0<\/span><span style=\"color: #3366ff;\"><a style=\"color: #3366ff;\" href=\"https:\/\/ritmy.fr\/essais\/reserver\/vos-billets\/\" target=\"_blank\" rel=\"noopener noreferrer\"><span style=\"text-decoration: underline;\"><em>&lsquo;RESERVER&rsquo;.<\/em><\/span><\/a><\/span><\/strong><strong><br \/>\n<\/strong><\/h3>\n<h3 style=\"text-align: justify;\"><strong><span style=\"color: #333399;\">Mais les formules d&rsquo;<span style=\"text-decoration: underline;\">abonnements<\/span>\u00a0(\u00e0 partir de 3 concerts) sont bien s\u00fbr \u00e0 privil\u00e9gier, pour b\u00e9n\u00e9ficier d&rsquo;une tarification int\u00e9ressante, de places r\u00e9serv\u00e9es aux abonn\u00e9s lors des concerts, et aussi d&rsquo;autres avantages que vous pourrez d\u00e9couvrir dans la page\u00a0<a href=\"https:\/\/ritmy.fr\/essais\/reserver\/vos-abonnements\/\" target=\"_blank\" rel=\"noopener noreferrer\"><span style=\"text-decoration: underline; color: #3366ff;\"><em>&lsquo;Vos Abonnements&rsquo;<\/em><\/span><\/a>.<\/span><\/strong><\/h3>\n<h1 style=\"text-align: center;\"><em><span style=\"color: #ff0000;\"><strong>A tr\u00e8s bient\u00f4t lors de nos concerts !<\/strong><\/span><\/em><\/h1>\n","protected":false},"excerpt":{"rendered":"<p>D\u00e9couvrez le programme des concerts 2017-2018, qui a \u00e9t\u00e9\u00a0d\u00e9voil\u00e9 lors de l&rsquo;Assembl\u00e9e G\u00e9n\u00e9rale RITMY, le 13 juin 2017 \u00e0 M\u00e9r\u00e9. Comme pour nos pr\u00e9c\u00e9dentes Saisons Musicales, nous vous avons pr\u00e9par\u00e9 une programmation\u00a0toujours aussi\u00a0vari\u00e9e, avec une \u00e9gale exigence de qualit\u00e9, qui, nous l&rsquo;esp\u00e9rons,\u00a0ravira les fid\u00e8les de Ritmy et tous les m\u00e9lomanes de notre r\u00e9gion. Ce programme &hellip; <\/p>\n<p><a class=\"more-link btn\" href=\"https:\/\/ritmy.fr\/essais\/les-28-saisons-musicales\/\">Lire la suite<\/a><\/p>\n","protected":false},"author":3,"featured_media":0,"comment_status":"closed","ping_status":"closed","sticky":false,"template":"","format":"standard","meta":{"footnotes":""},"categories":[3,4,5,7,1],"tags":[264,42,223,265,52,12,22,266,182],"class_list":["post-16249","post","type-post","status-publish","format-standard","hentry","category-les-oeuvres","category-concerts","category-dans-les-yvelines","category-manifestations","category-ritmy","tag-guy","tag-jazz","tag-margain","tag-papavrami","tag-percussions","tag-piano","tag-quatuor","tag-viole","tag-violon","nodate","item-wrap"],"_links":{"self":[{"href":"https:\/\/ritmy.fr\/essais\/wp-json\/wp\/v2\/posts\/16249","targetHints":{"allow":["GET"]}}],"collection":[{"href":"https:\/\/ritmy.fr\/essais\/wp-json\/wp\/v2\/posts"}],"about":[{"href":"https:\/\/ritmy.fr\/essais\/wp-json\/wp\/v2\/types\/post"}],"author":[{"embeddable":true,"href":"https:\/\/ritmy.fr\/essais\/wp-json\/wp\/v2\/users\/3"}],"replies":[{"embeddable":true,"href":"https:\/\/ritmy.fr\/essais\/wp-json\/wp\/v2\/comments?post=16249"}],"version-history":[{"count":79,"href":"https:\/\/ritmy.fr\/essais\/wp-json\/wp\/v2\/posts\/16249\/revisions"}],"predecessor-version":[{"id":17672,"href":"https:\/\/ritmy.fr\/essais\/wp-json\/wp\/v2\/posts\/16249\/revisions\/17672"}],"wp:attachment":[{"href":"https:\/\/ritmy.fr\/essais\/wp-json\/wp\/v2\/media?parent=16249"}],"wp:term":[{"taxonomy":"category","embeddable":true,"href":"https:\/\/ritmy.fr\/essais\/wp-json\/wp\/v2\/categories?post=16249"},{"taxonomy":"post_tag","embeddable":true,"href":"https:\/\/ritmy.fr\/essais\/wp-json\/wp\/v2\/tags?post=16249"}],"curies":[{"name":"wp","href":"https:\/\/api.w.org\/{rel}","templated":true}]}}