{"id":16212,"date":"2017-05-18T18:49:51","date_gmt":"2017-05-18T17:49:51","guid":{"rendered":"http:\/\/ritmy.fr\/essais\/?p=16212"},"modified":"2017-12-02T22:01:14","modified_gmt":"2017-12-02T21:01:14","slug":"amis-et-abonnes-a-versailles","status":"publish","type":"post","link":"https:\/\/ritmy.fr\/essais\/amis-et-abonnes-a-versailles\/","title":{"rendered":"RITMY : Amis et abonn\u00e9s invit\u00e9s \u00e0 VERSAILLES"},"content":{"rendered":"<h2 style=\"text-align: center;\"><strong><span style=\"color: #333399;\">Comme chaque ann\u00e9e, les Amis et abonn\u00e9s de RITMY \u00e9taient invit\u00e9s \u00e0 un \u00e9v\u00e8nement musical.<\/span><\/strong><\/h2>\n<h3 style=\"text-align: justify;\"><span style=\"color: #333399;\"><strong>Pour les 27\u00b0 Saisons Musicales, c&rsquo;est le Centre de Musique Baroque de Versailles (C.M.B.V.) qui, en deux groupes, les 27 avril et 11 mai dernier, a accueilli les fid\u00e8les\u00a0de RITMY.<\/strong><\/span><\/h3>\n<h4 style=\"text-align: justify;\"><strong>L&rsquo;an dernier en mai, souvenez-vous, nous avions donn\u00e9 rendez-vous aux Amis et abonn\u00e9s\u00a0de RITMY au Moulin de Montainville, pour un concert priv\u00e9 de la talentueuse pianiste Varduhi YERITSYAN.<\/strong><\/h4>\n<h4><span style=\"color: #333399;\">Pour commencer,\u00a0<span style=\"text-decoration: underline;\"><strong>une visite guid\u00e9e du C.M.B.V<\/strong><\/span> \u00e9tait organis\u00e9e.<\/span><\/h4>\n<p>&nbsp;<\/p>\n<p><img loading=\"lazy\" decoding=\"async\" class=\"alignleft wp-image-16234\" src=\"https:\/\/ritmy.fr\/essais\/wp-content\/uploads\/2017\/05\/CMBV1-1.png\" alt=\"\" width=\"240\" height=\"321\" srcset=\"https:\/\/ritmy.fr\/essais\/wp-content\/uploads\/2017\/05\/CMBV1-1.png 250w, https:\/\/ritmy.fr\/essais\/wp-content\/uploads\/2017\/05\/CMBV1-1-225x300.png 225w\" sizes=\"auto, (max-width: 240px) 100vw, 240px\" \/><\/p>\n<p>&nbsp;<\/p>\n<p><span style=\"color: #333399;\"><strong>Denis SKROBALA<\/strong><\/span>, administrateur du \u00ab\u00a0p\u00f4le de formation\u00a0\u00bb des Pages et Chantres, a r\u00e9serv\u00e9 un <strong>tr\u00e8s sympathique accueil<\/strong> aux deux groupes.<\/p>\n<p style=\"text-align: justify;\">Il a commenc\u00e9 par retracer, au cours de ces deux visites, <strong>l\u2019histoire de ce lieu qui abrite le CMBV, <span style=\"color: #333399;\">l\u2019h\u00f4tel des \u00ab\u00a0Menus Plaisirs\u00a0\u00bb<\/span><\/strong>, en brossant un tableau tr\u00e8s complet des <strong>missions<\/strong> qui \u00e9taient confi\u00e9es \u00e0 cette institution aux XVII\u00e8me et XVII\u00e8me si\u00e8cles, \u00e0 savoir <strong>g\u00e9rer l\u2019ensemble des f\u00eates, divertissements, spectacles divers \u00e0 la Cour de Louis XV et Louis XVI<\/strong>. Tout \u00e0 la fois <strong>administration, ateliers, entrep\u00f4ts<\/strong> pour tout ce qui relevait des \u00ab\u00a0plaisirs\u00a0\u00bb de la Cour, ce site a \u00e9t\u00e9 pendant tout ce temps et jusqu\u2019\u00e0 la R\u00e9volution une \u00ab\u00a0ruche\u00a0\u00bb tr\u00e8s active\u00a0!<\/p>\n<p style=\"text-align: justify;\">En ce lieu on s\u2019occupait de l\u2019organisation mat\u00e9rielle des banquets, des grandes f\u00eates de la Cour. On g\u00e9rait de fa\u00e7on rigoureuse les finances occasionn\u00e9es autant par ces spectacles prestigieux que par les petits divertissements, dans les jardins comme au ch\u00e2teau.<\/p>\n<p>&nbsp;<\/p>\n<p>&nbsp;<\/p>\n<p style=\"text-align: justify;\">Mais <strong>l\u2019h\u00f4tel des \u00ab\u00a0Menus Plaisirs\u00a0\u00bb<\/strong> a \u00e9t\u00e9 \u00e9galement le <strong>lieu o\u00f9 Louis XVI a rassembl\u00e9 les Etats G\u00e9n\u00e9raux en 1789.<\/strong> Les trois ordres (Noblesse, Clerg\u00e9, Tiers-Etat), r\u00e9unis dans un b\u00e2timent aujourd\u2019hui disparu (dans la cour haute o\u00f9 se trouvent maintenant les salles de r\u00e9p\u00e9tition de la Ma\u00eetrise), ont d\u00e9lib\u00e9r\u00e9 par ordre du roi, mais quelques dissensions (rappellons-nous nos cours d\u2019histoire\u00a0!) ont provoqu\u00e9 un repli des membres du Tiers-Etat vers la salle du \u00ab\u00a0Jeu de Paume\u00a0\u00bb (on peut acc\u00e9der \u00e0 ce lieu quelques jours par an, en visite guid\u00e9e\u00a0: voir office du tourisme).<\/p>\n<p><strong>C\u2019est aussi \u00e0 l\u2019h\u00f4tel des \u00ab\u00a0Menus Plaisirs\u00a0\u00bb qu\u2019a eu lieu, dans la nuit du 4 ao\u00fbt 1789, la fameuse \u00ab\u00a0abolition des privil\u00e8ges\u00a0\u00bb\u2026<\/strong><\/p>\n<p><strong>Le premier texte des \u00ab\u00a0droits de l\u2019homme et du citoyen\u00a0\u00bb est n\u00e9 en ce lieu.<\/strong><\/p>\n<p>Mais au-del\u00e0 de l\u2019histoire, <strong>une autre page prestigieuse s\u2019\u00e9crit l\u00e0 depuis trois d\u00e9cennies.<\/strong><\/p>\n<p style=\"text-align: justify;\">Sur mission et en accord avec le Minist\u00e8re de la Culture, <strong>le C.M.B.V. \u0153uvre aujourd\u2019hui, et depuis trente ans,<\/strong> sur plusieurs axes, dont certains sont peu connus du public.<\/p>\n<div id=\"attachment_16236\" style=\"width: 450px\" class=\"wp-caption aligncenter\"><img loading=\"lazy\" decoding=\"async\" aria-describedby=\"caption-attachment-16236\" class=\"wp-image-16236\" src=\"https:\/\/ritmy.fr\/essais\/wp-content\/uploads\/2017\/05\/CMBV-1.png\" alt=\"\" width=\"450\" height=\"338\" srcset=\"https:\/\/ritmy.fr\/essais\/wp-content\/uploads\/2017\/05\/CMBV-1.png 579w, https:\/\/ritmy.fr\/essais\/wp-content\/uploads\/2017\/05\/CMBV-1-300x225.png 300w\" sizes=\"auto, (max-width: 450px) 100vw, 450px\" \/><p id=\"caption-attachment-16236\" class=\"wp-caption-text\">La magnifique Chapelle Royale du ch\u00e2teau !<\/p><\/div>\n<p style=\"text-align: justify;\">En effet, si chacun peut appr\u00e9cier <strong>chaque jeudi, de novembre \u00e0 juin, les magnifiques <span style=\"color: #333399;\">\u00ab\u00a0auditions\u00a0\u00bb des \u00ab\u00a0Pages et des Chantres\u00a0\u00bb<\/span> dans la cadre prestigieux de la <span style=\"color: #333399;\">Chapelle Royale du ch\u00e2teau<\/span> (17h30), le C.M.B.V. est d\u2019abord un haut lieu de <span style=\"color: #333399;\">recherche, de promotion et de diffusion en ce qui concerne la musique fran\u00e7aise des XVII\u00e8me et XVIII\u00e8me si\u00e8cles<\/span>.<\/strong><\/p>\n<p>&nbsp;<\/p>\n<p><img loading=\"lazy\" decoding=\"async\" class=\"alignright wp-image-16235\" src=\"https:\/\/ritmy.fr\/essais\/wp-content\/uploads\/2017\/05\/CMBV3-1.png\" alt=\"\" width=\"335\" height=\"251\" srcset=\"https:\/\/ritmy.fr\/essais\/wp-content\/uploads\/2017\/05\/CMBV3-1.png 564w, https:\/\/ritmy.fr\/essais\/wp-content\/uploads\/2017\/05\/CMBV3-1-300x225.png 300w\" sizes=\"auto, (max-width: 335px) 100vw, 335px\" \/><\/p>\n<p>&nbsp;<\/p>\n<p>Dans la <span style=\"color: #333333;\"><strong>biblioth\u00e8que \u00e0 l\u2019\u00e9tage<\/strong>,<\/span> fac-simil\u00e9s, documents iconographiques, partitions de tous ordres sont \u00e0 la disposition des personnes qui peuvent prendre rendez-vous pour une \u00e9tude particuli\u00e8re, la v\u00e9rification d\u2019un point de d\u00e9tail d\u2019une \u0153uvre, ou la consultation d\u2019une partition rare\u2026<\/p>\n<p>&nbsp;<\/p>\n<p><strong>Vraie ressource<\/strong> pour tous les \u00e9tudiants, musicologues, chercheurs, passionn\u00e9s de partitions anciennes, ce centre a su se doter depuis quelque temps <strong>d\u2019outils informatiques<\/strong> remarquables, offrant ainsi un <strong>ensemble de donn\u00e9es accessible maintenant \u00e0 tous publics.<\/strong><\/p>\n<p>&nbsp;<\/p>\n<p><strong>Mais les missions du C.M.B.V. ne se r\u00e9duisent pas \u00e0 la recherche et \u00e0 ces somptueux rendez-vous musicaux du jeudi.<\/strong><\/p>\n<p><span style=\"color: #333399;\"><strong>Faire rayonner la musique baroque fran\u00e7aise<\/strong><\/span> est un troisi\u00e8me p\u00f4le d\u2019activit\u00e9s, et pas des moindres\u00a0!<\/p>\n<p><strong>Pour la saison 2017\u00a0\/ 2018, o\u00f9 se poursuit la comm\u00e9moration du trenti\u00e8me anniversaire du C.M.B.V.<\/strong>, ce ne sont pas moins, <strong>en France comme \u00e0 l\u2019\u00e9tranger<\/strong>, de\u00a0:\u00a0<strong>65 repr\u00e9sentations, <\/strong><strong>19 concerts, <\/strong><strong>8 spectacles, <\/strong><strong>34 partenaires , <\/strong><strong>23 chanteurs en r\u00e9sidence<\/strong><\/p>\n<p>Et, c\u00f4t\u00e9 \u00ab\u00a0formation\u00a0\u00bb\u00a0:\u00a0<strong>5 concerts et spectacles avec ch\u0153ur des &lsquo;Pages et Chantres&rsquo;, <\/strong><strong>140 \u00e9l\u00e8ves et \u00e9tudiants chanteurs, 2<\/strong><strong>4 Jeudis musicaux de la Chapelle Royale<\/strong><\/p>\n<p>Si l\u2019on ajoute, c\u00f4t\u00e9 recherche\u00a0: \u00a0<strong>4 colloques, <\/strong><strong>2 s\u00e9minaires de recherche, <\/strong><strong>1 projet de performance practice, <\/strong><strong>14 partenaires<\/strong><\/p>\n<p>Et c\u00f4t\u00e9 \u00ab\u00a0actions culturelles\u00a0\u00bb\u00a0: \u00a0<strong>2 classes \u00e0 projet (PEAC), <\/strong><strong>1 grand projet avec TRAPPES (\u00ab\u00a0g\u00e9n\u00e9ration LULLY\u00a0\u00bb)<\/strong><\/p>\n<p>Enfin quelques publications et ressources\u00a0:\u00a0<strong>15 partitions, <\/strong><strong>6 projets discographiques, <\/strong><strong>4 ouvrages scientifiques et num\u00e9riques<\/strong><\/p>\n<p>Cette \u00e9num\u00e9ration donne une id\u00e9e de l\u2019\u00e9tendue des activit\u00e9s du C.M.B.V. pour l\u2019ann\u00e9e 2017 \/ 2018\u00a0!<\/p>\n<h4 style=\"text-align: justify;\"><span style=\"color: #333399;\">Les <strong>amis et abonn\u00e9s de RITMY<\/strong> ont donc pu appr\u00e9cier, par les explications et les commentaires de <strong>Denis SKROBALA<\/strong>, <strong>l\u2019importance des missions confi\u00e9es au Centre de Musique Baroque<\/strong> <strong>de Versailles<\/strong>, dont elle s\u2019acquitte avec <strong>un dynamisme et une comp\u00e9tence reconnus internationalement.<\/strong><\/span><\/h4>\n<h4 style=\"text-align: justify;\"><span style=\"color: #333399;\">Apr\u00e8s la visite comment\u00e9e, les deux groupes des Amis et abonn\u00e9s de Ritmy ont \u00e9t\u00e9 convi\u00e9s, \u00e0 des places r\u00e9serv\u00e9es, \u00e0 <span style=\"text-decoration: underline;\"><strong>l&rsquo;audition des<\/strong> <\/span><strong><span style=\"text-decoration: underline;\">\u00ab\u00a0Pages et des Chantres\u00a0\u00bb dans la cadre prestigieux de la Chapelle Royale du ch\u00e2teau<\/span>.<\/strong><\/span><\/h4>\n<h4><\/h4>\n<div id=\"attachment_16233\" style=\"width: 520px\" class=\"wp-caption aligncenter\"><img loading=\"lazy\" decoding=\"async\" aria-describedby=\"caption-attachment-16233\" class=\"wp-image-16233\" src=\"https:\/\/ritmy.fr\/essais\/wp-content\/uploads\/2017\/05\/IMG_5453.jpg\" alt=\"\" width=\"520\" height=\"390\" srcset=\"https:\/\/ritmy.fr\/essais\/wp-content\/uploads\/2017\/05\/IMG_5453.jpg 1024w, https:\/\/ritmy.fr\/essais\/wp-content\/uploads\/2017\/05\/IMG_5453-300x225.jpg 300w, https:\/\/ritmy.fr\/essais\/wp-content\/uploads\/2017\/05\/IMG_5453-768x576.jpg 768w, https:\/\/ritmy.fr\/essais\/wp-content\/uploads\/2017\/05\/IMG_5453-1000x750.jpg 1000w\" sizes=\"auto, (max-width: 520px) 100vw, 520px\" \/><p id=\"caption-attachment-16233\" class=\"wp-caption-text\">L&rsquo;audition des &lsquo;Pages et Chantres&rsquo;, sous la direction musicale d&rsquo;Olivier Schneebeli<\/p><\/div>\n<p style=\"text-align: justify;\"><b><strong>Les programmes des auditions des 27 avril et 11 mai \u00e9taient tr\u00e8s riches :<\/strong><\/b><\/p>\n<ul>\n<li style=\"text-align: justify;\"><b><strong>27 avril\u00a0: introduction par pi\u00e8ce d\u2019orgue (\u00e9tudiant du CNSMD de Paris) de J.S. BACH; p<\/strong><\/b><b><strong>uis le \u00ab\u00a0Domine salvum fac regem\u00a0\u00bb de Michel-Richard de LALANDE (1657-1726); u<\/strong><\/b><b><strong>n choral de J.S. BACH (\u00ab\u00a0Christ lag in Todes Banden\u00a0\u00bb \u2013 BWV 277); e<\/strong><\/b><b><strong>t le \u00ab\u00a0Venite, exultemus Domino\u00a0\u00bb de Michel-Richard de LALANDE<\/strong><\/b><\/li>\n<li style=\"text-align: justify;\"><b><strong>11 mai\u00a0: \u00ab\u00a0Les Psaumes de la R\u00e9forme\u00a0\u00bb\u00a0: a<\/strong><\/b><b><strong>pr\u00e8s l\u2019orgue habituel (TITELOUZE, MAUDUIT, DE GRIGNY), Psaumes de Claude LE JEUNE (1530-1600) et de Jan Pieterszoon SWEELINCK (1562-1621, organiste et enseignant \u00e0 Amsterdam)<\/strong><\/b><\/li>\n<\/ul>\n<h4 style=\"text-align: justify;\"><em>Voici une pr\u00e9sentation du travail des &lsquo;Pages et Chantres&rsquo; du CMBV, \u00e0 l&rsquo;occasion de l&rsquo;interpr\u00e9tation des \u00a0&lsquo;Histoires sacr\u00e9es&rsquo; de Marc-Antoine Charpentier.<\/em><\/h4>\n<p>&nbsp;<\/p>\n<p><iframe loading=\"lazy\" src=\"https:\/\/www.youtube.com\/embed\/TjhsT7uHoqg?rel=0\" width=\"560\" height=\"315\" frameborder=\"0\" allowfullscreen=\"allowfullscreen\"><\/iframe><\/p>\n<p>&nbsp;<\/p>\n<h4><span style=\"color: #333399;\"><strong>Chacun, chacune a pu repartir, apr\u00e8s les derni\u00e8res envol\u00e9es m\u00e9lodiques des &lsquo;Pages et des Chantres&rsquo; sous les vo\u00fbtes de la Chapelle Royale du ch\u00e2teau, avec une belle r\u00e9colte d\u2019informations, tout \u00e0 la fois sur le plan historique et musical.<\/strong><\/span><\/h4>\n<h4><span style=\"color: #333399;\"><strong>Nul doute que certains viendront go\u00fbter plus souvent aux \u00ab\u00a0jeudis musicaux\u00a0\u00bb, de novembre \u00e0 juin.<\/strong><\/span><\/h4>\n<h5><span style=\"text-decoration: underline;\"><strong>Quelques liens utiles :<\/strong><\/span><\/h5>\n<ul>\n<li>\n<h5><strong>Pour garder le contact avec le Centre de Musique Baroque\u00a0: <a href=\"http:\/\/www.cmbv.fr\"><span style=\"text-decoration: underline;\"><span style=\"color: #3366ff; text-decoration: underline;\"><em>www.cmbv.fr<\/em><\/span><\/span><\/a><\/strong><\/h5>\n<\/li>\n<li>\n<h5><strong>Pour les recherches men\u00e9es par le CMBV\u00a0:\u00a0\u00a0 <span style=\"text-decoration: underline; color: #3366ff;\"><em><a style=\"color: #3366ff; text-decoration: underline;\" href=\"http:\/\/www.philidor.cmbv.fr\">www.philidor.cmbv.fr<\/a><\/em><\/span><\/strong><\/h5>\n<\/li>\n<\/ul>\n<p>&nbsp;<\/p>\n<p style=\"text-align: center;\"><strong>=================<\/strong><\/p>\n<h3><span style=\"color: #333399;\"><strong>Mais surtout, restez attentifs \u00e0 nos informations RITMY, en allant r\u00e9guli\u00e8rement visiter notre site.\u00a0<\/strong><\/span><\/h3>\n<h3 style=\"text-align: justify;\"><span style=\"color: #ff0000;\"><strong>Vers mi-juin, vous pourrez y d\u00e9couvrir le <span style=\"text-decoration: underline;\">programme d\u00e9taill\u00e9 des 28\u00b0 Saisons Musicales 2017-2018<\/span>, qui comportera de tr\u00e8s\u00a0beaux concerts encore une fois&#8230;<\/strong><\/span><\/h3>\n<h3><span style=\"color: #ff0000;\"><strong>Mais encore un peu de patience&#8230;<\/strong><\/span><\/h3>\n<h3><span style=\"color: #333399;\"><strong>A bient\u00f4t donc !<\/strong><\/span><\/h3>\n","protected":false},"excerpt":{"rendered":"<p>Comme chaque ann\u00e9e, les Amis et abonn\u00e9s de RITMY \u00e9taient invit\u00e9s \u00e0 un \u00e9v\u00e8nement musical. Pour les 27\u00b0 Saisons Musicales, c&rsquo;est le Centre de Musique Baroque de Versailles (C.M.B.V.) qui, en deux groupes, les 27 avril et 11 mai dernier, a accueilli les fid\u00e8les\u00a0de RITMY. L&rsquo;an dernier en mai, souvenez-vous, nous avions donn\u00e9 rendez-vous aux &hellip; <\/p>\n<p><a class=\"more-link btn\" href=\"https:\/\/ritmy.fr\/essais\/amis-et-abonnes-a-versailles\/\">Lire la suite<\/a><\/p>\n","protected":false},"author":3,"featured_media":0,"comment_status":"closed","ping_status":"closed","sticky":false,"template":"","format":"standard","meta":{"footnotes":""},"categories":[3,5,7,1],"tags":[231,150,262,263],"class_list":["post-16212","post","type-post","status-publish","format-standard","hentry","category-les-oeuvres","category-dans-les-yvelines","category-manifestations","category-ritmy","tag-amis","tag-baroque","tag-cmbv","tag-versailles","nodate","item-wrap"],"_links":{"self":[{"href":"https:\/\/ritmy.fr\/essais\/wp-json\/wp\/v2\/posts\/16212","targetHints":{"allow":["GET"]}}],"collection":[{"href":"https:\/\/ritmy.fr\/essais\/wp-json\/wp\/v2\/posts"}],"about":[{"href":"https:\/\/ritmy.fr\/essais\/wp-json\/wp\/v2\/types\/post"}],"author":[{"embeddable":true,"href":"https:\/\/ritmy.fr\/essais\/wp-json\/wp\/v2\/users\/3"}],"replies":[{"embeddable":true,"href":"https:\/\/ritmy.fr\/essais\/wp-json\/wp\/v2\/comments?post=16212"}],"version-history":[{"count":26,"href":"https:\/\/ritmy.fr\/essais\/wp-json\/wp\/v2\/posts\/16212\/revisions"}],"predecessor-version":[{"id":16246,"href":"https:\/\/ritmy.fr\/essais\/wp-json\/wp\/v2\/posts\/16212\/revisions\/16246"}],"wp:attachment":[{"href":"https:\/\/ritmy.fr\/essais\/wp-json\/wp\/v2\/media?parent=16212"}],"wp:term":[{"taxonomy":"category","embeddable":true,"href":"https:\/\/ritmy.fr\/essais\/wp-json\/wp\/v2\/categories?post=16212"},{"taxonomy":"post_tag","embeddable":true,"href":"https:\/\/ritmy.fr\/essais\/wp-json\/wp\/v2\/tags?post=16212"}],"curies":[{"name":"wp","href":"https:\/\/api.w.org\/{rel}","templated":true}]}}