{"id":16142,"date":"2017-04-24T21:11:50","date_gmt":"2017-04-24T20:11:50","guid":{"rendered":"http:\/\/ritmy.fr\/essais\/?p=16142"},"modified":"2017-12-02T22:01:05","modified_gmt":"2017-12-02T21:01:05","slug":"le-trio-les-esprits-a-mere-succes","status":"publish","type":"post","link":"https:\/\/ritmy.fr\/essais\/le-trio-les-esprits-a-mere-succes\/","title":{"rendered":"Pour conclure ces 27i\u00e8mes \u00ab\u00a0Saisons\u00a0\u00bb, le Trio \u00ab\u00a0Les ESPRITS\u00a0\u00bb \u00e0 M\u00e9r\u00e9&#8230; Succ\u00e8s !"},"content":{"rendered":"<h2 style=\"text-align: center;\"><span style=\"color: #333399;\"><strong>C&rsquo;est avec une certaine fiert\u00e9 que RITMY a pu programmer le\u00a0Trio &lsquo;Les ESPRITS&rsquo;, avec Adam LALOUM, ce samedi 22 avril 2107 \u00e0\u00a0<\/strong><\/span><strong><span style=\"color: #333399;\">M\u00c9R\u00c9.<\/span><\/strong><\/h2>\n<h3 style=\"text-align: justify;\"><strong><span style=\"color: #333399;\"> Nous avions d\u00e9j\u00e0 entendu\u00a0le talentueux pianiste Adam LALOUM lors d&rsquo;une pr\u00e9c\u00e9dente &lsquo;Saison Musicale&rsquo;, mais sa toute r\u00e9cente <\/span><span style=\"color: #000080;\"><em>\u00ab\u00a0Victoire de la Musique Classique\u00a0\u00bb\u00a0<\/em>dans la cat\u00e9gorie \u00ab\u00a0soliste instrumental\u00a0\u00bb,<\/span><span style=\"color: #333399;\">\u00a0en f\u00e9vrier dernier, ne faisait que donner une valeur suppl\u00e9mentaire \u00e0 ce dernier rendez-vous des 27i\u00e8mes \u00ab\u00a0Saisons Musicales\u00a0\u00bb \u00e0 M\u00e9r\u00e9<\/span><\/strong><span style=\"color: #333399;\"><strong>.<\/strong><\/span><\/h3>\n<h4 style=\"text-align: justify;\"><strong>C&rsquo;est tout d&rsquo;abord en duo qu<span style=\"color: #333333;\">&lsquo;<\/span><span style=\"color: #ff0000;\">ADAM LALOUM<\/span> et <span style=\"color: #ff0000;\">MI-SA YANG<\/span>\u00a0au violon ont litt\u00e9ralement pris le tr\u00e8s nombreux public pr\u00e9sent en l&rsquo;\u00e9glise Saint Denis de M\u00e9r\u00e9 sous le charme et la virtuosit\u00e9 du clavier et de l&rsquo;archet, en interpr\u00e9tant la <span style=\"color: #000080;\"><span style=\"color: #ff0000;\">&lsquo;Sonate pour piano et violon en sol mineur&rsquo; de Claude DEBUSSY<\/span>.<\/span><\/strong><\/h4>\n<p>&nbsp;<\/p>\n<div id=\"attachment_16174\" style=\"width: 385px\" class=\"wp-caption aligncenter\"><img loading=\"lazy\" decoding=\"async\" aria-describedby=\"caption-attachment-16174\" class=\"wp-image-16174\" src=\"https:\/\/ritmy.fr\/essais\/wp-content\/uploads\/2017\/04\/IMG_5328-1000x750-2-1.jpg\" alt=\"\" width=\"385\" height=\"289\" srcset=\"https:\/\/ritmy.fr\/essais\/wp-content\/uploads\/2017\/04\/IMG_5328-1000x750-2-1.jpg 1000w, https:\/\/ritmy.fr\/essais\/wp-content\/uploads\/2017\/04\/IMG_5328-1000x750-2-1-300x225.jpg 300w, https:\/\/ritmy.fr\/essais\/wp-content\/uploads\/2017\/04\/IMG_5328-1000x750-2-1-768x576.jpg 768w\" sizes=\"auto, (max-width: 385px) 100vw, 385px\" \/><p id=\"caption-attachment-16174\" class=\"wp-caption-text\">Adam LALOUM et Mi-Sa YANG<\/p><\/div>\n<h4 style=\"text-align: justify;\"><strong>Et ce premier duo avec <span style=\"color: #ff0000;\">Mi-Sa YANG<\/span>, la jeune virtuose cor\u00e9enne, <span style=\"color: #000080;\">1er\u00a0prix au concours international Yehudi Menuhin pour jeunes violonistes en 2000<\/span>, fut une magistrale entr\u00e9e en mati\u00e8re !<\/strong><\/h4>\n<h4 style=\"text-align: justify;\"><strong>Apr\u00e8s ces d\u00e9buts d\u00e9j\u00e0 enthousiasmants, <span style=\"color: #ff0000;\">Victor JULIEN-LAFERRI<\/span><\/strong><span style=\"color: #ff0000;\"><strong>\u00c8<\/strong><\/span><strong><span style=\"color: #ff0000;\">RE<\/span> fit une \u00e9poustouflante d\u00e9monstration au violoncelle, avec la <span style=\"color: #ff0000;\">&lsquo;Sonate pour violoncelle et piano en r\u00e9 mineur op. 40&rsquo; de Dimitri CHOSTAKOVITCH<\/span> qu&rsquo;il pr\u00e9sentera sous peu au\u00a0<span style=\"color: #000080;\">Concours International \u00ab\u00a0Reine Elisabeth\u00a0\u00bb de Belgique<\/span>, l&rsquo;un des grands et prestigieux concours qui r\u00e9unit des instrumentistes de grand talent, venus du monde entier.<\/strong><\/h4>\n<div id=\"attachment_16175\" style=\"width: 440px\" class=\"wp-caption aligncenter\"><img loading=\"lazy\" decoding=\"async\" aria-describedby=\"caption-attachment-16175\" class=\"wp-image-16175\" src=\"https:\/\/ritmy.fr\/essais\/wp-content\/uploads\/2017\/04\/IMG_5338-1000x750-2-1.jpg\" alt=\"\" width=\"440\" height=\"330\" srcset=\"https:\/\/ritmy.fr\/essais\/wp-content\/uploads\/2017\/04\/IMG_5338-1000x750-2-1.jpg 1000w, https:\/\/ritmy.fr\/essais\/wp-content\/uploads\/2017\/04\/IMG_5338-1000x750-2-1-300x225.jpg 300w, https:\/\/ritmy.fr\/essais\/wp-content\/uploads\/2017\/04\/IMG_5338-1000x750-2-1-768x576.jpg 768w\" sizes=\"auto, (max-width: 440px) 100vw, 440px\" \/><p id=\"caption-attachment-16175\" class=\"wp-caption-text\">Adam LALOUM et Victor JULIEN-LAFFERI\u00c8RE<\/p><\/div>\n<h4 style=\"text-align: justify;\"><strong>On lui souhaite une belle r\u00e9compense, bien m\u00e9rit\u00e9e au vu de ce que le public a pu appr\u00e9cier ce samedi soir \u00e0 M\u00e9r\u00e9.<\/strong><\/h4>\n<h4><strong>Apr\u00e8s un court entracte, le <span style=\"color: #ff0000;\">Trio \u00ab\u00a0Les\u00a0ESPRITS\u00a0\u00bb<\/span> se retrouva au complet, pour deux oeuvres particuli\u00e8rement difficiles, dont l&rsquo;interpr\u00e9tation fut l\u00e0 encore magistrale !<\/strong><\/h4>\n<div id=\"attachment_16172\" style=\"width: 565px\" class=\"wp-caption aligncenter\"><img loading=\"lazy\" decoding=\"async\" aria-describedby=\"caption-attachment-16172\" class=\"wp-image-16172\" src=\"https:\/\/ritmy.fr\/essais\/wp-content\/uploads\/2017\/04\/IMG_5366-1000x750-2-1.jpg\" alt=\"\" width=\"565\" height=\"424\" srcset=\"https:\/\/ritmy.fr\/essais\/wp-content\/uploads\/2017\/04\/IMG_5366-1000x750-2-1.jpg 1000w, https:\/\/ritmy.fr\/essais\/wp-content\/uploads\/2017\/04\/IMG_5366-1000x750-2-1-300x225.jpg 300w, https:\/\/ritmy.fr\/essais\/wp-content\/uploads\/2017\/04\/IMG_5366-1000x750-2-1-768x576.jpg 768w\" sizes=\"auto, (max-width: 565px) 100vw, 565px\" \/><p id=\"caption-attachment-16172\" class=\"wp-caption-text\">Le Trio &lsquo;Les Esprits&rsquo;<\/p><\/div>\n<h4 style=\"text-align: justify;\"><strong>Ce fut tout d&rsquo;abord le <span style=\"color: #ff0000;\">&lsquo;Trio n\u00b01 pour violon, violoncelle et piano&rsquo; de Mauricio KAGEL<\/span>, compositeur argentin contemporain (1931-2008), dont les rythmes et les harmonies ont pu peut-\u00eatre surprendre et\/ou ravir plus d&rsquo;un spectateur par leur modernit\u00e9.<\/strong><\/h4>\n<h4 style=\"text-align: justify;\"><strong>Puis le magnifique &lsquo;<span style=\"color: #ff0000;\">Trio pour piano et cordes en la mineur K 542&prime; de Maurice RAVEL<\/span> donna \u00e0 entendre toute la virtuosit\u00e9 de nos trois interpr\u00e8tes, qui furent ovationn\u00e9s longuement avant de revenir sur sc\u00e8ne pour un brillant rappel&#8230;<\/strong><\/h4>\n<div id=\"attachment_16173\" style=\"width: 580px\" class=\"wp-caption aligncenter\"><img loading=\"lazy\" decoding=\"async\" aria-describedby=\"caption-attachment-16173\" class=\"wp-image-16173\" src=\"https:\/\/ritmy.fr\/essais\/wp-content\/uploads\/2017\/04\/IMG_5390-1000x750-2-1.jpg\" alt=\"\" width=\"580\" height=\"435\" srcset=\"https:\/\/ritmy.fr\/essais\/wp-content\/uploads\/2017\/04\/IMG_5390-1000x750-2-1.jpg 1000w, https:\/\/ritmy.fr\/essais\/wp-content\/uploads\/2017\/04\/IMG_5390-1000x750-2-1-300x225.jpg 300w, https:\/\/ritmy.fr\/essais\/wp-content\/uploads\/2017\/04\/IMG_5390-1000x750-2-1-768x576.jpg 768w\" sizes=\"auto, (max-width: 580px) 100vw, 580px\" \/><p id=\"caption-attachment-16173\" class=\"wp-caption-text\">Longue ovation pour nos trois virtuoses !<\/p><\/div>\n<h4 style=\"text-align: justify;\"><strong>Si ces trois instrumentistes se sont pour la toute premi\u00e8re fois retrouv\u00e9s en f\u00e9vrier 2009 pour un premier concert, ils ont pour notre plus grand plaisir d\u00e9cid\u00e9 en 2012 de former le <span style=\"color: #ff0000;\">Trio \u00ab\u00a0Les ESPRITS\u00a0\u00bb<\/span> (en r\u00e9f\u00e9rence au c\u00e9l\u00e8bre \u00ab\u00a0Trio des Esprits\u00a0\u00bb n\u00b0 5 en r\u00e9 majeur de <span style=\"color: #ff0000;\">BEETHOVEN<\/span>, compos\u00e9 en 1807-1808).<\/strong><\/h4>\n<h4 style=\"text-align: justify;\"><strong>Un premier disque, consacr\u00e9 \u00e0 Beethoven et Schumann, est paru en janvier 2014 (label Mirare).\u00a0<\/strong><strong>Un deuxi\u00e8me disque est \u00e0 para\u00eetre en 2017.<\/strong><\/h4>\n<div id=\"attachment_16176\" style=\"width: 310px\" class=\"wp-caption alignleft\"><img loading=\"lazy\" decoding=\"async\" aria-describedby=\"caption-attachment-16176\" class=\"wp-image-16176\" src=\"https:\/\/ritmy.fr\/essais\/wp-content\/uploads\/2017\/04\/IMG_5346-1000x750-2-1.jpg\" alt=\"\" width=\"310\" height=\"233\" srcset=\"https:\/\/ritmy.fr\/essais\/wp-content\/uploads\/2017\/04\/IMG_5346-1000x750-2-1.jpg 1000w, https:\/\/ritmy.fr\/essais\/wp-content\/uploads\/2017\/04\/IMG_5346-1000x750-2-1-300x225.jpg 300w, https:\/\/ritmy.fr\/essais\/wp-content\/uploads\/2017\/04\/IMG_5346-1000x750-2-1-768x576.jpg 768w\" sizes=\"auto, (max-width: 310px) 100vw, 310px\" \/><p id=\"caption-attachment-16176\" class=\"wp-caption-text\">Adam LALOUM<\/p><\/div>\n<p>&nbsp;<\/p>\n<p>&nbsp;<\/p>\n<p>&nbsp;<\/p>\n<p>&nbsp;<\/p>\n<p>&nbsp;<\/p>\n<div id=\"attachment_16177\" style=\"width: 310px\" class=\"wp-caption alignright\"><img loading=\"lazy\" decoding=\"async\" aria-describedby=\"caption-attachment-16177\" class=\"wp-image-16177\" src=\"https:\/\/ritmy.fr\/essais\/wp-content\/uploads\/2017\/04\/IMG_5347-1000x750-2-1.jpg\" alt=\"\" width=\"310\" height=\"233\" srcset=\"https:\/\/ritmy.fr\/essais\/wp-content\/uploads\/2017\/04\/IMG_5347-1000x750-2-1.jpg 1000w, https:\/\/ritmy.fr\/essais\/wp-content\/uploads\/2017\/04\/IMG_5347-1000x750-2-1-300x225.jpg 300w, https:\/\/ritmy.fr\/essais\/wp-content\/uploads\/2017\/04\/IMG_5347-1000x750-2-1-768x576.jpg 768w\" sizes=\"auto, (max-width: 310px) 100vw, 310px\" \/><p id=\"caption-attachment-16177\" class=\"wp-caption-text\">Victor JULIEN-LAFFERI\u00c8RE<\/p><\/div>\n<p>&nbsp;<\/p>\n<p>&nbsp;<\/p>\n<div id=\"attachment_16178\" style=\"width: 310px\" class=\"wp-caption aligncenter\"><img loading=\"lazy\" decoding=\"async\" aria-describedby=\"caption-attachment-16178\" class=\"wp-image-16178\" src=\"https:\/\/ritmy.fr\/essais\/wp-content\/uploads\/2017\/04\/IMG_5364-1000x750-2-1.jpg\" alt=\"\" width=\"310\" height=\"233\" srcset=\"https:\/\/ritmy.fr\/essais\/wp-content\/uploads\/2017\/04\/IMG_5364-1000x750-2-1.jpg 1000w, https:\/\/ritmy.fr\/essais\/wp-content\/uploads\/2017\/04\/IMG_5364-1000x750-2-1-300x225.jpg 300w, https:\/\/ritmy.fr\/essais\/wp-content\/uploads\/2017\/04\/IMG_5364-1000x750-2-1-768x576.jpg 768w\" sizes=\"auto, (max-width: 310px) 100vw, 310px\" \/><p id=\"caption-attachment-16178\" class=\"wp-caption-text\">Mi-Sa YANG<\/p><\/div>\n<h4 style=\"text-align: justify;\"><strong><em>Nous les retrouvons dans une belle interpr\u00e9tation du\u00a0&lsquo;2e Trio pour piano, violon &amp; violoncelle en mi b\u00e9mol majeur D.929 op.100&rsquo; (2e et 3e mouvements) de\u00a0Franz SCHUBERT.\u00a0<\/em><\/strong><strong><em>Tr\u00e8s beau moment de\u00a0musique romantique&#8230;<\/em><\/strong><\/h4>\n<p><iframe loading=\"lazy\" src=\"https:\/\/www.youtube.com\/embed\/95d5zMQwThs?rel=0\" width=\"560\" height=\"315\" frameborder=\"0\" allowfullscreen=\"allowfullscreen\"><\/iframe><\/p>\n<h4 style=\"text-align: center;\">\u00a0<strong>=================<\/strong><\/h4>\n<h4 style=\"text-align: justify;\"><strong>Nous tenons \u00e0 <span style=\"color: #ff0000;\">remercier particuli\u00e8rement les \u00ab\u00a0Amis\u00a0\u00bb de RITMY et les abonn\u00e9s<span style=\"color: #333333;\">,<\/span><\/span> qui depuis plusieurs \u00ab\u00a0Saisons Musicales\u00a0\u00bb nous soutiennent par leur pr\u00e9sence, leur fid\u00e9lit\u00e9.<\/strong><\/h4>\n<h4 style=\"text-align: justify;\"><strong>Et nous leur donnons rendez-vous pour l&rsquo;Assembl\u00e9e G\u00e9n\u00e9rale RITMY qui leur <span style=\"color: #ff0000;\"><u>d\u00e9voilera le programme complet des 28\u00e8mes \u00ab\u00a0Saisons\u00a0Musicales\u00a0\u00bb<\/u><\/span>, courant juin prochain (la date leur sera communiqu\u00e9e tr\u00e8s bient\u00f4t).<\/strong><\/h4>\n<h3 style=\"text-align: justify;\"><span style=\"color: #333399;\"><strong>Nous serons heureux de retrouver tout notre public pour les rendez-vous de 2017-2018, \u00e0 partir de l&rsquo;automne 2017, avec encore de tr\u00e8s belles surprises !<\/strong><\/span><\/h3>\n<h3 style=\"text-align: justify;\"><strong><span style=\"color: #333399;\"><u>Un conseil,\u00a0consultez r\u00e9guli\u00e8rement notre site, vers mi-juin le programme\u00a0de la nouvelle \u00ab\u00a0Saison Musicale\u00a0\u00bb sera pr\u00e9sent\u00e9 en d\u00e9tail&#8230;<\/u><\/span><\/strong><\/h3>\n<h3><span style=\"color: #333399;\"><strong>A tr\u00e8s\u00a0<\/strong><strong>bient\u00f4t donc !<\/strong><\/span><\/h3>\n<p>&nbsp;<\/p>\n<hr \/>\n<h5 style=\"text-align: justify;\"><strong>Si vous voulez r\u00e9agir \u00e0 cet article, nous poser une question, nous faire des suggestions, contacter l&rsquo;\u00e9quipe RITMY\u2026 n\u2019h\u00e9sitez pas \u00e0 vous exprimer par courriel :<\/strong><\/h5>\n<h5 style=\"text-align: center;\"><strong><a href=\"mailto:contact.ritmy@gmail.com\" target=\"_blank\" rel=\"noopener noreferrer\">contact.ritmy@gmail.com<\/a><\/strong><\/h5>\n<p>&nbsp;<\/p>\n","protected":false},"excerpt":{"rendered":"<p>C&rsquo;est avec une certaine fiert\u00e9 que RITMY a pu programmer le\u00a0Trio &lsquo;Les ESPRITS&rsquo;, avec Adam LALOUM, ce samedi 22 avril 2107 \u00e0\u00a0M\u00c9R\u00c9. Nous avions d\u00e9j\u00e0 entendu\u00a0le talentueux pianiste Adam LALOUM lors d&rsquo;une pr\u00e9c\u00e9dente &lsquo;Saison Musicale&rsquo;, mais sa toute r\u00e9cente \u00ab\u00a0Victoire de la Musique Classique\u00a0\u00bb\u00a0dans la cat\u00e9gorie \u00ab\u00a0soliste instrumental\u00a0\u00bb,\u00a0en f\u00e9vrier dernier, ne faisait que donner une &hellip; <\/p>\n<p><a class=\"more-link btn\" href=\"https:\/\/ritmy.fr\/essais\/le-trio-les-esprits-a-mere-succes\/\">Lire la suite<\/a><\/p>\n","protected":false},"author":4,"featured_media":0,"comment_status":"closed","ping_status":"closed","sticky":false,"template":"","format":"standard","meta":{"footnotes":""},"categories":[3,4,6,1],"tags":[],"class_list":["post-16142","post","type-post","status-publish","format-standard","hentry","category-les-oeuvres","category-concerts","category-les-musiciens","category-ritmy","nodate","item-wrap"],"_links":{"self":[{"href":"https:\/\/ritmy.fr\/essais\/wp-json\/wp\/v2\/posts\/16142","targetHints":{"allow":["GET"]}}],"collection":[{"href":"https:\/\/ritmy.fr\/essais\/wp-json\/wp\/v2\/posts"}],"about":[{"href":"https:\/\/ritmy.fr\/essais\/wp-json\/wp\/v2\/types\/post"}],"author":[{"embeddable":true,"href":"https:\/\/ritmy.fr\/essais\/wp-json\/wp\/v2\/users\/4"}],"replies":[{"embeddable":true,"href":"https:\/\/ritmy.fr\/essais\/wp-json\/wp\/v2\/comments?post=16142"}],"version-history":[{"count":44,"href":"https:\/\/ritmy.fr\/essais\/wp-json\/wp\/v2\/posts\/16142\/revisions"}],"predecessor-version":[{"id":16207,"href":"https:\/\/ritmy.fr\/essais\/wp-json\/wp\/v2\/posts\/16142\/revisions\/16207"}],"wp:attachment":[{"href":"https:\/\/ritmy.fr\/essais\/wp-json\/wp\/v2\/media?parent=16142"}],"wp:term":[{"taxonomy":"category","embeddable":true,"href":"https:\/\/ritmy.fr\/essais\/wp-json\/wp\/v2\/categories?post=16142"},{"taxonomy":"post_tag","embeddable":true,"href":"https:\/\/ritmy.fr\/essais\/wp-json\/wp\/v2\/tags?post=16142"}],"curies":[{"name":"wp","href":"https:\/\/api.w.org\/{rel}","templated":true}]}}