{"id":16090,"date":"2017-03-27T14:00:30","date_gmt":"2017-03-27T13:00:30","guid":{"rendered":"http:\/\/ritmy.fr\/essais\/?p=16090"},"modified":"2017-12-02T22:00:42","modified_gmt":"2017-12-02T21:00:42","slug":"spiritango-a-richebourg-ovations","status":"publish","type":"post","link":"https:\/\/ritmy.fr\/essais\/spiritango-a-richebourg-ovations\/","title":{"rendered":"SPIRITANGO \u00e0 Richebourg : ovations m\u00e9rit\u00e9es sous ciel \u00ab\u00a0Azzuro\u00a0\u00bb !"},"content":{"rendered":"<h2 style=\"text-align: center;\"><strong><span style=\"color: #333399;\">Passage \u00e0 l&rsquo;heure d&rsquo;\u00e9t\u00e9 sous magnifique ciel bleu ce dimanche 26 mars \u00e0<\/span> <span style=\"color: #ff0000;\">RICHEBOURG<\/span><span style=\"color: #333399;\">&#8230; et en tr\u00e8s bonne compagnie ! <\/span><\/strong><\/h2>\n<h2 style=\"text-align: justify;\"><strong><span style=\"color: #333399;\">Deux \u00ab\u00a0Fanny\u00a0\u00bb (au violon,<\/span> <span style=\"color: #ff0000;\">Fanny GALLOIS-STEFANELLI<\/span> <span style=\"color: #333399;\">et au piano,<\/span> <span style=\"color: #ff0000;\">Fanny AZZURO<\/span><span style=\"color: #333399;\">) et leurs deux comp\u00e8res (\u00e0 l&rsquo;accord\u00e9on<\/span> <span style=\"color: #ff0000;\">Thomas CHEDAL<\/span> <span style=\"color: #333399;\">et \u00e0 la contrebasse<\/span> <span style=\"color: #ff0000;\">Beno\u00eet LEVESQUE<\/span><span style=\"color: #333399;\">)&#8230; Ce quatuor \u00e9tait en totale ad\u00e9quation avec la m\u00e9t\u00e9o de ce jour de printemps en la salle polyvalente \u00ab\u00a0Edith Piaf\u00a0\u00bb.<\/span><\/strong><\/h2>\n<div id=\"attachment_16091\" style=\"width: 700px\" class=\"wp-caption aligncenter\"><a href=\"https:\/\/ritmy.fr\/essais\/spiritango-a-richebourg-ovations\/img_4447\/\" rel=\"attachment wp-att-16091\"><img loading=\"lazy\" decoding=\"async\" aria-describedby=\"caption-attachment-16091\" class=\"wp-image-16091\" src=\"https:\/\/ritmy.fr\/essais\/wp-content\/uploads\/2017\/03\/IMG_4447-1000x510.jpg\" alt=\"\" width=\"700\" height=\"357\" srcset=\"https:\/\/ritmy.fr\/essais\/wp-content\/uploads\/2017\/03\/IMG_4447-1000x510.jpg 1000w, https:\/\/ritmy.fr\/essais\/wp-content\/uploads\/2017\/03\/IMG_4447-300x153.jpg 300w, https:\/\/ritmy.fr\/essais\/wp-content\/uploads\/2017\/03\/IMG_4447-768x392.jpg 768w\" sizes=\"auto, (max-width: 700px) 100vw, 700px\" \/><\/a><p id=\"caption-attachment-16091\" class=\"wp-caption-text\">Beaucoup d&rsquo;amateurs pour cet avant-dernier concert RITMY&#8230;<\/p><\/div>\n<h5 style=\"text-align: justify;\"><strong>Le public est venu en nombre pour ce rendez-vous. Les rythmes du tango ont v\u00e9ritablement enthousiasm\u00e9 les spectateurs, qui ont appr\u00e9ci\u00e9 les arrangements de ce quartet atypique (ils reprennent \u00e0 quatre des partitions qui sont pr\u00e9vues normalement pour un quintette). D&rsquo;<span style=\"color: #ff0000;\">Astor PIAZZOLA<\/span> au compositeur contemporain belge <span style=\"color: #ff0000;\">Fr\u00e9d\u00e9ric DEVRESSE<\/span>, en passant par <span style=\"color: #ff0000;\">Luis CARUANA, De Ramiro GALLO <span style=\"color: #333333;\">ou<\/span> Andres LINETZKY,<\/span> le panel \u00e9tait particuli\u00e8rement bien choisi pour donner \u00e0 tous des fourmillements dans les jambes.<\/strong><\/h5>\n<h5 style=\"text-align: justify;\"><strong>Qui n&rsquo;aurait pas envie de s&rsquo;\u00e9lancer sur une piste de danse \u00e0 l&rsquo;\u00e9coute de \u00ab\u00a0TANGATA\u00a0\u00bb ou \u00ab\u00a0LIBERTANGO\u00a0\u00bb, de <span style=\"color: #ff0000;\">Piazzola<\/span> ?<\/strong><\/h5>\n<h5 style=\"text-align: justify;\"><strong>Mais chacun s&rsquo;est satisfait, depuis sa place, de savourer ces envol\u00e9es tour \u00e0 tour \u00e9lectrisantes ou bien nostalgiques. Les tavernes de BUENOS-AIRES n&rsquo;\u00e9taient pas tr\u00e8s loin de la salle des f\u00eates de RICHEBOURG en ce dimanche.<\/strong><\/h5>\n<h4 style=\"text-align: justify;\"><strong>Ce fut festif, enlev\u00e9, rythm\u00e9, en un mot : <span style=\"color: #ff0000;\">\u00ab\u00a0azzuro\u00a0\u00bb !<\/span><\/strong><\/h4>\n<div id=\"attachment_16092\" style=\"width: 300px\" class=\"wp-caption alignleft\"><a href=\"https:\/\/ritmy.fr\/essais\/spiritango-a-richebourg-ovations\/img_4424\/\" rel=\"attachment wp-att-16092\"><img loading=\"lazy\" decoding=\"async\" aria-describedby=\"caption-attachment-16092\" class=\"size-medium wp-image-16092\" src=\"https:\/\/ritmy.fr\/essais\/wp-content\/uploads\/2017\/03\/IMG_4424-300x225.jpg\" alt=\"\" width=\"300\" height=\"225\" srcset=\"https:\/\/ritmy.fr\/essais\/wp-content\/uploads\/2017\/03\/IMG_4424-300x225.jpg 300w, https:\/\/ritmy.fr\/essais\/wp-content\/uploads\/2017\/03\/IMG_4424-768x576.jpg 768w, https:\/\/ritmy.fr\/essais\/wp-content\/uploads\/2017\/03\/IMG_4424-1000x750.jpg 1000w\" sizes=\"auto, (max-width: 300px) 100vw, 300px\" \/><\/a><p id=\"caption-attachment-16092\" class=\"wp-caption-text\">Fanny AZZURO au piano..<\/p><\/div>\n<p>&nbsp;<\/p>\n<p>&nbsp;<\/p>\n<p style=\"text-align: justify;\"><strong><span style=\"color: #ff0000;\">Fanny AZZURO<\/span>, si bien nomm\u00e9e, car vraiment \u00ab\u00a0azur\u00e9enne\u00a0\u00bb au clavier&#8230; Comme les trois autres membres du groupe <span style=\"color: #ff0000;\">SPIRITANGO<\/span>, elle est pass\u00e9e par le CNSM de Paris, et a aussi perfectionn\u00e9 sa pratique instrumentale \u00e0 l&rsquo;Acad\u00e9mie SIBELIUS d&rsquo;Helsinki et \u00e0 l&rsquo;Acad\u00e9mie pianistique d&rsquo;Imola.<\/strong><\/p>\n<p style=\"text-align: justify;\"><strong>Elle est par ailleurs laur\u00e9ate, entre autres, du World Piano Competition \u00e0 Cincinnati, \u00ab\u00a0Lalla Meryem\u00a0\u00bb \u00e0 Rabat, Washington International Piano Competition et Piano Campus&#8230;<\/strong><\/p>\n<p>&nbsp;<\/p>\n<div id=\"attachment_16093\" style=\"width: 191px\" class=\"wp-caption alignright\"><a href=\"https:\/\/ritmy.fr\/essais\/spiritango-a-richebourg-ovations\/img_4465\/\" rel=\"attachment wp-att-16093\"><img loading=\"lazy\" decoding=\"async\" aria-describedby=\"caption-attachment-16093\" class=\"size-medium wp-image-16093\" src=\"https:\/\/ritmy.fr\/essais\/wp-content\/uploads\/2017\/03\/IMG_4465-191x300.jpg\" alt=\"\" width=\"191\" height=\"300\" srcset=\"https:\/\/ritmy.fr\/essais\/wp-content\/uploads\/2017\/03\/IMG_4465-191x300.jpg 191w, https:\/\/ritmy.fr\/essais\/wp-content\/uploads\/2017\/03\/IMG_4465-768x1205.jpg 768w, https:\/\/ritmy.fr\/essais\/wp-content\/uploads\/2017\/03\/IMG_4465-637x1000.jpg 637w, https:\/\/ritmy.fr\/essais\/wp-content\/uploads\/2017\/03\/IMG_4465.jpg 1689w\" sizes=\"auto, (max-width: 191px) 100vw, 191px\" \/><\/a><p id=\"caption-attachment-16093\" class=\"wp-caption-text\">Fanny GALLOIS-STEFANELLI au violon<\/p><\/div>\n<p>&nbsp;<\/p>\n<p>&nbsp;<\/p>\n<p>&nbsp;<\/p>\n<p style=\"text-align: justify;\"><strong><span style=\"color: #ff0000;\">Fanny GALLOIS-STEFANELLI<\/span> a eu en mains un violon d\u00e8s l&rsquo;\u00e2ge de cinq ans&#8230;<\/strong><\/p>\n<p style=\"text-align: justify;\"><strong>et apr\u00e8s de brillantes \u00e9tudes, elle int\u00e8gre le <span style=\"color: #ff0000;\">SPIRITANGO Quartet<\/span>, et se perfectionne avec eux aupr\u00e8s de Richard GALLIANO, Juanjo MOSALINI, ou le Quatuor EBENE.<\/strong><\/p>\n<p style=\"text-align: justify;\"><strong>Ils se sont produits dans de nombreux festivals, aussi bien en France qu&rsquo;\u00e0 l&rsquo;\u00e9tranger (Radio France \u00e0 Montpellier, Op\u00e9ra de Metz, salle Cortot \u00e0 Paris, Sunset Sunside, Essaouira, etc&#8230;).<\/strong><\/p>\n<p>&nbsp;<\/p>\n<p>&nbsp;<\/p>\n<div id=\"attachment_16094\" style=\"width: 182px\" class=\"wp-caption alignleft\"><a href=\"https:\/\/ritmy.fr\/essais\/spiritango-a-richebourg-ovations\/img_4432\/\" rel=\"attachment wp-att-16094\"><img loading=\"lazy\" decoding=\"async\" aria-describedby=\"caption-attachment-16094\" class=\"size-medium wp-image-16094\" src=\"https:\/\/ritmy.fr\/essais\/wp-content\/uploads\/2017\/03\/IMG_4432-182x300.jpg\" alt=\"\" width=\"182\" height=\"300\" srcset=\"https:\/\/ritmy.fr\/essais\/wp-content\/uploads\/2017\/03\/IMG_4432-182x300.jpg 182w, https:\/\/ritmy.fr\/essais\/wp-content\/uploads\/2017\/03\/IMG_4432-768x1266.jpg 768w, https:\/\/ritmy.fr\/essais\/wp-content\/uploads\/2017\/03\/IMG_4432-607x1000.jpg 607w\" sizes=\"auto, (max-width: 182px) 100vw, 182px\" \/><\/a><p id=\"caption-attachment-16094\" class=\"wp-caption-text\">Beno\u00eet LEVESQUE \u00e0 la contrebasse&#8230;<\/p><\/div>\n<p>&nbsp;<\/p>\n<p>&nbsp;<\/p>\n<p>&nbsp;<\/p>\n<p style=\"text-align: justify;\"><strong>Apr\u00e8s des \u00e9tudes au Havre et \u00e0 St Maur, <span style=\"color: #ff0000;\">Beno\u00eet LEVESQUE<\/span> int\u00e8gre lui aussi le CNSM de Paris. Contrebassiste solo \u00e0 l&rsquo;Orchestre Fran\u00e7ais des Jeunes, \u00e0 l&rsquo;Orchestre PASDELOUP, \u00e0 l&rsquo;Orchestre symphonique de l&rsquo;Aube, il a effectu\u00e9 des remplacements \u00e0 l&rsquo;Orchestre de l&rsquo;Op\u00e9ra de Paris, l&rsquo;Orchestre National de Lyon, l&rsquo;ensemble 2e2m.<\/strong><\/p>\n<p style=\"text-align: justify;\"><strong> Il est membre de l&rsquo;Acad\u00e9mie de l&rsquo;Orchestre de Paris et de l&rsquo;Orchestre Philharmonique de Radio-France. Il a enregistr\u00e9 de nombreux th\u00e8mes pour le cin\u00e9ma et la t\u00e9l\u00e9vision&#8230;<\/strong><\/p>\n<p>&nbsp;<\/p>\n<p>&nbsp;<\/p>\n<p>&nbsp;<\/p>\n<p>&nbsp;<\/p>\n<div id=\"attachment_16095\" style=\"width: 167px\" class=\"wp-caption alignright\"><a href=\"https:\/\/ritmy.fr\/essais\/spiritango-a-richebourg-ovations\/img_4427\/\" rel=\"attachment wp-att-16095\"><img loading=\"lazy\" decoding=\"async\" aria-describedby=\"caption-attachment-16095\" class=\"size-medium wp-image-16095\" src=\"https:\/\/ritmy.fr\/essais\/wp-content\/uploads\/2017\/03\/IMG_4427-167x300.jpg\" alt=\"\" width=\"167\" height=\"300\" srcset=\"https:\/\/ritmy.fr\/essais\/wp-content\/uploads\/2017\/03\/IMG_4427-167x300.jpg 167w, https:\/\/ritmy.fr\/essais\/wp-content\/uploads\/2017\/03\/IMG_4427-768x1383.jpg 768w, https:\/\/ritmy.fr\/essais\/wp-content\/uploads\/2017\/03\/IMG_4427-555x1000.jpg 555w, https:\/\/ritmy.fr\/essais\/wp-content\/uploads\/2017\/03\/IMG_4427.jpg 1173w\" sizes=\"auto, (max-width: 167px) 100vw, 167px\" \/><\/a><p id=\"caption-attachment-16095\" class=\"wp-caption-text\">Thomas CHEDAL \u00e0 l&rsquo;accord\u00e9on&#8230;<\/p><\/div>\n<p>&nbsp;<\/p>\n<p>&nbsp;<\/p>\n<p>&nbsp;<\/p>\n<p>&nbsp;<\/p>\n<p><strong>L&rsquo;accord\u00e9on, <span style=\"color: #ff0000;\">Thomas CHEDAL<\/span> l&rsquo;a entrepris d\u00e8s l&rsquo;\u00e2ge de huit ans&#8230; Etudes musicales \u00e0 Chamb\u00e9ry, Grenoble et Bordeaux, puis entr\u00e9e \u00e9galement au CNSM de Paris, dans la classe de Max BONNAY.<\/strong><\/p>\n<p><strong> Il est membre du groupe <span style=\"color: #ff0000;\">SPIRITANGO QUARTET<\/span> depuis 2010.<\/strong><\/p>\n<p>&nbsp;<\/p>\n<p>&nbsp;<\/p>\n<p>&nbsp;<\/p>\n<p>&nbsp;<\/p>\n<p>&nbsp;<\/p>\n<p>&nbsp;<\/p>\n<h5 style=\"text-align: justify;\"><strong>Ce fut une fin d&rsquo;apr\u00e8s-midi printani\u00e8re bien en rythme, et chacun a pu ensuite partager le verre de l&rsquo;amiti\u00e9, sans oublier de faire d\u00e9dicacer le CD que <span style=\"color: #ff0000;\">SPIRITANGO<\/span> proposait en fin de concert. Une belle occasion de retrouver chez soit ces m\u00e9lodies qui donnent envie de transformer son salon en piste de danse !<\/strong><\/h5>\n<h4><em><strong>Et pour rester dans l&rsquo;ambiance, le voici dans l&rsquo;interpr\u00e9tation du c\u00e9l\u00e8bre &lsquo;Libertango&rsquo; d&rsquo;Astor Piazzola :<\/strong><\/em><\/h4>\n<p>&nbsp;<\/p>\n<div style=\"position: relative; height: 0; padding-bottom: 56.25%;\"><iframe loading=\"lazy\" style=\"position: absolute; width: 100%; height: 100%; left: 0;\" src=\"https:\/\/www.youtube.com\/embed\/ZF2wrV5V3aI?rel=0?ecver=2\" width=\"640\" height=\"360\" frameborder=\"0\" allowfullscreen=\"allowfullscreen\"><\/iframe><\/div>\n<p>&nbsp;<\/p>\n<h4 style=\"text-align: justify;\"><strong><span style=\"color: #333399;\">C&rsquo;est bient\u00f4t la fin des 27\u00e8mes Saisons Musicales de RITMY&#8230;<\/span><\/strong><\/h4>\n<h4 style=\"text-align: justify;\"><strong><span style=\"color: #333399;\"> Ne manquez pas le tout dernier rendez-vous, qui aura lieu en l&rsquo;\u00e9glise<\/span> <span style=\"color: #ff0000;\">St Denis de M\u00e9r\u00e9, le samedi 22 avril, \u00e0 20h30<\/span>. <span style=\"color: #333399;\">Ce sera au tour du<\/span><span style=\"color: #ff0000;\"><span style=\"color: #333399;\">\u00a0<\/span>Trio \u00ab\u00a0Les ESPRITS\u00a0\u00bb<\/span> <span style=\"color: #333399;\">de vous faire vibrer, avec le pianiste<\/span> <span style=\"color: #ff0000;\">Adam LALOUM<\/span>\u00a0<span style=\"color: #333399;\">qui a cette ann\u00e9e remport\u00e9 les <span style=\"text-decoration: underline;\"><em>Victoires de la Musique Classique 2017<\/em><\/span>\u00a0\u00a0dans la cat\u00e9gorie \u00ab\u00a0soliste instrumental\u00a0\u00bb !!<\/span><\/strong><br \/>\n<strong><span style=\"color: #333399;\">Il sera entour\u00e9 du violoncelliste<\/span> <span style=\"color: #ff0000;\">Victor JULIEN-<\/span><\/strong><strong><span style=\"color: #ff0000;\">LAFERRI\u00c8RE<\/span> <span style=\"color: #333399;\">et de la violoniste<\/span> <span style=\"color: #ff0000;\">Mi-Sa YANG.<\/span><\/strong><\/h4>\n<h3><span style=\"color: #333399;\"><strong>Tous les d\u00e9tails sur ce superbe concert de cl\u00f4ture, \u00e0 ne pas manquer ! \u00a0<a href=\"https:\/\/ritmy.fr\/essais\/les-esprits-a-mere\/\" target=\"_blank\"><span style=\"text-decoration: underline;\"><em>ICI<\/em><\/span><\/a><\/strong><\/span><\/h3>\n<h3><span style=\"color: #ff0000;\"><strong>Pensez \u00e0 r\u00e9server \u00e0 temps !!!<\/strong><\/span><\/h3>\n","protected":false},"excerpt":{"rendered":"<p>Passage \u00e0 l&rsquo;heure d&rsquo;\u00e9t\u00e9 sous magnifique ciel bleu ce dimanche 26 mars \u00e0 RICHEBOURG&#8230; et en tr\u00e8s bonne compagnie ! Deux \u00ab\u00a0Fanny\u00a0\u00bb (au violon, Fanny GALLOIS-STEFANELLI et au piano, Fanny AZZURO) et leurs deux comp\u00e8res (\u00e0 l&rsquo;accord\u00e9on Thomas CHEDAL et \u00e0 la contrebasse Beno\u00eet LEVESQUE)&#8230; Ce quatuor \u00e9tait en totale ad\u00e9quation avec la m\u00e9t\u00e9o de &hellip; <\/p>\n<p><a class=\"more-link btn\" href=\"https:\/\/ritmy.fr\/essais\/spiritango-a-richebourg-ovations\/\">Lire la suite<\/a><\/p>\n","protected":false},"author":4,"featured_media":0,"comment_status":"closed","ping_status":"closed","sticky":false,"template":"","format":"standard","meta":{"footnotes":""},"categories":[3,4,6,1],"tags":[],"class_list":["post-16090","post","type-post","status-publish","format-standard","hentry","category-les-oeuvres","category-concerts","category-les-musiciens","category-ritmy","nodate","item-wrap"],"_links":{"self":[{"href":"https:\/\/ritmy.fr\/essais\/wp-json\/wp\/v2\/posts\/16090","targetHints":{"allow":["GET"]}}],"collection":[{"href":"https:\/\/ritmy.fr\/essais\/wp-json\/wp\/v2\/posts"}],"about":[{"href":"https:\/\/ritmy.fr\/essais\/wp-json\/wp\/v2\/types\/post"}],"author":[{"embeddable":true,"href":"https:\/\/ritmy.fr\/essais\/wp-json\/wp\/v2\/users\/4"}],"replies":[{"embeddable":true,"href":"https:\/\/ritmy.fr\/essais\/wp-json\/wp\/v2\/comments?post=16090"}],"version-history":[{"count":16,"href":"https:\/\/ritmy.fr\/essais\/wp-json\/wp\/v2\/posts\/16090\/revisions"}],"predecessor-version":[{"id":16121,"href":"https:\/\/ritmy.fr\/essais\/wp-json\/wp\/v2\/posts\/16090\/revisions\/16121"}],"wp:attachment":[{"href":"https:\/\/ritmy.fr\/essais\/wp-json\/wp\/v2\/media?parent=16090"}],"wp:term":[{"taxonomy":"category","embeddable":true,"href":"https:\/\/ritmy.fr\/essais\/wp-json\/wp\/v2\/categories?post=16090"},{"taxonomy":"post_tag","embeddable":true,"href":"https:\/\/ritmy.fr\/essais\/wp-json\/wp\/v2\/tags?post=16090"}],"curies":[{"name":"wp","href":"https:\/\/api.w.org\/{rel}","templated":true}]}}