{"id":15977,"date":"2017-03-06T18:14:34","date_gmt":"2017-03-06T17:14:34","guid":{"rendered":"http:\/\/ritmy.fr\/essais\/?p=15977"},"modified":"2017-06-15T14:14:44","modified_gmt":"2017-06-15T13:14:44","slug":"duo-harpian-deux-anges","status":"publish","type":"post","link":"https:\/\/ritmy.fr\/essais\/duo-harpian-deux-anges\/","title":{"rendered":"Duo HARPIAN : deux \u00ab\u00a0anges\u00a0\u00bb \u00e0 Mareil-sur-Mauldre !"},"content":{"rendered":"<h2 style=\"text-align: justify;\"><span style=\"color: #333399;\">Oui, vous avez bien lu&#8230; le terme n&rsquo;est pas trop fort : <strong>deux \u00ab\u00a0anges\u00a0\u00bb sont bien pass\u00e9s en l&rsquo;\u00e9glise St Martin de MAREIL-sur-MAULDRE ce dimanche 5 mars 2017,<\/strong> et <strong>ont illumin\u00e9 une journ\u00e9e<\/strong> que la m\u00e9t\u00e9o avait plac\u00e9e pourtant sous le signe de la pluie et de la grisaille.<\/span><\/h2>\n<p>&nbsp;<\/p>\n<div id=\"attachment_15978\" style=\"width: 500px\" class=\"wp-caption aligncenter\"><a href=\"https:\/\/ritmy.fr\/essais\/duo-harpian-deux-anges-a-mareil-sur-mauldre\/img_4070\/\" rel=\"attachment wp-att-15978\"><img loading=\"lazy\" decoding=\"async\" aria-describedby=\"caption-attachment-15978\" class=\"wp-image-15978\" src=\"https:\/\/ritmy.fr\/essais\/wp-content\/uploads\/2017\/03\/IMG_4070-1000x750.jpg\" width=\"500\" height=\"375\" srcset=\"https:\/\/ritmy.fr\/essais\/wp-content\/uploads\/2017\/03\/IMG_4070-1000x750.jpg 1000w, https:\/\/ritmy.fr\/essais\/wp-content\/uploads\/2017\/03\/IMG_4070-300x225.jpg 300w, https:\/\/ritmy.fr\/essais\/wp-content\/uploads\/2017\/03\/IMG_4070-768x576.jpg 768w\" sizes=\"auto, (max-width: 500px) 100vw, 500px\" \/><\/a><p id=\"caption-attachment-15978\" class=\"wp-caption-text\"><strong>C\u00e9line et Julia&#8230; deux \u00ab\u00a0anges\u00a0\u00bb virtuoses !<\/strong><\/p><\/div>\n<h4>C&rsquo;est la <strong>\u00ab\u00a0Haute Ecole de Musique\u00a0\u00bb de <span style=\"color: #333333;\">LAUSANNE<\/span><\/strong> qui est \u00e0 l&rsquo;origine de la rencontre de nos deux charmantes musiciennes du <span style=\"color: #ff0000;\"><strong>&lsquo;Duo HARPIAN&rsquo;<\/strong><\/span>.<\/h4>\n<h4 style=\"text-align: justify;\"><span style=\"color: #ff0000;\"><strong>C\u00e9line GAY DES COMBES<\/strong><\/span>,<strong> harpiste<\/strong>, laur\u00e9ate de plusieurs concours, collectionne les prix entre 1999 et 2008, entre autres le <strong>1er prix du concours Suisse pour les jeunes musiciens<\/strong> en 99, et <strong>finaliste au concours international de harpe de la cit\u00e9 des arts \u00e0 Paris<\/strong> en 2005.<\/h4>\n<h4 style=\"text-align: justify;\">De m\u00eame, <span style=\"color: #ff0000;\"><strong>Julia FROSCHHAMMER<\/strong><\/span>, <strong>pianiste<\/strong>, apr\u00e8s un<strong> premier prix au concours \u00ab\u00a0Jugend musizieri\u00a0\u00bb en 95<\/strong>, re\u00e7oit le <strong>prix \u00ab\u00a0Paderewski\u00a0\u00bb <\/strong>et le<strong> prix \u00ab\u00a0Ganz\u00a0\u00bb en 2005.<\/strong><\/h4>\n<h5 style=\"text-align: justify;\"><strong><span style=\"color: #ff0000;\">Julia et C\u00e9line<\/span>,<\/strong> tout en poursuivant leur carri\u00e8re de <strong>concertiste<\/strong>, enseignent \u00e9galement, l&rsquo;une pour le <strong>piano<\/strong> \u00e0 <strong>l&rsquo;Institut de Ribaupierre \u00e0 <span style=\"color: #333333;\">LAUSANNE<\/span><\/strong>, l&rsquo;autre pour la <strong>harpe<\/strong> au <strong>Conservatoire de l&rsquo;Ouest Vaudois \u00e0 <span style=\"color: #333333;\">MORGEN<\/span>,<\/strong>\u00a0au <strong>Conservatoire Populaire de <span style=\"color: #333333;\">GENEVE<\/span><\/strong>, ainsi qu&rsquo;\u00e0 la\u00a0<strong>Haute Ecole de Musique de\u00a0<span style=\"color: #333333;\">LAUSANNE<\/span><\/strong><strong>.<\/strong><\/h5>\n<div id=\"attachment_15980\" style=\"width: 343px\" class=\"wp-caption alignright\"><a href=\"https:\/\/ritmy.fr\/essais\/duo-harpian-deux-anges-a-mareil-sur-mauldre\/img_4057\/\" rel=\"attachment wp-att-15980\"><img loading=\"lazy\" decoding=\"async\" aria-describedby=\"caption-attachment-15980\" class=\" wp-image-15980\" src=\"https:\/\/ritmy.fr\/essais\/wp-content\/uploads\/2017\/03\/IMG_4057-300x225.jpg\" alt=\"\" width=\"343\" height=\"257\" srcset=\"https:\/\/ritmy.fr\/essais\/wp-content\/uploads\/2017\/03\/IMG_4057-300x225.jpg 300w, https:\/\/ritmy.fr\/essais\/wp-content\/uploads\/2017\/03\/IMG_4057-768x576.jpg 768w, https:\/\/ritmy.fr\/essais\/wp-content\/uploads\/2017\/03\/IMG_4057-1000x750.jpg 1000w\" sizes=\"auto, (max-width: 343px) 100vw, 343px\" \/><\/a><p id=\"caption-attachment-15980\" class=\"wp-caption-text\">Julia au piano: fougue et passion ma\u00eetris\u00e9es !<\/p><\/div>\n<div id=\"attachment_15979\" style=\"width: 227px\" class=\"wp-caption alignleft\"><a href=\"https:\/\/ritmy.fr\/essais\/duo-harpian-deux-anges-a-mareil-sur-mauldre\/img_4054\/\" rel=\"attachment wp-att-15979\"><img loading=\"lazy\" decoding=\"async\" aria-describedby=\"caption-attachment-15979\" class=\" wp-image-15979\" src=\"https:\/\/ritmy.fr\/essais\/wp-content\/uploads\/2017\/03\/IMG_4054-195x300.jpg\" alt=\"\" width=\"227\" height=\"349\" srcset=\"https:\/\/ritmy.fr\/essais\/wp-content\/uploads\/2017\/03\/IMG_4054-195x300.jpg 195w, https:\/\/ritmy.fr\/essais\/wp-content\/uploads\/2017\/03\/IMG_4054-768x1180.jpg 768w, https:\/\/ritmy.fr\/essais\/wp-content\/uploads\/2017\/03\/IMG_4054-651x1000.jpg 651w, https:\/\/ritmy.fr\/essais\/wp-content\/uploads\/2017\/03\/IMG_4054.jpg 1952w\" sizes=\"auto, (max-width: 227px) 100vw, 227px\" \/><\/a><p id=\"caption-attachment-15979\" class=\"wp-caption-text\">C\u00e9line \u00e0 la harpe: un \u00ab\u00a0toucher a\u00e9rien\u00a0\u00bb !<\/p><\/div>\n<p>&nbsp;<\/p>\n<p>&nbsp;<\/p>\n<p>&nbsp;<\/p>\n<p>&nbsp;<\/p>\n<p>&nbsp;<\/p>\n<p>&nbsp;<\/p>\n<p>&nbsp;<\/p>\n<p>&nbsp;<\/p>\n<p>&nbsp;<\/p>\n<p>&nbsp;<\/p>\n<p>&nbsp;<\/p>\n<p>&nbsp;<\/p>\n<p>&nbsp;<\/p>\n<p>&nbsp;<\/p>\n<p>&nbsp;<\/p>\n<h5 style=\"text-align: justify;\">C&rsquo;est un <strong>programme enthousiasmant<\/strong> que nous ont propos\u00e9es ces deux virtuoses en duo atypique, en m\u00ealant judicieusement <span style=\"color: #ff0000;\"><strong>GRANADOS<\/strong><\/span> et <span style=\"color: #ff0000;\"><strong>RAMEAU<\/strong><\/span>, <span style=\"color: #ff0000;\"><strong>PIAZZOLA<\/strong><\/span> et <span style=\"color: #ff0000;\"><strong>RAVEL<\/strong><\/span>, ou des <strong>compositions<\/strong> de <span style=\"color: #ff0000;\"><strong>Frank MARTIN <\/strong><span style=\"color: #333333;\">(Suisse)<\/span><\/span> ou <span style=\"color: #ff0000;\"><strong>Louis-Moreau GOTTSCHALK <\/strong><span style=\"color: #333333;\">(USA),<\/span><\/span> avec des <strong>arrangements<\/strong> de <span style=\"color: #ff0000;\"><strong>Fritz FROSCHHAMMER<\/strong><span style=\"color: #333333;\">, qui est le p\u00e8re de<\/span> <strong>Julia<\/strong><\/span>.<\/h5>\n<h5 style=\"text-align: justify;\">Les<strong> \u00ab\u00a0tendres plaintes\u00a0\u00bb<\/strong> d&rsquo;un <span style=\"color: #ff0000;\"><strong>Jean-Philippe RAMEAU<\/strong><\/span> rivalisaient avec les<strong> \u00ab\u00a0Charmantes rencontres\u00a0\u00bb\u00a0<\/strong><strong>\u00ab\u00a0Au jardin des d\u00e9lices et merveilles\u00a0\u00bb <\/strong>de<strong> <span style=\"color: #ff0000;\">Jean FROIDEVAUX<\/span><\/strong><span style=\"color: #ff0000;\">,<\/span> superbement illustr\u00e9es de textes dits pas nos deux interpr\u00e8tes.<\/h5>\n<h4><span style=\"color: #ff0000;\"><strong>Jean Froidevaux<\/strong> <\/span>est un compositeur suisse (n\u00e9 en 1933) qui leur a <strong>d\u00e9di\u00e9 cette oeuvre <\/strong>en 2016.<\/h4>\n<h4><span style=\"color: #ff0000;\"><strong>C\u00e9line<\/strong> <\/span>a expliqu\u00e9 que l&rsquo;origine de la <strong>harpe de concert<\/strong>, qu&rsquo;elle utilise, est due \u00e0 <strong>Maurice Ravel<\/strong>, qui a fait fabriquer par la marque\u00a0<strong>Erard\u00a0<\/strong>une harpe permettant de faire des &lsquo;gliss\u00e9s&rsquo;, ce que ne permettait pas encore la <strong>harpe diatonique<\/strong>. Et\u00a0le duo nous a jou\u00e9 \u00ab\u00a0Introduction et Allegro, pour Harpe et Piano M. 46\u00a0\u00bb du compositeur, qu&rsquo;il a cr\u00e9\u00e9\u00a0pour cette occasion en 1905.<\/h4>\n<p>&nbsp;<\/p>\n<div id=\"attachment_15981\" style=\"width: 450px\" class=\"wp-caption aligncenter\"><a href=\"https:\/\/ritmy.fr\/essais\/duo-harpian-deux-anges-a-mareil-sur-mauldre\/img_4064\/\" rel=\"attachment wp-att-15981\"><img loading=\"lazy\" decoding=\"async\" aria-describedby=\"caption-attachment-15981\" class=\"wp-image-15981\" src=\"https:\/\/ritmy.fr\/essais\/wp-content\/uploads\/2017\/03\/IMG_4064-1000x976.jpg\" width=\"450\" height=\"439\" srcset=\"https:\/\/ritmy.fr\/essais\/wp-content\/uploads\/2017\/03\/IMG_4064-1000x976.jpg 1000w, https:\/\/ritmy.fr\/essais\/wp-content\/uploads\/2017\/03\/IMG_4064-300x293.jpg 300w, https:\/\/ritmy.fr\/essais\/wp-content\/uploads\/2017\/03\/IMG_4064-768x750.jpg 768w\" sizes=\"auto, (max-width: 450px) 100vw, 450px\" \/><\/a><p id=\"caption-attachment-15981\" class=\"wp-caption-text\">Trois rappels&#8230; Triomphe bien m\u00e9rit\u00e9 !<\/p><\/div>\n<h4>Oui, les <strong>\u00ab\u00a0anges\u00a0\u00bb<\/strong> ont fait une magnifique halte en musique et po\u00e9sie \u00e0 <span style=\"color: #ff0000;\"><strong>MAREIL<\/strong><\/span> ce dimanche !<\/h4>\n<h5 style=\"text-align: justify;\"><em><strong>Nous les retrouvons dans &lsquo;Arabesque&rsquo; de Claude Debussy, qui n&rsquo;\u00e9tait pas \u00e0 leur programme. Une tr\u00e8s belle pi\u00e8ce qui met en valeur la harpe,\u00a0avec ses 47 cordes et 7 p\u00e9dales !!<\/strong><\/em><\/h5>\n<p>&nbsp;<\/p>\n<div style=\"position: relative; height: 0; padding-bottom: 56.25%;\"><iframe loading=\"lazy\" style=\"position: absolute; width: 100%; height: 100%; left: 0;\" src=\"https:\/\/www.youtube.com\/embed\/U-v70CPvy_A?rel=0?ecver=2\" width=\"640\" height=\"360\" frameborder=\"0\" allowfullscreen=\"allowfullscreen\"><\/iframe><\/div>\n<h5><\/h5>\n<h5 style=\"text-align: justify;\">L&rsquo;\u00e9glise St Martin \u00e9tait <strong>au grand complet,<\/strong> car outre les places r\u00e9serv\u00e9es au cours des derni\u00e8res semaines, <strong>plus d&rsquo;une centaine d&rsquo;abonn\u00e9s\u00a0<\/strong>avaient r\u00e9pondu \u00ab\u00a0pr\u00e9sent\u00a0\u00bb.<\/h5>\n<h5 style=\"text-align: justify;\"><strong> Encouragement pr\u00e9cieux pour toute l&rsquo;\u00e9quipe de b\u00e9n\u00e9voles de Ritmy<\/strong> <strong>qui, soyez-en persuad\u00e9s, va continuer \u00e0 vous proposer de tels rendez-vous tout au long des 28\u00e8mes Saisons Musicales en 2017-2018.<\/strong><\/h5>\n<p>&nbsp;<\/p>\n<h4 style=\"text-align: justify;\">Mais en attendant de vous faire d\u00e9couvrir la programmation 2017-2018,<span style=\"color: #333333;\"> RITMY\u00a0<\/span>vous retrouvera d\u00e8s le<strong> dimanche 26 mars, \u00e0 17h, salle Edith Piaf\u00a0de RICHEBOURG, pour \u00ab\u00a0trinquer\u00a0\u00bb autour du <span style=\"text-decoration: underline;\"><span style=\"color: #ff0000; text-decoration: underline;\">\u00ab\u00a0SPIRITANGO Quartet\u00a0\u00bb <\/span><\/span><\/strong><span style=\"color: #000000;\">(<\/span><strong>avec Fanny Azzuro au piano !).<\/strong><\/h4>\n<h4>Tous les d\u00e9tails dans notre <a href=\"https:\/\/ritmy.fr\/essais\/spiritango-quartet-a-richebourg\/\" target=\"_blank\"><span style=\"text-decoration: underline;\"><em><strong>ARTICLE<\/strong><\/em><\/span><\/a>.<\/h4>\n<h4 style=\"text-align: justify;\"><span style=\"color: #333333;\">Et nous <strong>cl\u00f4turerons<\/strong> ces 27\u00e8mes Saisons en compagnie du pianiste <span style=\"color: #ff0000;\"><strong>Adam LALOUM<\/strong><\/span>, tout\u00a0<span style=\"color: #ff0000;\"><span style=\"color: #333333;\"><strong>r\u00e9cent<\/strong>\u00a0<\/span><\/span><span style=\"color: #ff0000;\"><strong><span style=\"color: #333333;\">laur\u00e9at des <\/span><\/strong><em><strong><span style=\"color: #333333;\">&lsquo;<\/span>Victoires de la\u00a0Musique\u00a0\u00bb 2017<\/strong> <\/em><span style=\"color: #333333;\">dans la cat\u00e9gorie &lsquo;soliste instrumental&rsquo;,\u00a0<\/span><\/span>et de son formidable\u00a0<span style=\"text-decoration: underline;\"><span style=\"color: #ff0000;\"><strong>Trio \u00ab\u00a0Les\u00a0ESPRITS\u00a0\u00bb.<\/strong><\/span><\/span><\/span><\/h4>\n<h4 style=\"text-align: justify;\"><span style=\"color: #333333;\">Ce trio &lsquo;de choc&rsquo;, avec <span style=\"color: #ff0000;\"><strong>Mi-sa YANG<\/strong><span style=\"color: #333333;\"> au violon<\/span><strong>\u00a0<\/strong><\/span>et<span style=\"color: #ff0000;\"><strong> Victor-Julien LAFERRI\u00c8RE <\/strong><span style=\"color: #333333;\">au violoncelle<\/span><\/span>\u00a0sera en l&rsquo;<strong>\u00e9glise St Denis de M<\/strong><\/span><strong>\u00c9R<\/strong><strong>\u00c9<\/strong><span style=\"color: #333399;\"><strong>\u00a0<\/strong><\/span><span style=\"color: #333333;\"><strong>le samedi 22 avril, \u00e0 20h30.<\/strong><\/span><\/h4>\n<h4>Tous les d\u00e9tails dans notre <a href=\"https:\/\/ritmy.fr\/essais\/les-esprits-a-mere\/\" target=\"_blank\"><span style=\"text-decoration: underline;\"><em><strong>ARTICLE<\/strong><\/em><\/span><\/a>.<\/h4>\n<h3><span style=\"color: #333399;\"><strong>Un conseil, r\u00e9servez vite !!!<\/strong><\/span><\/h3>\n<p>&nbsp;<\/p>\n","protected":false},"excerpt":{"rendered":"<p>Oui, vous avez bien lu&#8230; le terme n&rsquo;est pas trop fort : deux \u00ab\u00a0anges\u00a0\u00bb sont bien pass\u00e9s en l&rsquo;\u00e9glise St Martin de MAREIL-sur-MAULDRE ce dimanche 5 mars 2017, et ont illumin\u00e9 une journ\u00e9e que la m\u00e9t\u00e9o avait plac\u00e9e pourtant sous le signe de la pluie et de la grisaille. &nbsp; C&rsquo;est la \u00ab\u00a0Haute Ecole de &hellip; <\/p>\n<p><a class=\"more-link btn\" href=\"https:\/\/ritmy.fr\/essais\/duo-harpian-deux-anges\/\">Lire la suite<\/a><\/p>\n","protected":false},"author":4,"featured_media":0,"comment_status":"closed","ping_status":"closed","sticky":false,"template":"","format":"standard","meta":{"footnotes":""},"categories":[3,4,6,1],"tags":[],"class_list":["post-15977","post","type-post","status-publish","format-standard","hentry","category-les-oeuvres","category-concerts","category-les-musiciens","category-ritmy","nodate","item-wrap"],"_links":{"self":[{"href":"https:\/\/ritmy.fr\/essais\/wp-json\/wp\/v2\/posts\/15977","targetHints":{"allow":["GET"]}}],"collection":[{"href":"https:\/\/ritmy.fr\/essais\/wp-json\/wp\/v2\/posts"}],"about":[{"href":"https:\/\/ritmy.fr\/essais\/wp-json\/wp\/v2\/types\/post"}],"author":[{"embeddable":true,"href":"https:\/\/ritmy.fr\/essais\/wp-json\/wp\/v2\/users\/4"}],"replies":[{"embeddable":true,"href":"https:\/\/ritmy.fr\/essais\/wp-json\/wp\/v2\/comments?post=15977"}],"version-history":[{"count":25,"href":"https:\/\/ritmy.fr\/essais\/wp-json\/wp\/v2\/posts\/15977\/revisions"}],"predecessor-version":[{"id":16015,"href":"https:\/\/ritmy.fr\/essais\/wp-json\/wp\/v2\/posts\/15977\/revisions\/16015"}],"wp:attachment":[{"href":"https:\/\/ritmy.fr\/essais\/wp-json\/wp\/v2\/media?parent=15977"}],"wp:term":[{"taxonomy":"category","embeddable":true,"href":"https:\/\/ritmy.fr\/essais\/wp-json\/wp\/v2\/categories?post=15977"},{"taxonomy":"post_tag","embeddable":true,"href":"https:\/\/ritmy.fr\/essais\/wp-json\/wp\/v2\/tags?post=15977"}],"curies":[{"name":"wp","href":"https:\/\/api.w.org\/{rel}","templated":true}]}}