{"id":15768,"date":"2017-02-11T10:00:04","date_gmt":"2017-02-11T09:00:04","guid":{"rendered":"http:\/\/ritmy.fr\/essais\/?p=15768"},"modified":"2017-06-15T14:14:27","modified_gmt":"2017-06-15T13:14:27","slug":"1er-concerto-pour-piano-de-thomas-enhco","status":"publish","type":"post","link":"https:\/\/ritmy.fr\/essais\/1er-concerto-pour-piano-de-thomas-enhco\/","title":{"rendered":"Cr\u00e9ation du &lsquo;1er concerto pour piano&rsquo; de Thomas ENHCO&#8230;"},"content":{"rendered":"<h2 style=\"text-align: center;\"><span style=\"color: #333399;\"><strong>Thomas ENHCO vient d&rsquo;interpr\u00e9ter en cr\u00e9ation mondiale son &lsquo;<em>1er concerto pour piano&rsquo;,\u00a0<\/em><\/strong><\/span><span style=\"color: #333399;\"><strong>avec l&rsquo;Orchestre de Pau Pays de B\u00e9arn,<\/strong><\/span><\/h2>\n<h3 style=\"text-align: center;\"><span style=\"color: #333399;\"><strong>concert qui \u00e9tait retransmis\u00a0en direct sur Radio Classique le 10 f\u00e9vrier \u00e0 20h30<em>.<\/em><\/strong><\/span><\/h3>\n<p><strong> \u00a0\u00a0<\/strong><\/p>\n<h5 style=\"text-align: justify;\"><strong><span style=\"color: #333399;\">Thomas ENHCO nous avait\u00a0parl\u00e9 de la cr\u00e9ation de son <em>&lsquo;1er concerto pour\u00a0piano&rsquo;<\/em>\u00a0lors de son concert du 29 janvier \u00e0 Orgerus avec Isma\u00ebl MARGAIN <em>(compte-rendu <\/em><\/span><span style=\"color: #3366ff;\"><a style=\"color: #3366ff;\" href=\"https:\/\/ritmy.fr\/essais\/thomas-et-ismael-a-orgerus\/\" target=\"_blank\"><span style=\"text-decoration: underline;\"><em>ICI<\/em><\/span><\/a><\/span><span style=\"color: #333399;\">), et nous vous l&rsquo;avions annonc\u00e9 ici.<\/span><\/strong><\/h5>\n<h5 style=\"text-align: justify;\"><span style=\"color: #333399;\"><strong>Aussi nous esp\u00e9rons que vous avez eu la possibilit\u00e9, et chance, d&rsquo;\u00e9couter cette exceptionnelle soir\u00e9e du vendredi 10 f\u00e9vrier, o\u00f9 il y a eu <span style=\"text-decoration: underline;\">plus de 100.000 auditeurs sur Radio Classique<\/span> !!<\/strong><\/span><\/h5>\n<h5 style=\"text-align: justify;\"><span style=\"color: #333399;\"><strong>Thomas ENHCO n&rsquo;a pas seulement interpr\u00e9t\u00e9 son propre concerto, mais il a aussi \u00e9t\u00e9 le soliste dans deux autres concertos : le &lsquo;Concerto pour piano n\u00b0 24&rsquo; de Mozart, et &lsquo;Rhapsodie in blue&rsquo; de Gershwin.<\/strong><\/span><span style=\"color: #333399;\"><strong>\u00a0<\/strong><\/span><\/h5>\n<p><img loading=\"lazy\" decoding=\"async\" class=\"aligncenter wp-image-15770\" src=\"https:\/\/ritmy.fr\/essais\/wp-content\/uploads\/2017\/02\/Concert-Thomas-Ehnco-\u00e0-Pau.jpg\" width=\"343\" height=\"480\" srcset=\"https:\/\/ritmy.fr\/essais\/wp-content\/uploads\/2017\/02\/Concert-Thomas-Ehnco-\u00e0-Pau.jpg 2362w, https:\/\/ritmy.fr\/essais\/wp-content\/uploads\/2017\/02\/Concert-Thomas-Ehnco-\u00e0-Pau-214x300.jpg 214w, https:\/\/ritmy.fr\/essais\/wp-content\/uploads\/2017\/02\/Concert-Thomas-Ehnco-\u00e0-Pau-768x1075.jpg 768w, https:\/\/ritmy.fr\/essais\/wp-content\/uploads\/2017\/02\/Concert-Thomas-Ehnco-\u00e0-Pau-714x1000.jpg 714w\" sizes=\"auto, (max-width: 343px) 100vw, 343px\" \/><\/p>\n<h4><span style=\"color: #333399;\"><strong>Pas moins de trois oeuvres concertantes\u00a0dans la m\u00eame soir\u00e9e, alors que jouer avec un orchestre symphonique est nouveau pour lui !<\/strong><\/span><\/h4>\n<h5 style=\"text-align: justify;\"><strong>Thomas ENHCO qui aime tant l&rsquo;improvisation, o\u00f9 il excelle, s&rsquo;est m\u00eame autoris\u00e9 \u00e0 laisser libre court \u00e0 son inspiration\u00a0durant\u00a0le concerto de Mozart, pendant certains passages\u00a0de piano seul, et aussi durant &lsquo;Rhapsodie in blue&rsquo; !<\/strong><\/h5>\n<h5><strong>Mais bien s\u00fbr, il a aussi improvis\u00e9 dans son propre concerto, d&rsquo;ailleurs les s\u00e9quences de piano ne sont pas toutes\u00a0enti\u00e8rement\u00a0\u00e9crites, juste les bases (!) &#8230; et\u00a0le r\u00e9sultat est \u00e9tonnant, on est\u00a0parfois\u00a0entre le classique et le jazz.<\/strong><\/h5>\n<h5 style=\"text-align: justify;\"><strong>Son concerto, qui comprend 3 mouvements, est vraiment de toute beaut\u00e9, du classique &lsquo;moderne&rsquo;, avec des accents jazz \u00e9videmment. A\u00a0certains moments on\u00a0s&rsquo;imagine dans des oeuvres am\u00e9ricaines comme celles de Gershwin ou Bernstein.<\/strong><\/h5>\n<div id=\"attachment_15807\" style=\"width: 500px\" class=\"wp-caption aligncenter\"><img loading=\"lazy\" decoding=\"async\" aria-describedby=\"caption-attachment-15807\" class=\"wp-image-15807\" src=\"https:\/\/ritmy.fr\/essais\/wp-content\/uploads\/2017\/02\/Thomas-Enhco-\u00e0-Pau.jpg\" width=\"500\" height=\"281\" srcset=\"https:\/\/ritmy.fr\/essais\/wp-content\/uploads\/2017\/02\/Thomas-Enhco-\u00e0-Pau.jpg 960w, https:\/\/ritmy.fr\/essais\/wp-content\/uploads\/2017\/02\/Thomas-Enhco-\u00e0-Pau-300x169.jpg 300w, https:\/\/ritmy.fr\/essais\/wp-content\/uploads\/2017\/02\/Thomas-Enhco-\u00e0-Pau-768x432.jpg 768w\" sizes=\"auto, (max-width: 500px) 100vw, 500px\" \/><p id=\"caption-attachment-15807\" class=\"wp-caption-text\">Pendant le concert&#8230; (photo compte Facebook de Thomas Enhco<\/p><\/div>\n<h3><span style=\"color: #333399;\"><strong>Vous pouvez le r\u00e9entendre !<\/strong><\/span><\/h3>\n<h5 style=\"text-align: justify;\"><strong><span style=\"color: #808080;\">Il est possible de r\u00e9\u00e9couter <span style=\"text-decoration: underline;\">l&rsquo;int\u00e9gralit\u00e9 du concert sur Radio Classique<\/span><\/span><span style=\"color: #808080;\">, pr\u00e9c\u00e9d\u00e9 de l&rsquo;entretien d&rsquo;avant concert avec Laure M\u00e9zan, et c&rsquo;est tr\u00e8s int\u00e9ressant de l&rsquo;entendre parler du processus de cr\u00e9ation de son concerto, une grande premi\u00e8re pour lui, de la\u00a0place qu&rsquo;il a\u00a0laiss\u00e9 \u00e0 l&rsquo;improvisation, des diff\u00e9rences entre le jazz et le classique&#8230; <em>(attention,\u00a0r\u00e9\u00e9coute jusqu&rsquo;au 10 mai 2017 seulement)<\/em><\/span><\/strong><\/h5>\n<h5><span style=\"text-decoration: underline;\"><em><a href=\"https:\/\/www.radioclassique.fr\/replay\/reecouter-un-concert\/concert-de-pau-dirige-pierre-dumoussaud-thomas-enhco\/\">https:\/\/www.radioclassique.fr\/replay\/reecouter-un-concert\/concert-de-pau-dirige-pierre-dumoussaud-thomas-enhco\/<\/a><\/em><\/span><\/h5>\n<h5 style=\"text-align: justify;\"><span style=\"color: #808080;\"><strong>Et\u00a0depuis le 10 avril une vid\u00e9o du 1er mouvement est disponible, il faut vraiment la regarder&#8230; l&rsquo;\u00e9couter !!<\/strong><\/span><\/h5>\n<p>&nbsp;<\/p>\n<div style=\"position: relative; height: 0; padding-bottom: 56.25%;\"><iframe loading=\"lazy\" style=\"position: absolute; width: 100%; height: 100%; left: 0;\" src=\"https:\/\/www.youtube.com\/embed\/0h0dbxsIU4U?rel=0?ecver=2\" width=\"640\" height=\"360\" frameborder=\"0\" allowfullscreen=\"allowfullscreen\"><\/iframe><\/div>\n<p>&nbsp;<\/p>\n<p style=\"text-align: justify;\"><span style=\"color: #333333;\"><strong>Apr\u00e8s ses 3 concerts de Pau, Thomas a jou\u00e9 \u00e0 nouveau son concerto, le 17 mars \u00e0 Avignon, accompagn\u00e9 par l&rsquo;\u00a0<\/strong><strong><em>Orchestre R\u00e9gional Avignon Provence.<\/em><\/strong><\/span><\/p>\n<h5 style=\"text-align: justify;\"><em><strong>On va encore se faire plaisir et \u00e9couter Thomas jouer un morceau de son dernier album solo &lsquo;Feathers&rsquo;, \u00ab\u00a0I&rsquo;m Fine, Thank You\u00a0\u00bb, enregistr\u00e9 en f\u00e9vrier 2015.<\/strong><\/em><\/h5>\n<p>&nbsp;<\/p>\n<div style=\"position: relative; height: 0; padding-bottom: 56.25%;\"><iframe loading=\"lazy\" style=\"position: absolute; width: 100%; height: 100%; left: 0;\" src=\"https:\/\/www.youtube.com\/embed\/OayCFPBd-IQ?rel=0?ecver=2\" width=\"640\" height=\"360\" frameborder=\"0\" allowfullscreen=\"allowfullscreen\"><\/iframe><\/div>\n<p>&nbsp;<\/p>\n<h4 style=\"text-align: justify;\"><span style=\"color: #333399;\"><strong>RITMY est \u00e9videmment tr\u00e8s heureux et fier d&rsquo;avoir d\u00e9j\u00e0 pu accueillir trois fois un tel prodige du\u00a0piano, dont le 29 janvier dernier.<\/strong><\/span><\/h4>\n<h4 style=\"text-align: justify;\"><span style=\"color: #333399;\"><strong>Et,\u00a0souvenez-vous, il a m\u00eame\u00a0\u00e9t\u00e9 notre\u00a0&lsquo;parrain&rsquo; des 26\u00b0 Saisons Musicales RITMY.<\/strong><\/span><\/h4>\n<h3 style=\"text-align: justify;\"><span style=\"color: #333399;\"><strong>Nous esp\u00e9rons tous\u00a0un prochain concert RITMY avec ce grand interpr\u00e8te et compositeur, aussi dou\u00e9\u00a0dans le classique\u00a0que dans le jazz.<\/strong><\/span><\/h3>\n<p>&nbsp;<\/p>\n<hr \/>\n<p>&nbsp;<\/p>\n<h4 style=\"text-align: justify;\"><\/h4>\n","protected":false},"excerpt":{"rendered":"<p>Thomas ENHCO vient d&rsquo;interpr\u00e9ter en cr\u00e9ation mondiale son &lsquo;1er concerto pour piano&rsquo;,\u00a0avec l&rsquo;Orchestre de Pau Pays de B\u00e9arn, concert qui \u00e9tait retransmis\u00a0en direct sur Radio Classique le 10 f\u00e9vrier \u00e0 20h30. \u00a0\u00a0 Thomas ENHCO nous avait\u00a0parl\u00e9 de la cr\u00e9ation de son &lsquo;1er concerto pour\u00a0piano&rsquo;\u00a0lors de son concert du 29 janvier \u00e0 Orgerus avec Isma\u00ebl MARGAIN &hellip; <\/p>\n<p><a class=\"more-link btn\" href=\"https:\/\/ritmy.fr\/essais\/1er-concerto-pour-piano-de-thomas-enhco\/\">Lire la suite<\/a><\/p>\n","protected":false},"author":3,"featured_media":0,"comment_status":"closed","ping_status":"closed","sticky":false,"template":"","format":"standard","meta":{"footnotes":""},"categories":[3,4,6,1],"tags":[192,82,256,27,12,144],"class_list":["post-15768","post","type-post","status-publish","format-standard","hentry","category-les-oeuvres","category-concerts","category-les-musiciens","category-ritmy","tag-concerto","tag-enhco","tag-gershwin","tag-mozart","tag-piano","tag-thomas-enhco","nodate","item-wrap"],"_links":{"self":[{"href":"https:\/\/ritmy.fr\/essais\/wp-json\/wp\/v2\/posts\/15768","targetHints":{"allow":["GET"]}}],"collection":[{"href":"https:\/\/ritmy.fr\/essais\/wp-json\/wp\/v2\/posts"}],"about":[{"href":"https:\/\/ritmy.fr\/essais\/wp-json\/wp\/v2\/types\/post"}],"author":[{"embeddable":true,"href":"https:\/\/ritmy.fr\/essais\/wp-json\/wp\/v2\/users\/3"}],"replies":[{"embeddable":true,"href":"https:\/\/ritmy.fr\/essais\/wp-json\/wp\/v2\/comments?post=15768"}],"version-history":[{"count":53,"href":"https:\/\/ritmy.fr\/essais\/wp-json\/wp\/v2\/posts\/15768\/revisions"}],"predecessor-version":[{"id":16140,"href":"https:\/\/ritmy.fr\/essais\/wp-json\/wp\/v2\/posts\/15768\/revisions\/16140"}],"wp:attachment":[{"href":"https:\/\/ritmy.fr\/essais\/wp-json\/wp\/v2\/media?parent=15768"}],"wp:term":[{"taxonomy":"category","embeddable":true,"href":"https:\/\/ritmy.fr\/essais\/wp-json\/wp\/v2\/categories?post=15768"},{"taxonomy":"post_tag","embeddable":true,"href":"https:\/\/ritmy.fr\/essais\/wp-json\/wp\/v2\/tags?post=15768"}],"curies":[{"name":"wp","href":"https:\/\/api.w.org\/{rel}","templated":true}]}}