{"id":15724,"date":"2017-03-09T12:00:13","date_gmt":"2017-03-09T11:00:13","guid":{"rendered":"http:\/\/ritmy.fr\/essais\/?p=15724"},"modified":"2017-06-15T14:15:06","modified_gmt":"2017-06-15T13:15:06","slug":"spiritango-quartet-a-richebourg","status":"publish","type":"post","link":"https:\/\/ritmy.fr\/essais\/spiritango-quartet-a-richebourg\/","title":{"rendered":"Le SPIRITANGO Quartet, \u00e0 RICHEBOURG le 26 mars 2017"},"content":{"rendered":"<h1 style=\"text-align: center;\"><span style=\"color: #333399;\"><strong>Le SPIRITANGO QUARTET,<\/strong><\/span><\/h1>\n<h1 style=\"text-align: center;\"><em><span style=\"color: #333399;\"><strong>\u00ab\u00a0Chin Chin\u00a0\u00bb<\/strong><\/span><\/em><\/h1>\n<h2 style=\"text-align: center;\"><span style=\"color: #333399;\"><strong>\u00e0 RICHEBOURG, le Dimanche 26\u00a0mars 2017,<\/strong><\/span><\/h2>\n<h2 style=\"text-align: center;\"><span style=\"color: #333399;\"><strong>\u00e0 17h00,\u00a0<\/strong><\/span><span style=\"color: #333399;\"><strong>\u00a0Salle Edith Piaf<\/strong><\/span><\/h2>\n<h3 style=\"text-align: justify;\"><span style=\"color: #666699;\"><strong>\u00c9nergie, harmonie, enthousiasme et cr\u00e9ativit\u00e9 : quatre mots d\u00e9crivant l\u2019essence du SpiriTango Quartet.<\/strong><\/span><\/h3>\n<h3 style=\"text-align: justify;\"><span style=\"color: #666699;\"><strong>En six ans d\u2019existence, ils ont explor\u00e9 un vaste r\u00e9pertoire vari\u00e9 m\u00ealant tango traditionnel, tango nuevo, musique contemporaine et cr\u00e9ations.<\/strong><\/span><\/h3>\n<div id=\"attachment_15727\" style=\"width: 550px\" class=\"wp-caption aligncenter\"><img loading=\"lazy\" decoding=\"async\" aria-describedby=\"caption-attachment-15727\" class=\"wp-image-15727\" src=\"https:\/\/ritmy.fr\/essais\/wp-content\/uploads\/2017\/02\/SpiriTango-4-r\u00e9duit.jpeg\" width=\"550\" height=\"367\" srcset=\"https:\/\/ritmy.fr\/essais\/wp-content\/uploads\/2017\/02\/SpiriTango-4-r\u00e9duit.jpeg 900w, https:\/\/ritmy.fr\/essais\/wp-content\/uploads\/2017\/02\/SpiriTango-4-r\u00e9duit-300x200.jpeg 300w, https:\/\/ritmy.fr\/essais\/wp-content\/uploads\/2017\/02\/SpiriTango-4-r\u00e9duit-768x512.jpeg 768w\" sizes=\"auto, (max-width: 550px) 100vw, 550px\" \/><p id=\"caption-attachment-15727\" class=\"wp-caption-text\">Le SpiriTango Quartet (photo Yann Renoult)<\/p><\/div>\n<p>&nbsp;<\/p>\n<p style=\"text-align: justify;\">Apr\u00e8s avoir \u00e9tudi\u00e9\u0301 au\u00a0<strong>CNSM de Paris<\/strong>, ils sortent en 2013 leur premier album\u00a0<strong>&lsquo;<em>Rage&rsquo;\u00a0<\/em><\/strong>consacr\u00e9 \u00e0 la musique d\u2019<strong>Astor Piazzolla<\/strong>, puis en mars 2015 un deuxi\u00e8me opus\u00a0<strong>&lsquo;<em>Chin Chin&rsquo;<\/em><\/strong>, ouvrant leur univers \u00e0 d\u2019autres compositeurs. Il se perfectionnent aupr\u00e8s de\u00a0<strong>Richard Galliano<\/strong>, Herv\u00e9 Sellin,\u00a0Juan Jos\u00e9 Mosalini, ainsi qu\u2019avec le\u00a0<strong>Quatuor \u00c9b\u00e8ne<\/strong>\u00a0lors de master-classes.<\/p>\n<p style=\"text-align: justify;\">Ils se produisent sur des\u00a0<strong>sc\u00e8nes nationales et internationales<\/strong>\u00a0(Op\u00e9ra de Metz, Invalides et la Sorbonne \u00e0 Paris, amphith\u00e9\u00e2tre de l\u2019Op\u00e9ra de Lyon, Palais des Beaux Arts de Charleroi, Conservatoire Royal de Bruxelles&#8230;) et sont invit\u00e9s \u00e0 jouer lors de nombreux\u00a0<strong>festivals<\/strong>\u00a0dont le Festival Radio France Montpellier, Pianos Folies, Piano Campus, les Pianissimes, Musique en Bourbonnais, Midis-Minimes&#8230; Leur musique est r\u00e9guli\u00e8rement diffus\u00e9e sur les ondes de France Musique, France Inter, RFI , FIP, Radio Classique&#8230;<\/p>\n<h5 style=\"text-align: justify;\"><strong>Leur projet artistique s\u2019articule autour d\u2019interpr\u00e9tations originales, en formation acoustique, \u00e0 la crois\u00e9e des chemins du tango et de la musique de chambre, les richesses et les exigences de chaque monde rejaillissant sur l\u2019autre.<\/strong><\/h5>\n<h5 style=\"text-align: justify;\">D\u2019autre part, dans l\u2019optique de d\u00e9velopper le r\u00e9pertoire pour cette formation,\u00a0<strong>ils s\u2019attachent \u00e0 cr\u00e9er et d\u00e9fendre de nouvelles \u0153uvres de compositeurs actuels<\/strong>, en accordant une place importante \u00e0 la nouvelle g\u00e9n\u00e9ration. Ils ont travaill\u00e9 avec Graciane Finzi, Alexandre Fontaines, Mathieu Stefanelli, Celia Triplet, \u00c9tienne Kippelen et pr\u00e9voient d\u2019autres cr\u00e9ations. Ils d\u00e9veloppent \u00e9galement une relation privil\u00e9gi\u00e9e avec le compositeur belge\u00a0<strong>Fr\u00e9d\u00e9ric Devreese<\/strong>, qui a arrang\u00e9 pour eux une partie de ses \u0153uvres.<\/h5>\n<p style=\"text-align: justify;\">Le\u00a0<span style=\"color: #333399;\"><strong>Quartet<\/strong><\/span>\u00a0a\u00a0des projets de tourn\u00e9e en Europe, et un troisi\u00e8me album en ligne de mire, sortie pr\u00e9vue en 2018&#8230;<\/p>\n<h4><span style=\"text-decoration: underline; color: #333399;\"><strong>Fanny AZZURO \u00a0&#8211; \u00a0Piano<\/strong><\/span><\/h4>\n<div id=\"attachment_15731\" style=\"width: 389px\" class=\"wp-caption alignleft\"><img loading=\"lazy\" decoding=\"async\" aria-describedby=\"caption-attachment-15731\" class=\"wp-image-15731\" src=\"https:\/\/ritmy.fr\/essais\/wp-content\/uploads\/2017\/02\/Fanny-Azzuro-1.jpg\" width=\"389\" height=\"218\" srcset=\"https:\/\/ritmy.fr\/essais\/wp-content\/uploads\/2017\/02\/Fanny-Azzuro-1.jpg 700w, https:\/\/ritmy.fr\/essais\/wp-content\/uploads\/2017\/02\/Fanny-Azzuro-1-300x168.jpg 300w\" sizes=\"auto, (max-width: 389px) 100vw, 389px\" \/><p id=\"caption-attachment-15731\" class=\"wp-caption-text\">Fanny AZZURO (piano)<\/p><\/div>\n<h5 style=\"text-align: justify;\">Salu\u00e9e par la presse comme\u00a0une\u00a0<strong>pianiste au \u00ab\u00a0temp\u00e9rament de feu\u00a0\u00bb<\/strong>\u00a0et \u00e0 la \u00ab\u00a0personnalit\u00e9 musicale attachante\u00a0\u00bb,\u00a0<span style=\"color: #333399;\"><strong>Fanny AZZURO<\/strong>\u00a0<\/span>est anim\u00e9e d\u2019une insatiable curiosit\u00e9 et d\u2019un go\u00fbt prononc\u00e9 pour le\u00a0<strong>croisement des styles artistiques et musicaux<\/strong>.<\/h5>\n<p style=\"text-align: justify;\">Apr\u00e8s s\u2019\u00eatre form\u00e9e aux Conservatoires R\u00e9gionaux de Montpellier et de Paris, elle int\u00e8gre les plus grandes \u00e9coles europ\u00e9ennes : le\u00a0<strong>CNSM de Paris<\/strong>\u00a0o\u00f9 elle obtient ses dipl\u00f4mes en piano et musique de chambre, l\u2019<strong>Acad\u00e9mie Sibelius d\u2019Helsinki<\/strong>\u00a0et l\u2019<strong>Acad\u00e9mie Pianistique d\u2019Imola<\/strong>.<\/p>\n<p style=\"text-align: justify;\">Ses rencontres avec les grands ma\u00eetres\u00a0<strong>Boris Petrushansky<\/strong>\u00a0(\u00e0 Imola) et\u00a0<strong>Vladimir Viardo<\/strong>\u00a0(au Texas) lui ont \u00e9t\u00e9 source d\u2019enrichissement tant au niveau technique que musical.<\/p>\n<p style=\"text-align: justify;\"><span style=\"color: #333399;\"><strong>Fanny AZZURO<\/strong><\/span>\u00a0est\u00a0<strong>laur\u00e9ate de plusieurs concours internationaux<\/strong>\u00a0dont le World Piano Competition \u00e0 Cincinnati, Lalla Meryem \u00e0 Rabat, Washington International Piano Competition et Piano Campus.<\/p>\n<p style=\"text-align: justify;\">Son\u00a0<strong>premier disque solo<\/strong>\u00a0&lsquo;<em>Russian Impulse&rsquo;<\/em>, paru en 2014, re\u00e7oit les \u00e9loges de la critique internationale (<em>****BBC Music Magazine, ***Classica, Fanfare, Crescendo, Musikzen<\/em>\u2026).<\/p>\n<p style=\"text-align: justify;\">Artiste Yamaha et G\u00e9n\u00e9ration Spedidam,\u00a0<span style=\"color: #333399;\"><strong>Fanny AZZURO<\/strong><\/span>\u00a0est\u00a0<strong>soutenue<\/strong>\u00a0par le M\u00e9c\u00e9nat Musical Soci\u00e9t\u00e9 G\u00e9n\u00e9rale, la Fondation Safran, l\u2019Adami et la Fondation Meyer, ce qui lui permet de concr\u00e9tiser de nombreux projets musicaux.<\/p>\n<p style=\"text-align: justify;\">Passionn\u00e9e de\u00a0<strong>musique de chambre<\/strong>, elle multiplie les concerts avec des partenaires privil\u00e9gi\u00e9s tels que le Quatuor Van Kuijk, les violonistes Kristi Gjezi, Solenne Pa\u00efdassi, Vanessa Szigeti et Pierre Azzuro, son fr\u00e8re, cor solo du Deutsche Oper Berlin.<\/p>\n<p style=\"text-align: justify;\">Avec le\u00a0<span style=\"color: #333399;\"><strong>SpiriTango Quartet<\/strong><\/span>, elle trouve une libert\u00e9 d\u2019expression nouvelle et d\u00e9veloppe des\u00a0<strong>arrangements originaux<\/strong>. Elle a par ailleurs con\u00e7u un nouveau programme\u00a0<em>Passerelles<\/em>\u00a0avec Herv\u00e9 Sellin et d\u2019autres musiciens autour des r\u00e9pertoires classique et jazz.<\/p>\n<p style=\"text-align: justify;\"><span style=\"color: #333399;\"><strong>Fanny AZZURO<\/strong><\/span>\u00a0se produit sur des\u00a0<strong>sc\u00e8nes prestigieuses<\/strong>\u00a0\u00e0 travers l\u2019Europe, les \u00c9tats-Unis, le Br\u00e9sil et la Chine (Cincinnati, Bruxelles, Salzbourg, Montpellier, Shanghai, Malaga,Paris&#8230; ). Ces derni\u00e8res saisons, elle participe aux\u00a0<strong>festivals<\/strong>\u00a0Radio France Montpellier, Annecy Classic, Pablo Casals, Pianissimes, Auvers-sur-Oise, Pianos Folies, Piano en Saintonge et aux USA au Texas Piano Festival, Bowdoin Music Festival et New York Piano Festival.<\/p>\n<h4><span style=\"text-decoration: underline;\"><span style=\"color: #333399; text-decoration: underline;\"><strong>Fanny GALLOIS \u00a0&#8211; \u00a0Violon<\/strong><\/span><\/span><\/h4>\n<p>&nbsp;<\/p>\n<div id=\"attachment_15732\" style=\"width: 400px\" class=\"wp-caption alignright\"><img loading=\"lazy\" decoding=\"async\" aria-describedby=\"caption-attachment-15732\" class=\"wp-image-15732\" src=\"https:\/\/ritmy.fr\/essais\/wp-content\/uploads\/2017\/02\/Fanny-Gallois-2.jpg\" width=\"400\" height=\"266\" srcset=\"https:\/\/ritmy.fr\/essais\/wp-content\/uploads\/2017\/02\/Fanny-Gallois-2.jpg 640w, https:\/\/ritmy.fr\/essais\/wp-content\/uploads\/2017\/02\/Fanny-Gallois-2-300x200.jpg 300w\" sizes=\"auto, (max-width: 400px) 100vw, 400px\" \/><p id=\"caption-attachment-15732\" class=\"wp-caption-text\">Fanny GALLOIS (violon)<\/p><\/div>\n<h5 style=\"text-align: justify;\"><span style=\"color: #333399;\"><strong>Fanny GALLOIS-STEFANELLI<\/strong><\/span>\u00a0int\u00e8gre le\u00a0<strong>CNSM de Paris\u00a0<\/strong>en 2009,\u00a0y obtient une licence de violon en 2012, et un Master de Musique de Chambre avec le\u00a0<span style=\"color: #333399;\"><strong>SpiriTango Quartet<\/strong>\u00a0<\/span>en 2014.<\/h5>\n<p>Lors d\u2019<strong>Acad\u00e9mies Musicales<\/strong>, elle s\u2019est enrichie au contact d\u2019excellents professeurs, notamment Ivry Gitlis, R\u00e9gis Pasquier et Roland Daugareil.<\/p>\n<p style=\"text-align: justify;\"><span style=\"color: #333399;\"><strong>Fanny GALLOIS<\/strong><\/span>\u00a0a jou\u00e9 avec des\u00a0<strong>orchestres prestigieux<\/strong>, tels que le Philarmonique de Radio France sous la baguette de Myung-Whun Chung et dans des\u00a0<strong>salles renomm\u00e9es<\/strong>, comme la\u00a0Scala de Milan, la Salle Pleyel, le Tcha\u00efkovski Hall de Moscou, la Philharmonie de Paris avec l\u2019Orchestre national d\u2019\u00cele de France\u2026<\/p>\n<p style=\"text-align: justify;\">\u00c2g\u00e9e de 26 ans aujourd\u2019hui, ses go\u00fbts musicaux l\u2019entra\u00eenent \u00e0 s\u2019int\u00e9resser \u00e0\u00a0<strong>diff\u00e9rents styles<\/strong>, dont la musique\u00a0<strong>baroque<\/strong>, la musique\u00a0<strong>contemporaine<\/strong>\u00a0(notamment avec Gilbert Amy dont elle interpr\u00e8te l\u2019<em>Adagio<\/em>\u00a0lors d\u2019un concert hommage), jusqu\u2019\u00e0 la d\u00e9couverte d\u2019une vraie passion pour le\u00a0<strong>Tango argentin traditionnel<\/strong>\u00a0et pour la musique d\u2019<strong>Astor Piazzolla<\/strong>. Elle a l\u2019occasion de jouer en concert avec diff\u00e9rents ensembles.<\/p>\n<p style=\"text-align: justify;\">En 2010, elle int\u00e8gre le\u00a0<strong><span style=\"color: #333399;\">SpiriTango Quartet<\/span>.<\/strong><\/p>\n<p style=\"text-align: justify;\">Elle est invit\u00e9e r\u00e9guli\u00e8rement \u00e0 donner des<strong>\u00a0cours de violon et de formation musicale<\/strong>\u00a0dans diff\u00e9rents conservatoires de la r\u00e9gion parisienne, mais aussi \u00e0 se produire fr\u00e9quemment au sein de l\u2019<strong>Orchestre National d\u2019Ile-de-France<\/strong>.<\/p>\n<h5 style=\"text-align: justify;\"><strong style=\"color: #333399; text-decoration: underline; font-size: 16px;\">Thomas CHEDAL \u00a0&#8211; \u00a0Accord\u00e9on<\/strong><\/h5>\n<div id=\"attachment_15733\" style=\"width: 400px\" class=\"wp-caption alignleft\"><img loading=\"lazy\" decoding=\"async\" aria-describedby=\"caption-attachment-15733\" class=\"wp-image-15733\" src=\"https:\/\/ritmy.fr\/essais\/wp-content\/uploads\/2017\/02\/Thomas-Chedal-2.jpg\" width=\"400\" height=\"266\" srcset=\"https:\/\/ritmy.fr\/essais\/wp-content\/uploads\/2017\/02\/Thomas-Chedal-2.jpg 640w, https:\/\/ritmy.fr\/essais\/wp-content\/uploads\/2017\/02\/Thomas-Chedal-2-300x200.jpg 300w\" sizes=\"auto, (max-width: 400px) 100vw, 400px\" \/><p id=\"caption-attachment-15733\" class=\"wp-caption-text\">Thomas CHEDAL (accord\u00e9on)<\/p><\/div>\n<h5 style=\"text-align: justify;\">Il commence la pratique de l\u2019accord\u00e9on aupr\u00e8s d\u2019une\u00a0<strong>grande personnalit\u00e9 de l\u2019enseignement de l\u2019accord\u00e9on<\/strong>\u00a0: Andr\u00e9 Thepaz.<\/h5>\n<h5 style=\"text-align: justify;\"><span style=\"color: #333399;\"><strong>Thomas<\/strong><\/span>\u00a0participe \u00e0 de nombreux stages\u00a0avec de\u00a0tr\u00e8s grands musiciens, dont notamment\u00a0<strong>Claude Thomain<\/strong>, c\u00e9l\u00e8bre accord\u00e9oniste et compositeur, ou encore\u00a0<strong>Alexander Skliarov<\/strong>, concertiste russe de renomm\u00e9e internationale.<\/h5>\n<p style=\"text-align: justify;\">Il va suivre les\u00a0<strong>conseils de plusieurs p\u00e9dagogues<\/strong>, tels que Jacques Mornet, fondateur du &lsquo;Centre National et International de Musique et d\u2019Accord\u00e9on&rsquo;, et d\u2019<strong>accord\u00e9onistes c\u00e9l\u00e8bres<\/strong>, comme Aur\u00e9lien No\u00ebl, Domi Emorine et Nathalie Boucheix.<\/p>\n<p style=\"text-align: justify;\"><span style=\"color: #333399;\"><strong>Thomas CHEDAL<\/strong>\u00a0<\/span>entre au\u00a0<strong>CNR de Grenoble<\/strong>\u00a0dans la classe d\u2019accord\u00e9on de Jean-Luc Manca et travaille la musique de chambre aupr\u00e8s de William Garcin.<\/p>\n<p style=\"text-align: justify;\">En 2005 il entre au\u00a0<strong>CNR de Bordeaux<\/strong>, obtient son\u00a0<strong>DEM d\u2019accord\u00e9on<\/strong>, puis entre au\u00a0<strong>CEFEDEM Aquitaine<\/strong>\u00a0afin de pr\u00e9parer le Dipl\u00f4me d\u2019\u00c9tat d\u2019accord\u00e9on.<\/p>\n<p style=\"text-align: justify;\">A Bordeaux, il\u00a0<strong>multiplie les exp\u00e9riences musicales<\/strong>\u00a0dans diff\u00e9rentes formations et explore plusieurs esth\u00e9tiques musicales : le tango, la musique klezmer et la musique contemporaine.<\/p>\n<p style=\"text-align: justify;\">En 2008, il entre au\u00a0<strong>CNSM de Paris<\/strong>. Il perfectionne son jeu musical et \u00e9largit son r\u00e9pertoire, allant de\u00a0<strong>transcriptions baroques<\/strong>\u00a0\u00e0 des \u0153uvres originalement destin\u00e9es \u00e0 l<strong>\u2019accord\u00e9on<\/strong>\u00a0(notamment celles de Franck Angelis), en passant par la\u00a0<strong>musique russe<\/strong>\u00a0(comme celle de Vladislav Zolotariev).<\/p>\n<p style=\"text-align: justify;\">En 2010,\u00a0<span style=\"color: #333399;\"><strong>Thomas<\/strong><\/span>\u00a0obtient son\u00a0<strong>DE d\u2019accord\u00e9on<\/strong>, et participe \u00e0 la fondation\u00a0du\u00a0<span style=\"color: #333399;\"><strong>SpiriTango Quartet<\/strong>\u00a0<\/span>pour jouer la musique de\u00a0<strong>Piazzolla<\/strong>\u00a0qu&rsquo;il appr\u00e9cie beaucoup.<\/p>\n<h4><strong><span style=\"color: #333399;\"><u>Beno\u00eet\u00a0LEVESQUE \u00a0&#8211; \u00a0Contrebasse<\/u><\/span><\/strong><\/h4>\n<div id=\"attachment_15734\" style=\"width: 267px\" class=\"wp-caption alignright\"><img loading=\"lazy\" decoding=\"async\" aria-describedby=\"caption-attachment-15734\" class=\"wp-image-15734\" src=\"https:\/\/ritmy.fr\/essais\/wp-content\/uploads\/2017\/02\/Beno\u00eet-Levesque-1-HD-copie.jpg\" width=\"267\" height=\"400\" srcset=\"https:\/\/ritmy.fr\/essais\/wp-content\/uploads\/2017\/02\/Beno\u00eet-Levesque-1-HD-copie.jpg 667w, https:\/\/ritmy.fr\/essais\/wp-content\/uploads\/2017\/02\/Beno\u00eet-Levesque-1-HD-copie-200x300.jpg 200w\" sizes=\"auto, (max-width: 267px) 100vw, 267px\" \/><p id=\"caption-attachment-15734\" class=\"wp-caption-text\">Beno\u00eet LEVESQUE (contrebasse)<\/p><\/div>\n<h5 style=\"text-align: justify;\">En 2006,\u00a0<span style=\"color: #333399;\"><strong>Beno\u00eet<\/strong><\/span>\u00a0obtient une m\u00e9daille d\u2019or du\u00a0<strong>CNR de Saint-Maur<\/strong>,\u00a0puis\u00a0rentre au\u00a0<strong>CNSM de Paris<\/strong>\u00a0dans la classe de Jean-Paul Cl\u00e9a. Il gagne en 2008 le\u00a0<strong>1er prix \u00ab\u00a0Charles Labro\u00a0\u00bb<\/strong>\u00a0au concours international \u00ab\u00a0BASS\u2019 2008\u00a0\u00bb de\u00a0Paris.<\/h5>\n<h5 style=\"text-align: justify;\">En 2010, il obtient un<strong>\u00a0Master d\u2019Interpr\u00e8te de la contrebasse.<\/strong><\/h5>\n<p style=\"text-align: justify;\">De 2006 \u00e0 2010, il occupe de nombreuses fois la place de\u00a0<strong>contrebasse solo<\/strong>\u00a0\u00e0 l\u2019Orchestre Fran\u00e7ais des Jeunes, l\u2019Orchestre du CNSM de Paris, l\u2019Orchestre Pasdeloup ou\u00a0\u00e0 l\u2019Orchestre Symphonique de l\u2018Aube, et effectue des remplacements dans diff\u00e9rents orchestres (Orchestre de l\u2019Op\u00e9ra de Paris, l\u2019Orchestre National de Lyon&#8230;.). Il devient aussi membre de l\u2019Acad\u00e9mie de l\u2019Orchestre de Paris et de l\u2019Orchestre Philharmonique de Radio France.<\/p>\n<p><span style=\"color: #333399;\"><strong>Beno\u00eet L<\/strong><\/span><span style=\"color: #333399;\"><strong>E<\/strong><\/span><span style=\"color: #333399;\"><strong>VESQUE<\/strong><\/span>\u00a0devient le\u00a0<strong>contrebasse solo<\/strong>\u00a0de l\u2019<strong>Orchestre National de Montpellier<\/strong>\u00a0en 2011.<\/p>\n<p style=\"text-align: justify;\">Ces diff\u00e9rents postes lui permettent de travailler\u00a0<strong>sous la direction de grands chefs<\/strong>, tels Georges Pr\u00eatre, Riccardo Muti, Paavo Jarvi, Esa Pekka Salonen, Myung-Whun Chung, Christoph Eschenbach, Jean-Claude Casadesus&#8230;<\/p>\n<p style=\"text-align: justify;\">Il obtient une\u00a0<strong>Licence de musique de chambre<\/strong>, dans la classe de Jean-No\u00ebl Crocq au\u00a0<strong>CNSM de Paris<\/strong>.<\/p>\n<p style=\"text-align: justify;\">\u00c9galement\u00a0<strong>chambriste<\/strong>, il est membre du\u00a0<span style=\"color: #333399;\"><strong>SpiriTango Quartet<\/strong><\/span>\u00a0depuis 2010, et collabore avec d\u2019<strong>autres ensembles<\/strong>, tels que \u00ab\u00a0Baroque au Bas Mot\u00a0\u00bb et \u00ab\u00a0Les Temp\u00e9raments\u00a0\u00bb.<\/p>\n<p style=\"text-align: justify;\">Curieux de la\u00a0<strong>musique contemporaine<\/strong>, il est cr\u00e9ateur et d\u00e9dicataire de la\u00a0<em>&lsquo;Sonatine pour contrebasse et piano opus 29&rsquo;<\/em>\u00a0d\u2019Alexandre Fontaines.<\/p>\n<p style=\"text-align: justify;\">Il r\u00e9alise \u00e9galement de\u00a0<strong>nombreux enregistrements<\/strong>\u00a0pour le cin\u00e9ma, la t\u00e9l\u00e9vision et le jeu vid\u00e9o en tant que contrebasse solo du \u00ab\u00a0Starpop Orchestra\u00a0\u00bb. Il est r\u00e9guli\u00e8rement invit\u00e9 \u00e0 se produire lors de\u00a0<strong>festivals fran\u00e7ais et internationaux<\/strong>\u00a0: Deauville, Salamanque, Segovia, Festival Automne \u00e0 Paris, Festival Berlioz, Festival Jeunes Talents, Festival Offenbach d\u2019Etretat&#8230;<\/p>\n<p>&nbsp;<\/p>\n<p><img loading=\"lazy\" decoding=\"async\" class=\"alignleft wp-image-15764\" src=\"https:\/\/ritmy.fr\/essais\/wp-content\/uploads\/2017\/02\/SpiriTango-disque.jpeg\" width=\"317\" height=\"317\" srcset=\"https:\/\/ritmy.fr\/essais\/wp-content\/uploads\/2017\/02\/SpiriTango-disque.jpeg 1080w, https:\/\/ritmy.fr\/essais\/wp-content\/uploads\/2017\/02\/SpiriTango-disque-140x140.jpeg 140w, https:\/\/ritmy.fr\/essais\/wp-content\/uploads\/2017\/02\/SpiriTango-disque-300x300.jpeg 300w, https:\/\/ritmy.fr\/essais\/wp-content\/uploads\/2017\/02\/SpiriTango-disque-768x768.jpeg 768w, https:\/\/ritmy.fr\/essais\/wp-content\/uploads\/2017\/02\/SpiriTango-disque-1000x1000.jpeg 1000w\" sizes=\"auto, (max-width: 317px) 100vw, 317px\" \/><\/p>\n<h4 style=\"text-align: justify;\"><strong>Le <span style=\"text-decoration: underline;\">programme<\/span> de notre concert de Richebourg, sera compos\u00e9 d&rsquo;oeuvres qui figurent sur le deuxi\u00e8me album du Quartet, <em>\u00ab\u00a0CHIN CHIN\u00a0\u00bb<\/em>, sorti en 2015.\u00a0<\/strong><\/h4>\n<h4 style=\"text-align: justify;\">\u00c0 la fois festival de pi\u00e8ces incontournables du<strong> &lsquo;Ma\u00eetre&rsquo; Piazzolla<\/strong> mais aussi de\u00a0jeunes compositeurs encore peu jou\u00e9s en Europe, ce programme construit autour\u00a0du deuxi\u00e8me album du <span style=\"color: #333399;\"><strong>SpiriTango Quartet<\/strong><\/span>, entre feu d\u2019artifice virtuose et p\u00e9tillance instrumentale, fait le pari de surprendre l\u2019auditeur en multipliant les univers musicaux.<\/h4>\n<p>&nbsp;<\/p>\n<p><span style=\"color: #808080;\"><strong><em>(programme sous r\u00e9serve de modifications)<\/em><\/strong><\/span><\/p>\n<p>&nbsp;<\/p>\n<ul>\n<li><strong>Astor Piazzolla \u00a0:\u00a0<\/strong>Chin Chin, Kicho, Escualo, Tangata, Libertango, Concerto<\/li>\n<li><strong>Luis Caruana :\u00a0<\/strong>Abandoneado<\/li>\n<li><strong>Ramiro Gallo :\u00a0<\/strong>El sur<\/li>\n<li><strong>Andr\u00e9s Linetzky :<\/strong>\u00a0Chaly<\/li>\n<li><strong>Fr\u00e9d\u00e9ric Devreese :\u00a0<\/strong>Passage \u00e0 4<\/li>\n<\/ul>\n<h5>Les prestations du <span style=\"color: #333399;\"><strong>SpiriTango Quartet<\/strong> <\/span>ne laissent pas indiff\u00e9rent, comme on peut le lire dans ces r\u00e9centes critiques :<\/h5>\n<p><em>\u00ab\u00a0L&rsquo;accord\u00e9on de Thomas Chedal donne son \u00e9motion, le violon de Fanny Gallois ses cadences et ses cris. La pianiste Fanny Azzuro est intense, et Beno\u00eet Levesque enchante sa contrebasse aussi lyrique que percussive. On est tr\u00e8s \u00e9mu par Tangata et par un Libertango port\u00e9 aux nues.\u00a0\u00bb \u00a0<\/em><strong>Mich\u00e8le Fizaine, Midi Libre, mars 2015<\/strong><\/p>\n<p><em>\u00ab\u00a0Entre les quatre, c&rsquo;\u00e9tait une extraordinaire complicit\u00e9, des regards, des clins d&rsquo;oeil amus\u00e9s, une osmose parfaite.\u00a0\u00bb\u00a0<\/em><strong>J.-M.S., L&rsquo;Alsace, 27 janvier 2017<\/strong><\/p>\n<h4><em><span style=\"color: #008000;\"><strong>Pour en savoir plus sur le TANGO et Astor PIAZZOLA<\/strong>,\u00a0<strong>cliquez sur ce lien :<\/strong><\/span>\u00a0<a href=\"https:\/\/ritmy.fr\/essais\/wp-content\/uploads\/2013\/12\/Descrition-Tango-A.Piazzola.pdf\" target=\"_blank\">Descrition Tango-A.Piazzola<\/a><\/em><\/h4>\n<p><span style=\"color: #808080;\"><em><strong>Les voici dans une interpr\u00e9tation pleine d&rsquo;\u00e9nergie et de virtuosit\u00e9 de &lsquo;Abandoneado&rsquo; de Luis Caruana,\u00a0qui figure au programme de notre concert.<\/strong><\/em><\/span><\/p>\n<p>&nbsp;<\/p>\n<p><iframe loading=\"lazy\" src=\"https:\/\/www.youtube.com\/embed\/ILAJXYYt6S4?rel=0\" width=\"640\" height=\"360\" frameborder=\"0\" allowfullscreen=\"allowfullscreen\"><\/iframe><\/p>\n<p>&nbsp;<\/p>\n<h4 style=\"text-align: justify;\"><span style=\"color: #333399;\"><strong>Ma\u00eetres en expressivit\u00e9 et cr\u00e9ativit\u00e9, fid\u00e8les aux couleurs du tango argentin, les quatre virtuoses du SPIRITANGO QUARTET nous entra\u00eeneront dans un univers de pulsations et de vibrante sensualit\u00e9.<\/strong><\/span><\/h4>\n<h4 style=\"text-align: justify;\"><span style=\"color: #333399;\"><strong>Un concert qui surprendra par son c\u00f4t\u00e9 p\u00e9tillant, l&rsquo;originalit\u00e9 de l&rsquo;interpr\u00e9tation d&rsquo;oeuvres de Piazolla mais aussi de la jeune g\u00e9n\u00e9ration du tango, et du grand compositeur belge Fr\u00e9d\u00e9ric Devreese.<\/strong><\/span><\/h4>\n<h3 style=\"text-align: justify;\"><span style=\"color: #333399;\"><strong>Apr\u00e8s ce feu d&rsquo;artifice, vous repartirez avec l&rsquo;envie de chanter \u00ab\u00a0Chin Chin\u00a0\u00bb !!<\/strong><\/span><\/h3>\n<h2 style=\"text-align: justify;\"><span style=\"color: #ff0000;\"><strong><span style=\"text-decoration: underline;\">Il est conseill\u00e9 de\u00a0r\u00e9server vos places<\/span>, directement dans notre site, dans la rubrique\u00a0<em><span style=\"text-decoration: underline;\"><a href=\"https:\/\/ritmy.fr\/essais\/reserver\/vos-billets\/\" target=\"_blank\">RESERVER<\/a><\/span><\/em>, ou en appelant le\u00a0<em>06-48-69-21-89<\/em><\/strong><\/span><\/h2>\n<p>&nbsp;<\/p>\n<p>&nbsp;<\/p>\n<hr \/>\n<h4 style=\"text-align: center;\"><span style=\"color: #808080;\"><strong>Ce concert est organis\u00e9 conjointement par RITMY et l&rsquo;association GRAL de RICHEBOURG.<\/strong><\/span><\/h4>\n<p><img loading=\"lazy\" decoding=\"async\" class=\"aligncenter wp-image-10518\" src=\"https:\/\/ritmy.fr\/essais\/wp-content\/uploads\/2014\/01\/LOGO-GRAL-JPEG-e1390483468758.jpg\" alt=\"LOGO GRAL JPEG\" width=\"200\" height=\"85\" \/><\/p>\n<hr \/>\n<h4 style=\"text-align: center;\"><span style=\"color: #808080;\"><strong>RITMY b\u00e9n\u00e9ficie du soutien de la SPEDIDAM<\/strong><\/span><\/h4>\n<p><img loading=\"lazy\" decoding=\"async\" class=\"aligncenter wp-image-12745\" src=\"https:\/\/ritmy.fr\/essais\/wp-content\/uploads\/2015\/09\/logo_spedidam.jpg\" alt=\"LOGOS spedidam 2009\" width=\"185\" height=\"101\" srcset=\"https:\/\/ritmy.fr\/essais\/wp-content\/uploads\/2015\/09\/logo_spedidam.jpg 826w, https:\/\/ritmy.fr\/essais\/wp-content\/uploads\/2015\/09\/logo_spedidam-300x164.jpg 300w\" sizes=\"auto, (max-width: 185px) 100vw, 185px\" \/><\/p>\n<p>&nbsp;<\/p>\n","protected":false},"excerpt":{"rendered":"<p>Le SPIRITANGO QUARTET, \u00ab\u00a0Chin Chin\u00a0\u00bb \u00e0 RICHEBOURG, le Dimanche 26\u00a0mars 2017, \u00e0 17h00,\u00a0\u00a0Salle Edith Piaf \u00c9nergie, harmonie, enthousiasme et cr\u00e9ativit\u00e9 : quatre mots d\u00e9crivant l\u2019essence du SpiriTango Quartet. En six ans d\u2019existence, ils ont explor\u00e9 un vaste r\u00e9pertoire vari\u00e9 m\u00ealant tango traditionnel, tango nuevo, musique contemporaine et cr\u00e9ations. &nbsp; Apr\u00e8s avoir \u00e9tudi\u00e9\u0301 au\u00a0CNSM de Paris, &hellip; <\/p>\n<p><a class=\"more-link btn\" href=\"https:\/\/ritmy.fr\/essais\/spiritango-quartet-a-richebourg\/\">Lire la suite<\/a><\/p>\n","protected":false},"author":3,"featured_media":0,"comment_status":"closed","ping_status":"closed","sticky":false,"template":"","format":"standard","meta":{"footnotes":""},"categories":[3,4,6,1],"tags":[257,258,179,260,259,12,91,229,90,182],"class_list":["post-15724","post","type-post","status-publish","format-standard","hentry","category-les-oeuvres","category-concerts","category-les-musiciens","category-ritmy","tag-azzuro","tag-chedal","tag-contrebasse","tag-gallois","tag-levesque","tag-piano","tag-piazzola","tag-spiritango","tag-tango","tag-violon","nodate","item-wrap"],"_links":{"self":[{"href":"https:\/\/ritmy.fr\/essais\/wp-json\/wp\/v2\/posts\/15724","targetHints":{"allow":["GET"]}}],"collection":[{"href":"https:\/\/ritmy.fr\/essais\/wp-json\/wp\/v2\/posts"}],"about":[{"href":"https:\/\/ritmy.fr\/essais\/wp-json\/wp\/v2\/types\/post"}],"author":[{"embeddable":true,"href":"https:\/\/ritmy.fr\/essais\/wp-json\/wp\/v2\/users\/3"}],"replies":[{"embeddable":true,"href":"https:\/\/ritmy.fr\/essais\/wp-json\/wp\/v2\/comments?post=15724"}],"version-history":[{"count":48,"href":"https:\/\/ritmy.fr\/essais\/wp-json\/wp\/v2\/posts\/15724\/revisions"}],"predecessor-version":[{"id":15869,"href":"https:\/\/ritmy.fr\/essais\/wp-json\/wp\/v2\/posts\/15724\/revisions\/15869"}],"wp:attachment":[{"href":"https:\/\/ritmy.fr\/essais\/wp-json\/wp\/v2\/media?parent=15724"}],"wp:term":[{"taxonomy":"category","embeddable":true,"href":"https:\/\/ritmy.fr\/essais\/wp-json\/wp\/v2\/categories?post=15724"},{"taxonomy":"post_tag","embeddable":true,"href":"https:\/\/ritmy.fr\/essais\/wp-json\/wp\/v2\/tags?post=15724"}],"curies":[{"name":"wp","href":"https:\/\/api.w.org\/{rel}","templated":true}]}}