{"id":15617,"date":"2017-01-30T16:34:06","date_gmt":"2017-01-30T15:34:06","guid":{"rendered":"http:\/\/ritmy.fr\/essais\/?p=15617"},"modified":"2017-06-15T14:14:15","modified_gmt":"2017-06-15T13:14:15","slug":"thomas-et-ismael-a-orgerus","status":"publish","type":"post","link":"https:\/\/ritmy.fr\/essais\/thomas-et-ismael-a-orgerus\/","title":{"rendered":"Thomas et Isma\u00ebl \u00e0 ORGERUS : talent, expression, libert\u00e9!"},"content":{"rendered":"<h1 style=\"text-align: center;\"><span style=\"color: #333399;\"><strong>&#8230;<em>\u00ab\u00a0Rencontre et r\u00e9v\u00e9lation&#8230;\u00a0\u00bb<\/em>\u00a0ont bien eu lieu ce dimanche 29 janvier<\/strong><\/span><\/h1>\n<h1 style=\"text-align: center;\"><span style=\"color: #333399;\"><strong> dans la salle du Pr\u00e9 Romain\u00a0d&rsquo;ORGERUS !<\/strong><\/span><\/h1>\n<h3 style=\"text-align: left;\"><strong><span style=\"color: #333399;\">Et le public, qui ne s&rsquo;y est pas tromp\u00e9, \u00e9tait au rendez-vous (salle comble !), pour ovationner ce duo atypique si\u00a0talentueux et sympathique.<\/span><\/strong><\/h3>\n<div id=\"attachment_15633\" style=\"width: 600px\" class=\"wp-caption aligncenter\"><img loading=\"lazy\" decoding=\"async\" aria-describedby=\"caption-attachment-15633\" class=\"wp-image-15633\" src=\"https:\/\/ritmy.fr\/essais\/wp-content\/uploads\/2017\/01\/IMG_3474-1.jpg\" width=\"600\" height=\"308\" srcset=\"https:\/\/ritmy.fr\/essais\/wp-content\/uploads\/2017\/01\/IMG_3474-1.jpg 2591w, https:\/\/ritmy.fr\/essais\/wp-content\/uploads\/2017\/01\/IMG_3474-1-300x154.jpg 300w, https:\/\/ritmy.fr\/essais\/wp-content\/uploads\/2017\/01\/IMG_3474-1-768x395.jpg 768w, https:\/\/ritmy.fr\/essais\/wp-content\/uploads\/2017\/01\/IMG_3474-1-1000x514.jpg 1000w\" sizes=\"auto, (max-width: 600px) 100vw, 600px\" \/><p id=\"caption-attachment-15633\" class=\"wp-caption-text\"><strong>Affluence record pour Thomas et Isma\u00ebl !<\/strong><\/p><\/div>\n<h4 style=\"text-align: justify;\"><strong><span style=\"color: #ff0000;\">Thomas ENHCO <span style=\"color: #333333;\">et<\/span> Isma\u00ebl MARGAIN<\/span>, reprenant et adaptant MOZART (second mouvement de la sonate pour deux pianos en r\u00e9 majeur), ou BRAHMS (valse de l&rsquo;opus 39) mais interpr\u00e9tant aussi des compositions personnelles (&lsquo;You&rsquo;re just a ghost&rsquo; de Thomas, et &lsquo;In the C train&rsquo;\u00a0d&rsquo;Isma\u00ebl), ou des standards de Jazz, ont tenu l&rsquo;auditoire sous le charme.<\/strong><\/h4>\n<p>&nbsp;<\/p>\n<div id=\"attachment_15628\" style=\"width: 515px\" class=\"wp-caption aligncenter\"><img loading=\"lazy\" decoding=\"async\" aria-describedby=\"caption-attachment-15628\" class=\"wp-image-15628\" src=\"https:\/\/ritmy.fr\/essais\/wp-content\/uploads\/2017\/01\/IMG_3524-1.jpg\" width=\"515\" height=\"366\" srcset=\"https:\/\/ritmy.fr\/essais\/wp-content\/uploads\/2017\/01\/IMG_3524-1.jpg 1895w, https:\/\/ritmy.fr\/essais\/wp-content\/uploads\/2017\/01\/IMG_3524-1-300x213.jpg 300w, https:\/\/ritmy.fr\/essais\/wp-content\/uploads\/2017\/01\/IMG_3524-1-768x546.jpg 768w, https:\/\/ritmy.fr\/essais\/wp-content\/uploads\/2017\/01\/IMG_3524-1-1000x711.jpg 1000w\" sizes=\"auto, (max-width: 515px) 100vw, 515px\" \/><p id=\"caption-attachment-15628\" class=\"wp-caption-text\">Une belle complicit\u00e9 aux claviers&#8230;<\/p><\/div>\n<h4 style=\"text-align: justify;\"><strong>Le talent, la virtuosit\u00e9, la passion (Thomas \u00e9tait encore la veille aux \u00ab\u00a0folles journ\u00e9es\u00a0\u00bb de Nantes, et Isma\u00ebl vendredi et samedi \u00e0\u00a0l&rsquo;Auditorium du Louvre), mais \u00e9galement une franche simplicit\u00e9 ont vraiment s\u00e9duit les spectateurs. <\/strong><\/h4>\n<h4 style=\"text-align: justify;\"><strong>Chacun aurait bien volontiers prolong\u00e9 encore un peu ces moments o\u00f9, du plus \u00ab\u00a0classique\u00a0\u00bb jusqu&rsquo;aux rythmes \u00ab\u00a0jazzy\u00a0\u00bb, les savantes harmonies font oublier les soucis du quotidien.<\/strong><\/h4>\n<p>&nbsp;<\/p>\n<div id=\"attachment_15629\" style=\"width: 325px\" class=\"wp-caption alignleft\"><img loading=\"lazy\" decoding=\"async\" aria-describedby=\"caption-attachment-15629\" class=\"wp-image-15629\" src=\"https:\/\/ritmy.fr\/essais\/wp-content\/uploads\/2017\/01\/IMG_3486-1.jpg\" width=\"325\" height=\"244\" srcset=\"https:\/\/ritmy.fr\/essais\/wp-content\/uploads\/2017\/01\/IMG_3486-1.jpg 2592w, https:\/\/ritmy.fr\/essais\/wp-content\/uploads\/2017\/01\/IMG_3486-1-300x225.jpg 300w, https:\/\/ritmy.fr\/essais\/wp-content\/uploads\/2017\/01\/IMG_3486-1-768x576.jpg 768w, https:\/\/ritmy.fr\/essais\/wp-content\/uploads\/2017\/01\/IMG_3486-1-1000x750.jpg 1000w\" sizes=\"auto, (max-width: 325px) 100vw, 325px\" \/><p id=\"caption-attachment-15629\" class=\"wp-caption-text\">Thomas ENHCO&#8230;<\/p><\/div>\n<p>&nbsp;<\/p>\n<p>&nbsp;<\/p>\n<p>&nbsp;<\/p>\n<div id=\"attachment_15630\" style=\"width: 312px\" class=\"wp-caption alignright\"><img loading=\"lazy\" decoding=\"async\" aria-describedby=\"caption-attachment-15630\" class=\"wp-image-15630\" src=\"https:\/\/ritmy.fr\/essais\/wp-content\/uploads\/2017\/01\/IMG_3481-1.jpg\" width=\"312\" height=\"266\" srcset=\"https:\/\/ritmy.fr\/essais\/wp-content\/uploads\/2017\/01\/IMG_3481-1.jpg 2277w, https:\/\/ritmy.fr\/essais\/wp-content\/uploads\/2017\/01\/IMG_3481-1-300x256.jpg 300w, https:\/\/ritmy.fr\/essais\/wp-content\/uploads\/2017\/01\/IMG_3481-1-768x656.jpg 768w, https:\/\/ritmy.fr\/essais\/wp-content\/uploads\/2017\/01\/IMG_3481-1-1000x854.jpg 1000w\" sizes=\"auto, (max-width: 312px) 100vw, 312px\" \/><p id=\"caption-attachment-15630\" class=\"wp-caption-text\">Isma\u00ebl MARGAIN<\/p><\/div>\n<p>&nbsp;<\/p>\n<p>&nbsp;<\/p>\n<p>&nbsp;<\/p>\n<p>&nbsp;<\/p>\n<p>&nbsp;<\/p>\n<h5 style=\"text-align: justify;\"><strong>C&rsquo;\u00e9tait la troisi\u00e8me rencontre entre le public de RITMY et Thomas ENHCO, mais en fin de concert certains pensaient d\u00e9j\u00e0 \u00e0 un prochain rendez-vous avec notre ancien \u00ab\u00a0parrain\u00a0\u00bb (il l&rsquo;\u00e9tait pour nos 26\u00e8mes \u00ab\u00a0Saisons Musicales\u00a0\u00bb)&#8230;<\/strong><\/h5>\n<p>&nbsp;<\/p>\n<div id=\"attachment_15627\" style=\"width: 330px\" class=\"wp-caption alignleft\"><img loading=\"lazy\" decoding=\"async\" aria-describedby=\"caption-attachment-15627\" class=\"wp-image-15627\" src=\"https:\/\/ritmy.fr\/essais\/wp-content\/uploads\/2017\/01\/IMG_3507-1.jpg\" width=\"330\" height=\"254\" srcset=\"https:\/\/ritmy.fr\/essais\/wp-content\/uploads\/2017\/01\/IMG_3507-1.jpg 2360w, https:\/\/ritmy.fr\/essais\/wp-content\/uploads\/2017\/01\/IMG_3507-1-300x231.jpg 300w, https:\/\/ritmy.fr\/essais\/wp-content\/uploads\/2017\/01\/IMG_3507-1-768x591.jpg 768w, https:\/\/ritmy.fr\/essais\/wp-content\/uploads\/2017\/01\/IMG_3507-1-1000x769.jpg 1000w\" sizes=\"auto, (max-width: 330px) 100vw, 330px\" \/><p id=\"caption-attachment-15627\" class=\"wp-caption-text\">Isma\u00ebl au saxo&#8230;<\/p><\/div>\n<h5><\/h5>\n<p>&nbsp;<\/p>\n<h5><\/h5>\n<h5 style=\"text-align: justify;\"><strong>Si le piano (en duo) \u00e9tait \u00ab\u00a0l&rsquo;instrument-roi\u00a0\u00bb de ce dimanche, Isma\u00ebl nous a montr\u00e9 tout son talent au <span style=\"color: #333399;\">saxophone<\/span>, et Thomas a su nous faire entendre des m\u00e9lodies pleines de nostalgie au <span style=\"color: #333399;\">violon<\/span>.<\/strong><\/h5>\n<p>&nbsp;<\/p>\n<div id=\"attachment_15631\" style=\"width: 330px\" class=\"wp-caption alignright\"><img loading=\"lazy\" decoding=\"async\" aria-describedby=\"caption-attachment-15631\" class=\"wp-image-15631\" src=\"https:\/\/ritmy.fr\/essais\/wp-content\/uploads\/2017\/01\/IMG_3512.jpg\" width=\"330\" height=\"268\" srcset=\"https:\/\/ritmy.fr\/essais\/wp-content\/uploads\/2017\/01\/IMG_3512.jpg 2398w, https:\/\/ritmy.fr\/essais\/wp-content\/uploads\/2017\/01\/IMG_3512-300x243.jpg 300w, https:\/\/ritmy.fr\/essais\/wp-content\/uploads\/2017\/01\/IMG_3512-768x623.jpg 768w, https:\/\/ritmy.fr\/essais\/wp-content\/uploads\/2017\/01\/IMG_3512-1000x811.jpg 1000w\" sizes=\"auto, (max-width: 330px) 100vw, 330px\" \/><p id=\"caption-attachment-15631\" class=\"wp-caption-text\">Thomas au violon&#8230;<\/p><\/div>\n<p>&nbsp;<\/p>\n<p>&nbsp;<\/p>\n<p>&nbsp;<\/p>\n<p>&nbsp;<\/p>\n<p>&nbsp;<\/p>\n<h5><\/h5>\n<h5><\/h5>\n<h4><\/h4>\n<h4><\/h4>\n<h4><\/h4>\n<h4><\/h4>\n<h4><\/h4>\n<h4 style=\"text-align: justify;\"><strong>Apr\u00e8s deux\u00a0&lsquo;bis&rsquo;, dont une belle improvisation sur une composition r\u00e9cente de Thomas, les spectateurs ont pu rencontrer nos deux jeunes musiciens et se faire d\u00e9dicacer leurs derniers albums.<\/strong><\/h4>\n<div id=\"attachment_15632\" style=\"width: 438px\" class=\"wp-caption aligncenter\"><img loading=\"lazy\" decoding=\"async\" aria-describedby=\"caption-attachment-15632\" class=\"wp-image-15632\" src=\"https:\/\/ritmy.fr\/essais\/wp-content\/uploads\/2017\/01\/IMG_3531.jpg\" width=\"438\" height=\"329\" srcset=\"https:\/\/ritmy.fr\/essais\/wp-content\/uploads\/2017\/01\/IMG_3531.jpg 2592w, https:\/\/ritmy.fr\/essais\/wp-content\/uploads\/2017\/01\/IMG_3531-300x225.jpg 300w, https:\/\/ritmy.fr\/essais\/wp-content\/uploads\/2017\/01\/IMG_3531-768x576.jpg 768w, https:\/\/ritmy.fr\/essais\/wp-content\/uploads\/2017\/01\/IMG_3531-1000x750.jpg 1000w\" sizes=\"auto, (max-width: 438px) 100vw, 438px\" \/><p id=\"caption-attachment-15632\" class=\"wp-caption-text\">En d\u00e9dicace et discussion avec les spectateurs.<\/p><\/div>\n<h5><span style=\"color: #666699;\"><strong>Avec eux, nous avons pu parler de leur actualit\u00e9 proche&#8230;<\/strong><\/span><\/h5>\n<h5><strong><span style=\"color: #666699;\"> THOMAS interpr\u00e9tera son <\/span><span style=\"text-decoration: underline;\">&lsquo;1er Concerto pour piano&rsquo;<\/span><span style=\"color: #666699;\">, avec l&rsquo;<\/span><em style=\"color: #666699;\">Orchestre de Pau Pays de B\u00e9arn<\/em><span style=\"color: #666699;\">, les 9, 10, et 11 f\u00e9vrier prochains \u00e0 Pau ! \u00a0\u00c9v\u00e8nement exceptionnel qui sera retransmis sur <span style=\"text-decoration: underline;\">Radio Classique le vendredi 10 f\u00e9vrier \u00e0 partir de 20h.<\/span>, notez le !! \u00a0<\/span><em style=\"color: #666699;\">Plus d&rsquo;infos :<\/em> <a href=\"https:\/\/ritmy.fr\/essais\/thomas-enhco-avec-orchestre\/\" target=\"_blank\"><em><span style=\"text-decoration: underline;\">ICI<\/span><\/em><\/a><\/strong><\/h5>\n<h5><span style=\"color: #666699;\"><strong>ISMA\u00cbL\u00a0sortira prochainement son 1er album solo, d\u00e9di\u00e9 \u00e0\u00a0Schubert, un de ses compositeurs de pr\u00e9dilection. Nous vous en reparlerons bien s\u00fbr&#8230; <em>Plus d&rsquo;infos sur Isma\u00ebl :<\/em> <a href=\"https:\/\/ritmy.fr\/essais\/ismael-margain\/\" target=\"_blank\"><span style=\"text-decoration: underline;\"><em>ICI<\/em><\/span><\/a><\/strong><\/span><\/h5>\n<h4 style=\"text-align: justify;\"><\/h4>\n<h4 style=\"text-align: justify;\"><strong><span style=\"color: #333399;\">Ce premier rendez-vous de l&rsquo;ann\u00e9e 2017, s&rsquo;il a \u00e9t\u00e9 encore une tr\u00e8s belle r\u00e9ussite, apr\u00e8s les concerts du dernier trimestre de 2016 et le triomphe fait \u00e0 Karine DEHAYES en d\u00e9cembre, nous laisse bien augurer des suivants, toujours de grande qualit\u00e9, que les fid\u00e8les de RITMY\u00a0ne manqueront pas de rejoindre en mars et avril prochains.<\/span><\/strong><\/h4>\n<p>&nbsp;<\/p>\n<h4><strong>Car c&rsquo;est<span style=\"color: #ff0000;\"> un autre duo \u00ab\u00a0atypique\u00a0\u00bb (harpe et piano)<\/span> qui vous sera propos\u00e9 le <span style=\"color: #ff0000;\">dimanche 5 mars, \u00e0 MAREIL-SUR-MAULDRE<\/span> <span style=\"color: #ff0000;\">(17h, \u00e9glise St Martin), avec C\u00e9line GAY des COMBES (harpe)\u00a0et\u00a0Julia FROSCHHAMMER (piano).<\/span><\/strong><\/h4>\n<h4><span style=\"color: #333333;\"><strong><span style=\"color: #ff0000;\"><span style=\"color: #333333;\">Pour avoir plus\u00a0d&rsquo;informations sur ce concert, consultez cet autre<\/span> <a href=\"https:\/\/ritmy.fr\/essais\/duo-harpian-a-mareil-sur-mauldre\/\" target=\"_blank\"><span style=\"text-decoration: underline;\"><em>ARTICLE\u00a0<\/em><\/span><\/a><\/span><\/strong><\/span><\/h4>\n<h4><strong>Puis le<span style=\"color: #ff0000;\"> dimanche 26 mars \u00e0 RICHEBOURG (17h, salle Edith Piaf)<\/span>, pour f\u00eater le printemps, nous accueillerons dans un tout autre genre le <span style=\"color: #ff0000;\">\u00ab\u00a0SPIRITANGO Quartet\u00a0\u00bb avec la pianiste Fanny AZZURO&#8230;<\/span><\/strong><\/h4>\n<h4><strong>A vos agendas !!!<\/strong><\/h4>\n<h4><strong>Et pensez \u00e0 y amener vos amis&#8230;<\/strong><\/h4>\n<p>&nbsp;<\/p>\n<hr \/>\n<h5 style=\"text-align: justify;\"><strong>Si vous voulez r\u00e9agir \u00e0 cet article, nous poser une question, contacter l&rsquo;\u00e9quipe RITMY\u2026 n\u2019h\u00e9sitez pas \u00e0 vous exprimer par courriel :<\/strong><\/h5>\n<h5 style=\"text-align: center;\"><strong><a href=\"mailto:contact.ritmy@gmail.com\" target=\"_blank\">contact.ritmy@gmail.com<\/a><\/strong><\/h5>\n","protected":false},"excerpt":{"rendered":"<p>&#8230;\u00ab\u00a0Rencontre et r\u00e9v\u00e9lation&#8230;\u00a0\u00bb\u00a0ont bien eu lieu ce dimanche 29 janvier dans la salle du Pr\u00e9 Romain\u00a0d&rsquo;ORGERUS ! Et le public, qui ne s&rsquo;y est pas tromp\u00e9, \u00e9tait au rendez-vous (salle comble !), pour ovationner ce duo atypique si\u00a0talentueux et sympathique. Thomas ENHCO et Isma\u00ebl MARGAIN, reprenant et adaptant MOZART (second mouvement de la sonate pour &hellip; <\/p>\n<p><a class=\"more-link btn\" href=\"https:\/\/ritmy.fr\/essais\/thomas-et-ismael-a-orgerus\/\">Lire la suite<\/a><\/p>\n","protected":false},"author":4,"featured_media":0,"comment_status":"closed","ping_status":"closed","sticky":false,"template":"","format":"standard","meta":{"footnotes":""},"categories":[3,4,6,1],"tags":[68,124,82,42,223,27,80,12,47,144,182],"class_list":["post-15617","post","type-post","status-publish","format-standard","hentry","category-les-oeuvres","category-concerts","category-les-musiciens","category-ritmy","tag-brahms","tag-duo","tag-enhco","tag-jazz","tag-margain","tag-mozart","tag-orgerus","tag-piano","tag-saxophone","tag-thomas-enhco","tag-violon","nodate","item-wrap"],"_links":{"self":[{"href":"https:\/\/ritmy.fr\/essais\/wp-json\/wp\/v2\/posts\/15617","targetHints":{"allow":["GET"]}}],"collection":[{"href":"https:\/\/ritmy.fr\/essais\/wp-json\/wp\/v2\/posts"}],"about":[{"href":"https:\/\/ritmy.fr\/essais\/wp-json\/wp\/v2\/types\/post"}],"author":[{"embeddable":true,"href":"https:\/\/ritmy.fr\/essais\/wp-json\/wp\/v2\/users\/4"}],"replies":[{"embeddable":true,"href":"https:\/\/ritmy.fr\/essais\/wp-json\/wp\/v2\/comments?post=15617"}],"version-history":[{"count":34,"href":"https:\/\/ritmy.fr\/essais\/wp-json\/wp\/v2\/posts\/15617\/revisions"}],"predecessor-version":[{"id":15702,"href":"https:\/\/ritmy.fr\/essais\/wp-json\/wp\/v2\/posts\/15617\/revisions\/15702"}],"wp:attachment":[{"href":"https:\/\/ritmy.fr\/essais\/wp-json\/wp\/v2\/media?parent=15617"}],"wp:term":[{"taxonomy":"category","embeddable":true,"href":"https:\/\/ritmy.fr\/essais\/wp-json\/wp\/v2\/categories?post=15617"},{"taxonomy":"post_tag","embeddable":true,"href":"https:\/\/ritmy.fr\/essais\/wp-json\/wp\/v2\/tags?post=15617"}],"curies":[{"name":"wp","href":"https:\/\/api.w.org\/{rel}","templated":true}]}}