{"id":15344,"date":"2016-12-11T12:30:02","date_gmt":"2016-12-11T11:30:02","guid":{"rendered":"http:\/\/ritmy.fr\/essais\/?p=15344"},"modified":"2017-01-18T16:19:50","modified_gmt":"2017-01-18T15:19:50","slug":"concert-choeur-de-la-mauldre","status":"publish","type":"post","link":"https:\/\/ritmy.fr\/essais\/concert-choeur-de-la-mauldre\/","title":{"rendered":"Concert Brahms-Schumann, par le Choeur de la Mauldre, les 14 et 15 janvier 2017"},"content":{"rendered":"<h2 style=\"text-align: center;\"><span style=\"color: #333399;\"><strong>Le CHOEUR de la MAULDRE, sous la direction de Cl\u00e9ment Buonomo,<\/strong><\/span><\/h2>\n<h2 style=\"text-align: center;\"><span style=\"color: #333399;\"><strong>donnera deux concerts <em>&lsquo;Brahms-Schumann&rsquo;<\/em>\u00a0 les 14 et 15 janvier 2017<\/strong><\/span><\/h2>\n<p>&nbsp;<\/p>\n<ul>\n<li>\n<h4 style=\"text-align: left;\"><strong><span style=\"color: #ff0000;\">le SAMEDI\u00a014 JANVIER \u00e0 20h30, en l&rsquo;\u00e9glise St Pierre-St Nicolas de NEAUPHLE-LE-VIEUX<\/span><\/strong><\/h4>\n<\/li>\n<li>\n<h4 style=\"text-align: left;\"><strong><span style=\"color: #ff0000;\">le DIMANCHE 15 JANVIER \u00e0 17h00, en l&rsquo;\u00e9glise St Martin de BEYNES<\/span><\/strong><\/h4>\n<\/li>\n<\/ul>\n<h4 style=\"text-align: left; padding-left: 30px;\"><strong>Le Choeur de la Mauldre sera accompagn\u00e9 au piano par Yvette Bernard.<\/strong><\/h4>\n<p>&nbsp;<\/p>\n<p><img loading=\"lazy\" decoding=\"async\" class=\"aligncenter wp-image-15342\" src=\"https:\/\/ritmy.fr\/essais\/wp-content\/uploads\/2017\/01\/flyer_janvier17A6-copie.jpg\" alt=\"flyer_janvier17a6-copie\" width=\"603\" height=\"800\" srcset=\"https:\/\/ritmy.fr\/essais\/wp-content\/uploads\/2017\/01\/flyer_janvier17A6-copie.jpg 1233w, https:\/\/ritmy.fr\/essais\/wp-content\/uploads\/2017\/01\/flyer_janvier17A6-copie-226x300.jpg 226w, https:\/\/ritmy.fr\/essais\/wp-content\/uploads\/2017\/01\/flyer_janvier17A6-copie-768x1019.jpg 768w, https:\/\/ritmy.fr\/essais\/wp-content\/uploads\/2017\/01\/flyer_janvier17A6-copie-754x1000.jpg 754w\" sizes=\"auto, (max-width: 603px) 100vw, 603px\" \/><\/p>\n<p>&nbsp;<\/p>\n<h4 style=\"text-align: justify;\"><strong>Le <em>Choeur de la Mauldre<\/em> est un ensemble vocal \u00e0 voix mixtes d&rsquo;une trentaine de chanteurs, adoss\u00e9 \u00e0 l&rsquo;activit\u00e9 chorale de l&rsquo;Ecole de Musique de Beynes, il est dirig\u00e9 depuis\u00a02011 par <em>Cl\u00e9ment Buonomo<\/em>.<\/strong><\/h4>\n<h4 style=\"text-align: justify;\"><strong>Au gr\u00e9 des programmations le Choeur a multipli\u00e9 les exp\u00e9riences. Il a mont\u00e9 de nombreux concerts avec orchestres ou formations musicales diverses, a crois\u00e9 des solistes de grande qualit\u00e9, et dont certains poursuivent une belle carri\u00e8re. Il a voyag\u00e9 et\u00a0chant\u00e9 loin de son petit pays (en Su\u00e8de notamment), a accompagn\u00e9 des mises en sc\u00e8ne (&lsquo;L&rsquo;Op\u00e9ra de 4\u00a0sous&rsquo; \u00e0 Mantes, &lsquo;Plus que le tumulte des eaux profondes&rsquo; \u00e0 Guyancourt et Beynes).<\/strong><\/h4>\n<h4 style=\"text-align: justify;\"><strong>Ces derni\u00e8res ann\u00e9es, son chef s&rsquo;est \u00e9vertu\u00e9 \u00e0 consolider sa connaissance du r\u00e9pertoire de la Renaissance et du baroque. Apr\u00e8s avoir termin\u00e9 en 2015 un programme de pi\u00e8ces anglaises de la Renaissance au XX\u00b0 si\u00e8cle, il a dirig\u00e9 le Choeur en 2016 dans une pi\u00e8ce rare et m\u00e9connue : le REQUIEM de SCHUMANN aux Clayes-sous-Bois et dans l&rsquo;\u00e9glise de Marcq.<\/strong><\/h4>\n<p>&nbsp;<\/p>\n<h4 style=\"text-align: justify;\"><span style=\"color: #333399;\"><strong>Lors\u00a0des deux concerts, le choeur interpr\u00e9tera\u00a0<b><i>N\u00c4NIE\u00a0<\/i>de\u00a0Johannes BRAHMS, et\u00a0<\/b>ce tr\u00e8s beau\u00a0<em>REQUIEM<\/em> de Robert SCHUMANN, oeuvre \u00e0 d\u00e9couvrir.<\/strong><\/span><\/h4>\n<p>&nbsp;<\/p>\n<h3 style=\"text-align: left;\"><span style=\"color: #ff0000;\"><strong>Si vous ne connaissez pas le <em>Choeur de la Mauldre<\/em>, venez le d\u00e9couvrir, dans un superbe programme !<\/strong><\/span><\/h3>\n<p>&nbsp;<\/p>\n","protected":false},"excerpt":{"rendered":"<p>Le CHOEUR de la MAULDRE, sous la direction de Cl\u00e9ment Buonomo, donnera deux concerts &lsquo;Brahms-Schumann&rsquo;\u00a0 les 14 et 15 janvier 2017 &nbsp; le SAMEDI\u00a014 JANVIER \u00e0 20h30, en l&rsquo;\u00e9glise St Pierre-St Nicolas de NEAUPHLE-LE-VIEUX le DIMANCHE 15 JANVIER \u00e0 17h00, en l&rsquo;\u00e9glise St Martin de BEYNES Le Choeur de la Mauldre sera accompagn\u00e9 au piano &hellip; <\/p>\n<p><a class=\"more-link btn\" href=\"https:\/\/ritmy.fr\/essais\/concert-choeur-de-la-mauldre\/\">Lire la suite<\/a><\/p>\n","protected":false},"author":3,"featured_media":0,"comment_status":"closed","ping_status":"closed","sticky":false,"template":"","format":"standard","meta":{"footnotes":""},"categories":[3,4,5,1],"tags":[],"class_list":["post-15344","post","type-post","status-publish","format-standard","hentry","category-les-oeuvres","category-concerts","category-dans-les-yvelines","category-ritmy","nodate","item-wrap"],"_links":{"self":[{"href":"https:\/\/ritmy.fr\/essais\/wp-json\/wp\/v2\/posts\/15344","targetHints":{"allow":["GET"]}}],"collection":[{"href":"https:\/\/ritmy.fr\/essais\/wp-json\/wp\/v2\/posts"}],"about":[{"href":"https:\/\/ritmy.fr\/essais\/wp-json\/wp\/v2\/types\/post"}],"author":[{"embeddable":true,"href":"https:\/\/ritmy.fr\/essais\/wp-json\/wp\/v2\/users\/3"}],"replies":[{"embeddable":true,"href":"https:\/\/ritmy.fr\/essais\/wp-json\/wp\/v2\/comments?post=15344"}],"version-history":[{"count":22,"href":"https:\/\/ritmy.fr\/essais\/wp-json\/wp\/v2\/posts\/15344\/revisions"}],"predecessor-version":[{"id":15389,"href":"https:\/\/ritmy.fr\/essais\/wp-json\/wp\/v2\/posts\/15344\/revisions\/15389"}],"wp:attachment":[{"href":"https:\/\/ritmy.fr\/essais\/wp-json\/wp\/v2\/media?parent=15344"}],"wp:term":[{"taxonomy":"category","embeddable":true,"href":"https:\/\/ritmy.fr\/essais\/wp-json\/wp\/v2\/categories?post=15344"},{"taxonomy":"post_tag","embeddable":true,"href":"https:\/\/ritmy.fr\/essais\/wp-json\/wp\/v2\/tags?post=15344"}],"curies":[{"name":"wp","href":"https:\/\/api.w.org\/{rel}","templated":true}]}}