{"id":15180,"date":"2016-11-22T20:00:13","date_gmt":"2016-11-22T19:00:13","guid":{"rendered":"http:\/\/ritmy.fr\/essais\/?p=15180"},"modified":"2016-12-15T17:56:46","modified_gmt":"2016-12-15T16:56:46","slug":"mozart-a-montfort-lamaury","status":"publish","type":"post","link":"https:\/\/ritmy.fr\/essais\/mozart-a-montfort-lamaury\/","title":{"rendered":"MOZART \u00e0 Montfort-L&rsquo;Amaury le mardi 13 d\u00e9cembre !"},"content":{"rendered":"<h1 style=\"text-align: center;\"><span style=\"color: #333399;\"><strong>Concert symphonique, avec un programme MOZART<\/strong><\/span><\/h1>\n<h2 style=\"text-align: center;\"><span style=\"color: #333399;\"><em><strong>MONTFORT-L&rsquo;AMAURY,\u00a0<\/strong><\/em><em><strong>le Mardi 13 d\u00e9cembre 2016,<\/strong><\/em><\/span><\/h2>\n<h2 style=\"text-align: center;\"><span style=\"color: #333399;\"><em><strong> \u00e0 20h00,<\/strong><\/em><\/span><span style=\"color: #333399;\"><em><strong> Eglise St-Pierre<\/strong><\/em><\/span><\/h2>\n<div>\n<div dir=\"ltr\">\n<div>\n<div>\n<div class=\"gmail_quote\"><\/div>\n<div>\n<h4><strong>L&rsquo;orchestre du Conservatoire \u00e0 Rayonnement R\u00e9gional (CRR) de Rueil Malmaison\u00a0nous propose un\u00a0concert\u00a0exceptionnel &lsquo;MOZART&rsquo; :<\/strong><\/h4>\n<ul>\n<li>\n<h4><strong>Symphonie n\u00b040 en sol mineur K 550<\/strong><\/h4>\n<\/li>\n<li>\n<h4><strong>Concerto pour fl\u00fbte et harpe en ut mineur K 299<\/strong><\/h4>\n<\/li>\n<\/ul>\n<h4><strong>Cinquante musiciens<\/strong><span class=\"m_-841220988137189470m_-8353985327761965986m_-1982669110772522691Apple-converted-space\">\u00a0seront\u00a0<\/span>dirig\u00e9s par <strong>Jean-Luc Tourret<\/strong>, directeur du CRR.<\/h4>\n<p>&nbsp;<\/p>\n<div id=\"attachment_15186\" style=\"width: 500px\" class=\"wp-caption aligncenter\"><img loading=\"lazy\" decoding=\"async\" aria-describedby=\"caption-attachment-15186\" class=\"wp-image-15186\" src=\"https:\/\/ritmy.fr\/essais\/wp-content\/uploads\/2016\/12\/crr-conservatoire-rueil-4-mini.jpg\" alt=\"Concert symphonique\" width=\"500\" height=\"333\" srcset=\"https:\/\/ritmy.fr\/essais\/wp-content\/uploads\/2016\/12\/crr-conservatoire-rueil-4-mini.jpg 618w, https:\/\/ritmy.fr\/essais\/wp-content\/uploads\/2016\/12\/crr-conservatoire-rueil-4-mini-300x200.jpg 300w\" sizes=\"auto, (max-width: 500px) 100vw, 500px\" \/><p id=\"caption-attachment-15186\" class=\"wp-caption-text\">L&rsquo;orchestre, sous la direction de Jean-Luc Tourret, directeur du CRR<\/p><\/div>\n<h4><\/h4>\n<h3 style=\"text-align: justify;\"><span style=\"color: #ff0000;\"><strong>Ce concert est organis\u00e9 par<span class=\"m_-841220988137189470m_-8353985327761965986m_-1982669110772522691Apple-converted-space\">\u00a0<\/span><span style=\"text-decoration: underline;\"><em><a style=\"color: #ff0000; text-decoration: underline;\" href=\"http:\/\/www.planetecoeur.org\" target=\"_blank\">Plan\u00e8te C\u0153ur<\/a><\/em><\/span>\u00a0(\u0153uvre\u00a0du<span class=\"m_-841220988137189470m_-8353985327761965986m_-1982669110772522691Apple-converted-space\">\u00a0<\/span>P. Paul Augustin SINC\u00c8RE), au profit de la scolarisation de 1.000 enfants en<span class=\"m_-841220988137189470m_-8353985327761965986m_-1982669110772522691Apple-converted-space\">\u00a0<\/span>Ha\u00efti.<\/strong><\/span><\/h3>\n<\/div>\n<\/div>\n<h5><strong>Plein tarif : 15 \u20ac par personne<\/strong><br \/>\n<strong>Tarif r\u00e9duit : 10 \u20ac par personne pour les ch\u00f4meurs, jeunes, et tout groupe de 3 personnes et plus ! \u00a0<\/strong>(autrement dit, 2 places achet\u00e9es, la<span class=\"m_-841220988137189470m_-8353985327761965986m_-1982669110772522691Apple-converted-space\">\u00a0<\/span><strong>troisi\u00e8me\u00a0gratuite\u00a0<\/strong>pour un enfant, un voisin ou un ami !)<\/h5>\n<h4 style=\"text-align: left;\"><span style=\"color: #333333;\"><strong>Pour choisir au plus vite votre place num\u00e9rot\u00e9e,\u00a0<\/strong><span style=\"text-decoration: underline;\"><strong>r\u00e9servation vivement recommand\u00e9e<\/strong><\/span>\u00a0:\u00a0<\/span><span style=\"text-decoration: underline;\"><em><a href=\"http:\/\/www.planetecoeur.org\" target=\"_blank\">www.planetecoeur.org<\/a><\/em><\/span><\/h4>\n<h3 style=\"text-align: justify;\"><\/h3>\n<h3 style=\"text-align: justify;\"><span style=\"color: #333399;\"><strong>\u00c0 tr\u00e8s bient\u00f4t donc nous l&rsquo;esp\u00e9rons pour cet\u00a0\u00e9v\u00e9nement exceptionnel \u00e0 ne pas manquer<span class=\"m_-841220988137189470m_-8353985327761965986m_-1982669110772522691Apple-converted-space\">\u00a0<\/span>!<\/strong><\/span><\/h3>\n<\/div>\n<\/div>\n<\/div>\n<h5><strong>La commune de Montfort recommande le stationnement sur la place du Palais.\u00a0<\/strong><\/h5>\n<p>&nbsp;<\/p>\n<div>\n<div dir=\"ltr\">\n<p><img loading=\"lazy\" decoding=\"async\" class=\"wp-image-15191 alignleft\" src=\"https:\/\/ritmy.fr\/essais\/wp-content\/uploads\/2016\/12\/Logo_Planete_Coeur_8192px_Alpha-1.png\" alt=\"logo_planete_coeur_8192px_alpha-1\" width=\"172\" height=\"172\" srcset=\"https:\/\/ritmy.fr\/essais\/wp-content\/uploads\/2016\/12\/Logo_Planete_Coeur_8192px_Alpha-1.png 1000w, https:\/\/ritmy.fr\/essais\/wp-content\/uploads\/2016\/12\/Logo_Planete_Coeur_8192px_Alpha-1-140x140.png 140w, https:\/\/ritmy.fr\/essais\/wp-content\/uploads\/2016\/12\/Logo_Planete_Coeur_8192px_Alpha-1-300x300.png 300w, https:\/\/ritmy.fr\/essais\/wp-content\/uploads\/2016\/12\/Logo_Planete_Coeur_8192px_Alpha-1-768x768.png 768w\" sizes=\"auto, (max-width: 172px) 100vw, 172px\" \/><\/p>\n<\/div>\n<\/div>\n<h4 style=\"text-align: center;\"><em><span style=\"color: #3366ff;\"><strong>PLANETE COEUR<\/strong><\/span><\/em><\/h4>\n<h4 style=\"text-align: center;\"><span style=\"color: #3366ff;\"><em><strong>Association d&rsquo;aide humanitaire des Yvelines<\/strong><\/em><\/span><\/h4>\n<div><\/div>\n<div>\n<h4 style=\"text-align: center;\"><span style=\"text-decoration: underline;\"><em><a href=\"http:\/\/www.planetecoeur.org\" target=\"_blank\">www.planetecoeur.org<\/a><\/em><\/span><\/h4>\n<\/div>\n<div><\/div>\n<div><\/div>\n<div><\/div>\n<div><\/div>\n","protected":false},"excerpt":{"rendered":"<p>Concert symphonique, avec un programme MOZART MONTFORT-L&rsquo;AMAURY,\u00a0le Mardi 13 d\u00e9cembre 2016, \u00e0 20h00, Eglise St-Pierre L&rsquo;orchestre du Conservatoire \u00e0 Rayonnement R\u00e9gional (CRR) de Rueil Malmaison\u00a0nous propose un\u00a0concert\u00a0exceptionnel &lsquo;MOZART&rsquo; : Symphonie n\u00b040 en sol mineur K 550 Concerto pour fl\u00fbte et harpe en ut mineur K 299 Cinquante musiciens\u00a0seront\u00a0dirig\u00e9s par Jean-Luc Tourret, directeur du CRR. &nbsp; &hellip; <\/p>\n<p><a class=\"more-link btn\" href=\"https:\/\/ritmy.fr\/essais\/mozart-a-montfort-lamaury\/\">Lire la suite<\/a><\/p>\n","protected":false},"author":3,"featured_media":0,"comment_status":"closed","ping_status":"closed","sticky":false,"template":"","format":"standard","meta":{"footnotes":""},"categories":[3,4,5,1],"tags":[27],"class_list":["post-15180","post","type-post","status-publish","format-standard","hentry","category-les-oeuvres","category-concerts","category-dans-les-yvelines","category-ritmy","tag-mozart","nodate","item-wrap"],"_links":{"self":[{"href":"https:\/\/ritmy.fr\/essais\/wp-json\/wp\/v2\/posts\/15180","targetHints":{"allow":["GET"]}}],"collection":[{"href":"https:\/\/ritmy.fr\/essais\/wp-json\/wp\/v2\/posts"}],"about":[{"href":"https:\/\/ritmy.fr\/essais\/wp-json\/wp\/v2\/types\/post"}],"author":[{"embeddable":true,"href":"https:\/\/ritmy.fr\/essais\/wp-json\/wp\/v2\/users\/3"}],"replies":[{"embeddable":true,"href":"https:\/\/ritmy.fr\/essais\/wp-json\/wp\/v2\/comments?post=15180"}],"version-history":[{"count":15,"href":"https:\/\/ritmy.fr\/essais\/wp-json\/wp\/v2\/posts\/15180\/revisions"}],"predecessor-version":[{"id":15198,"href":"https:\/\/ritmy.fr\/essais\/wp-json\/wp\/v2\/posts\/15180\/revisions\/15198"}],"wp:attachment":[{"href":"https:\/\/ritmy.fr\/essais\/wp-json\/wp\/v2\/media?parent=15180"}],"wp:term":[{"taxonomy":"category","embeddable":true,"href":"https:\/\/ritmy.fr\/essais\/wp-json\/wp\/v2\/categories?post=15180"},{"taxonomy":"post_tag","embeddable":true,"href":"https:\/\/ritmy.fr\/essais\/wp-json\/wp\/v2\/tags?post=15180"}],"curies":[{"name":"wp","href":"https:\/\/api.w.org\/{rel}","templated":true}]}}