{"id":15054,"date":"2016-11-21T10:00:57","date_gmt":"2016-11-21T09:00:57","guid":{"rendered":"http:\/\/ritmy.fr\/essais\/?p=15054"},"modified":"2017-04-11T21:10:22","modified_gmt":"2017-04-11T20:10:22","slug":"quatre-voix-au-diapason","status":"publish","type":"post","link":"https:\/\/ritmy.fr\/essais\/quatre-voix-au-diapason\/","title":{"rendered":"Le Quatuor A&rsquo;DAM aux Mesnuls&#8230; quatre voix au diapason !"},"content":{"rendered":"<h1 style=\"text-align: center;\"><span style=\"color: #333399;\"><strong>Tr\u00e8s beau\u00a0succ\u00e8s pour le formidable quatuor vocal\u00a0A&rsquo;DAM,<\/strong><\/span><\/h1>\n<h1 style=\"text-align: center;\"><span style=\"color: #333399;\"><strong> aux Mesnuls, ce dimanche 20 novembre 2016 !!<\/strong><\/span><\/h1>\n<h3 style=\"text-align: justify;\"><strong><span style=\"color: #333399;\">Un ensemble\u00a0vocal &lsquo;a cappella&rsquo;, ce n&rsquo;est pas si habituel dans la\u00a0programmation Ritmy, et\u00a0ce fut une tr\u00e8s belle\u00a0r\u00e9ussite. Le public nombreux de la salle des f\u00eates des Mesnuls a \u00e9t\u00e9 conquis par ces quatre voix superbes, parfaitement &lsquo;accord\u00e9es&rsquo;, et la vari\u00e9t\u00e9 et l&rsquo;originalit\u00e9 de leur r\u00e9pertoire.<\/span><\/strong><\/h3>\n<p>&nbsp;<\/p>\n<div id=\"attachment_15065\" style=\"width: 480px\" class=\"wp-caption aligncenter\"><img loading=\"lazy\" decoding=\"async\" aria-describedby=\"caption-attachment-15065\" class=\"wp-image-15065\" src=\"https:\/\/ritmy.fr\/essais\/wp-content\/uploads\/2016\/11\/IMG_0598.jpg\" alt=\"img_0598\" width=\"480\" height=\"360\" srcset=\"https:\/\/ritmy.fr\/essais\/wp-content\/uploads\/2016\/11\/IMG_0598.jpg 4032w, https:\/\/ritmy.fr\/essais\/wp-content\/uploads\/2016\/11\/IMG_0598-300x225.jpg 300w, https:\/\/ritmy.fr\/essais\/wp-content\/uploads\/2016\/11\/IMG_0598-768x576.jpg 768w, https:\/\/ritmy.fr\/essais\/wp-content\/uploads\/2016\/11\/IMG_0598-1000x750.jpg 1000w\" sizes=\"auto, (max-width: 480px) 100vw, 480px\" \/><p id=\"caption-attachment-15065\" class=\"wp-caption-text\">Louis-Pierre Patron (baryton), Olivier Rault (t\u00e9nor), Pierre Boudeville (baryton) et Julien Guilloton (basse).<\/p><\/div>\n<h4><span style=\"color: #333399;\"><strong>Olivier RAULT (t\u00e9nor), Louis-Pierre PATRON et Pierre BOUDEVILLE (barytons), et Julien GUILLOTON (basse) nous ont impressionn\u00e9s par leurs interpr\u00e9tations pleines de justesse, et de fantaisie parfois, de chansons balayant les \u00e9poques.<\/strong><\/span><\/h4>\n<h4><span style=\"color: #333333;\"><strong>Ils ont vari\u00e9 les styles avec une aisance incroyable, passant de\u00a0la chanson renaissance : Cl\u00e9ment Janequin, Pierre Passereau, Claudin de Sermisy, Paul Brafford, Pierre Certon&#8230; aux traditionnels negro-spirituals, \u00e0 la mani\u00e8re du fameux &lsquo;Golden Gate Quartet&rsquo; : \u00ab\u00a0<em>Go down Moses\u00a0\u00bb, \u00ab\u00a0Nobody knows the trouble I&rsquo;ve seen\u00a0\u00bb, \u00ab\u00a0Swing down chariot\u00a0\u00bb, \u00ab\u00a0Rock my soul\u00a0\u00bb<\/em>&#8230;<\/strong><\/span><\/h4>\n<h4><img loading=\"lazy\" decoding=\"async\" class=\"alignleft wp-image-15067\" src=\"https:\/\/ritmy.fr\/essais\/wp-content\/uploads\/2016\/11\/ADAM-2.jpg\" alt=\"adam-2\" width=\"375\" height=\"265\" srcset=\"https:\/\/ritmy.fr\/essais\/wp-content\/uploads\/2016\/11\/ADAM-2.jpg 3460w, https:\/\/ritmy.fr\/essais\/wp-content\/uploads\/2016\/11\/ADAM-2-300x212.jpg 300w, https:\/\/ritmy.fr\/essais\/wp-content\/uploads\/2016\/11\/ADAM-2-768x542.jpg 768w, https:\/\/ritmy.fr\/essais\/wp-content\/uploads\/2016\/11\/ADAM-2-1000x706.jpg 1000w\" sizes=\"auto, (max-width: 375px) 100vw, 375px\" \/><\/h4>\n<div id=\"attachment_15068\" style=\"width: 360px\" class=\"wp-caption alignright\"><img loading=\"lazy\" decoding=\"async\" aria-describedby=\"caption-attachment-15068\" class=\"wp-image-15068\" src=\"https:\/\/ritmy.fr\/essais\/wp-content\/uploads\/2016\/11\/ADAM-3.jpg\" alt=\"adam-3\" width=\"360\" height=\"284\" srcset=\"https:\/\/ritmy.fr\/essais\/wp-content\/uploads\/2016\/11\/ADAM-3.jpg 3233w, https:\/\/ritmy.fr\/essais\/wp-content\/uploads\/2016\/11\/ADAM-3-300x237.jpg 300w, https:\/\/ritmy.fr\/essais\/wp-content\/uploads\/2016\/11\/ADAM-3-768x606.jpg 768w, https:\/\/ritmy.fr\/essais\/wp-content\/uploads\/2016\/11\/ADAM-3-1000x789.jpg 1000w\" sizes=\"auto, (max-width: 360px) 100vw, 360px\" \/><p id=\"caption-attachment-15068\" class=\"wp-caption-text\">Pendant &lsquo;Le coq et la pendule&rsquo; de Claude Nougaro<\/p><\/div>\n<p>&nbsp;<\/p>\n<h4><strong>Ou encore allant\u00a0du &lsquo;s\u00e9rieux&rsquo; romantique allemand, avec Schubert et Carl Maria von Weber, aux chansons\u00a0actuelles\u00a0fran\u00e7aises : Gainsbourg <em><span style=\"color: #333333;\">\u00ab\u00a0L&rsquo;eau \u00e0 la bouche\u00a0\u00bb<\/span><\/em>, Nougaro <em>\u00ab\u00a0Le coq et la pendule\u00a0\u00bb<\/em>\u00a0et Bobby Lapointe, incroyable interpr\u00e9tation de la p\u00e9rilleuse \u00ab\u00a0<em style=\"color: #333333;\">Ta Katie t&rsquo;a quitt\u00e9e\u00a0\u00bb !<\/em><\/strong><\/h4>\n<p>&nbsp;<\/p>\n<p>&nbsp;<\/p>\n<p>&nbsp;<\/p>\n<h4><span style=\"color: #333333;\"><strong>Et m\u00eame aux m\u00e9lodies anglo-saxonnes, de Leonard Bernstein \u00ab\u00a0<em>Maria\u00a0\u00bb<\/em>, et Paul Simon \u00ab\u00a0<em>Cecilia\u00a0\u00bb<\/em>.<\/strong><\/span><\/h4>\n<p>&nbsp;<\/p>\n<h4><strong>Nous avons pu admirer toute la\u00a0beaut\u00e9\u00a0de\u00a0chacune des quatre\u00a0&lsquo;voix&rsquo; lors des solos, que chacun prenait \u00e0 tour de r\u00f4le, accompagn\u00e9 par ses &lsquo;\u00e9quipiers&rsquo;. \u00a0<\/strong><\/h4>\n<h4><\/h4>\n<h4><\/h4>\n<p>&nbsp;<\/p>\n<p>&nbsp;<\/p>\n<div id=\"attachment_15066\" style=\"width: 400px\" class=\"wp-caption aligncenter\"><img loading=\"lazy\" decoding=\"async\" aria-describedby=\"caption-attachment-15066\" class=\"wp-image-15066\" src=\"https:\/\/ritmy.fr\/essais\/wp-content\/uploads\/2016\/11\/IMG_0606.jpg\" alt=\"img_0606\" width=\"400\" height=\"254\" srcset=\"https:\/\/ritmy.fr\/essais\/wp-content\/uploads\/2016\/11\/IMG_0606.jpg 3989w, https:\/\/ritmy.fr\/essais\/wp-content\/uploads\/2016\/11\/IMG_0606-300x191.jpg 300w, https:\/\/ritmy.fr\/essais\/wp-content\/uploads\/2016\/11\/IMG_0606-768x488.jpg 768w, https:\/\/ritmy.fr\/essais\/wp-content\/uploads\/2016\/11\/IMG_0606-1000x636.jpg 1000w\" sizes=\"auto, (max-width: 400px) 100vw, 400px\" \/><p id=\"caption-attachment-15066\" class=\"wp-caption-text\">Louis-Pierre Patron \u00e0 la guitare, pour une pi\u00e8ce de Schubert &lsquo;Der Leiermann&rsquo;<\/p><\/div>\n<h4><span style=\"color: #333399;\"><strong>Quatre voix au diapason, sur des arrangements cisel\u00e9s, des &lsquo;mises en sc\u00e8ne&rsquo; souvent dr\u00f4les&#8230; une tr\u00e8s belle d\u00e9couverte pour tout le public, qui a chaleureusement applaudi ces quatre\u00a0gar\u00e7ons talentueux et sympathiques.<\/strong><\/span><\/h4>\n<h4><strong>Avec en bis une tr\u00e8s belle\u00a0interpr\u00e9tation de <em>&lsquo;The sound of silence&rsquo;<\/em> de Simon &amp; Garfunkel, que vous pouvez r\u00e9entendre ici :<\/strong><\/h4>\n<p>&nbsp;<\/p>\n<p><iframe loading=\"lazy\" src=\"https:\/\/w.soundcloud.com\/player\/?url=https%3A\/\/api.soundcloud.com\/tracks\/162518460&amp;auto_play=false&amp;hide_related=false&amp;show_comments=true&amp;show_user=true&amp;show_reposts=false&amp;visual=true\" width=\"80%\" height=\"160\" frameborder=\"no\" scrolling=\"no\"><\/iframe><\/p>\n<h4><strong>Et r\u00e9\u00e9coutez aussi ce \u00ab\u00a0<\/strong><em><strong>Swing Down Chariot\u00a0\u00bb<\/strong><\/em><strong>,<\/strong> <strong>grand\u00a0classique negro-spiritual :<\/strong><\/h4>\n<p><iframe loading=\"lazy\" src=\"https:\/\/w.soundcloud.com\/player\/?url=https%3A\/\/api.soundcloud.com\/tracks\/285123773&amp;auto_play=false&amp;hide_related=false&amp;show_comments=true&amp;show_user=true&amp;show_reposts=false&amp;visual=true\" width=\"80%\" height=\"240\" frameborder=\"no\" scrolling=\"no\" data-mce-fragment=\"1\"><\/iframe><\/p>\n<h5><\/h5>\n<div id=\"attachment_15069\" style=\"width: 254px\" class=\"wp-caption alignright\"><img loading=\"lazy\" decoding=\"async\" aria-describedby=\"caption-attachment-15069\" class=\"wp-image-15069\" src=\"https:\/\/ritmy.fr\/essais\/wp-content\/uploads\/2016\/11\/ADAM-4.jpg\" alt=\"adam-4\" width=\"254\" height=\"380\" srcset=\"https:\/\/ritmy.fr\/essais\/wp-content\/uploads\/2016\/11\/ADAM-4.jpg 2591w, https:\/\/ritmy.fr\/essais\/wp-content\/uploads\/2016\/11\/ADAM-4-201x300.jpg 201w, https:\/\/ritmy.fr\/essais\/wp-content\/uploads\/2016\/11\/ADAM-4-768x1147.jpg 768w, https:\/\/ritmy.fr\/essais\/wp-content\/uploads\/2016\/11\/ADAM-4-670x1000.jpg 670w\" sizes=\"auto, (max-width: 254px) 100vw, 254px\" \/><p id=\"caption-attachment-15069\" class=\"wp-caption-text\">en d\u00e9dicace&#8230;<\/p><\/div>\n<p>&nbsp;<\/p>\n<p>&nbsp;<\/p>\n<h4><strong>Apr\u00e8s le spectacle, le public a pu retrouver les quatre\u00a0artistes autour d&rsquo;un verre, et chacun a pu \u00e9changer avec eux dans la bonne humeur, et\u00a0se faire d\u00e9dicacer leur\u00a0disque, avec\u00a0plusieurs chansons qui figuraient \u00e0 leur\u00a0programme.<\/strong><\/h4>\n<p>&nbsp;<\/p>\n<h4><strong>Si vous souhaitez les r\u00e9\u00e9couter, ils seront au Th\u00e9\u00e2tre de l&rsquo;Agora \u00e0 Evry en mars 2017, et en tourn\u00e9e dans l&rsquo;Essonne.<\/strong><\/h4>\n<h4><strong>Plus d&rsquo;informations sur leur site, leur agenda&#8230; :\u00a0<em><a href=\"https:\/\/quatuoradam.com\">https:\/\/quatuoradam.com<\/a><\/em><\/strong><\/h4>\n<p>&nbsp;<\/p>\n<h5 style=\"text-align: center;\"><\/h5>\n<h5 style=\"text-align: center;\"><\/h5>\n<h5 style=\"text-align: center;\"><strong>*****************<\/strong><\/h5>\n<h3><span style=\"color: #ff0000;\"><strong>Et ne manquez surtout pas notre prochain concert Ritmy, avec la prestigieuse mezzo-soprano <span style=\"text-decoration: underline;\">Karine DESHAYES<\/span>, en r\u00e9cital avec piano, dans un programme Rossini, <\/strong><\/span><span style=\"color: #ff0000;\"><strong>le dimanche 4 d\u00e9cembre \u00e0 17h00, \u00e0 Neauphle-le-Ch\u00e2teau\u00a0(\u00e9glise St Nicolas) !!<\/strong><\/span><\/h3>\n<h3><span style=\"color: #ff0000;\"><strong>Toutes les informations sur ce concert : <a href=\"https:\/\/ritmy.fr\/essais\/karine-deshayes-en-recital-a-neauphle\/\" target=\"_blank\"><em><span style=\"text-decoration: underline;\">ICI<\/span><\/em><\/a><\/strong><\/span><\/h3>\n<p>&nbsp;<\/p>\n","protected":false},"excerpt":{"rendered":"<p>Tr\u00e8s beau\u00a0succ\u00e8s pour le formidable quatuor vocal\u00a0A&rsquo;DAM, aux Mesnuls, ce dimanche 20 novembre 2016 !! Un ensemble\u00a0vocal &lsquo;a cappella&rsquo;, ce n&rsquo;est pas si habituel dans la\u00a0programmation Ritmy, et\u00a0ce fut une tr\u00e8s belle\u00a0r\u00e9ussite. Le public nombreux de la salle des f\u00eates des Mesnuls a \u00e9t\u00e9 conquis par ces quatre voix superbes, parfaitement &lsquo;accord\u00e9es&rsquo;, et la vari\u00e9t\u00e9 &hellip; <\/p>\n<p><a class=\"more-link btn\" href=\"https:\/\/ritmy.fr\/essais\/quatre-voix-au-diapason\/\">Lire la suite<\/a><\/p>\n","protected":false},"author":3,"featured_media":0,"comment_status":"closed","ping_status":"closed","sticky":false,"template":"","format":"standard","meta":{"footnotes":""},"categories":[3,4,6,1],"tags":[103,184,122,168,171,254,22,169,173,170],"class_list":["post-15054","post","type-post","status-publish","format-standard","hentry","category-les-oeuvres","category-concerts","category-les-musiciens","category-ritmy","tag-a-capella","tag-a-cappella","tag-adam","tag-baryton","tag-basse","tag-les-mesnuls","tag-quatuor","tag-tenor","tag-vocal","tag-voix","nodate","item-wrap"],"_links":{"self":[{"href":"https:\/\/ritmy.fr\/essais\/wp-json\/wp\/v2\/posts\/15054","targetHints":{"allow":["GET"]}}],"collection":[{"href":"https:\/\/ritmy.fr\/essais\/wp-json\/wp\/v2\/posts"}],"about":[{"href":"https:\/\/ritmy.fr\/essais\/wp-json\/wp\/v2\/types\/post"}],"author":[{"embeddable":true,"href":"https:\/\/ritmy.fr\/essais\/wp-json\/wp\/v2\/users\/3"}],"replies":[{"embeddable":true,"href":"https:\/\/ritmy.fr\/essais\/wp-json\/wp\/v2\/comments?post=15054"}],"version-history":[{"count":53,"href":"https:\/\/ritmy.fr\/essais\/wp-json\/wp\/v2\/posts\/15054\/revisions"}],"predecessor-version":[{"id":15113,"href":"https:\/\/ritmy.fr\/essais\/wp-json\/wp\/v2\/posts\/15054\/revisions\/15113"}],"wp:attachment":[{"href":"https:\/\/ritmy.fr\/essais\/wp-json\/wp\/v2\/media?parent=15054"}],"wp:term":[{"taxonomy":"category","embeddable":true,"href":"https:\/\/ritmy.fr\/essais\/wp-json\/wp\/v2\/categories?post=15054"},{"taxonomy":"post_tag","embeddable":true,"href":"https:\/\/ritmy.fr\/essais\/wp-json\/wp\/v2\/tags?post=15054"}],"curies":[{"name":"wp","href":"https:\/\/api.w.org\/{rel}","templated":true}]}}