{"id":14907,"date":"2016-11-06T18:00:18","date_gmt":"2016-11-06T17:00:18","guid":{"rendered":"http:\/\/ritmy.fr\/essais\/?p=14907"},"modified":"2017-04-11T21:11:36","modified_gmt":"2017-04-11T20:11:36","slug":"tres-beau-succes-a-houdan-duo-inhabituel","status":"publish","type":"post","link":"https:\/\/ritmy.fr\/essais\/tres-beau-succes-a-houdan-duo-inhabituel\/","title":{"rendered":"Tr\u00e8s beau succ\u00e8s \u00e0 HOUDAN pour un duo inhabituel !"},"content":{"rendered":"<h1 style=\"text-align: center;\"><span style=\"color: #333399;\"><strong>Le duo\u00a0Elodie SOULARD (accord\u00e9on) et Rapha\u00ebl PIDOUX (violoncelle), \u00e9taient samedi dernier 5 novembre \u00e0 Houdan.<\/strong><\/span><\/h1>\n<h3 style=\"text-align: justify;\"><strong>Les superbes vo\u00fbtes de l&rsquo;\u00e9glise\u00a0<span style=\"color: #333333;\">Saint-Jacques\u00a0<\/span>ont longuement r\u00e9sonn\u00e9 aux applaudissements, bien m\u00e9rit\u00e9s, qui ont ponctu\u00e9 ce concert atypique.\u00a0<\/strong><\/h3>\n<p><img loading=\"lazy\" decoding=\"async\" class=\"aligncenter wp-image-14912\" src=\"https:\/\/ritmy.fr\/essais\/wp-content\/uploads\/2016\/11\/IMG_1873-1000x750-1.jpg\" alt=\"img_1873-1000x750\" width=\"500\" height=\"410\" srcset=\"https:\/\/ritmy.fr\/essais\/wp-content\/uploads\/2016\/11\/IMG_1873-1000x750-1.jpg 811w, https:\/\/ritmy.fr\/essais\/wp-content\/uploads\/2016\/11\/IMG_1873-1000x750-1-300x246.jpg 300w, https:\/\/ritmy.fr\/essais\/wp-content\/uploads\/2016\/11\/IMG_1873-1000x750-1-768x630.jpg 768w\" sizes=\"auto, (max-width: 500px) 100vw, 500px\" \/><\/p>\n<h3 style=\"text-align: left;\"><strong>Ce\u00a0<span style=\"color: #ff0000;\">mariage entre accord\u00e9on et violoncelle<\/span>, qu&rsquo;on n&rsquo;a pas si souvent l&rsquo;occasion d&rsquo;entendre, fut une totale r\u00e9ussite, et le nombreux public qui se pressait dans la nef a \u00e9t\u00e9 conquis. <\/strong><\/h3>\n<h4 style=\"text-align: left;\"><strong>Conquis et enthousiasm\u00e9 non seulement par l&rsquo;accord parfait des deux instruments, mais aussi par la virtuosit\u00e9 des deux interpr\u00e8tes.\u00a0<span style=\"color: #ff0000;\">Elodie<\/span>\u00a0et\u00a0<span style=\"color: #ff0000;\">Rapha\u00ebl<\/span>\u00a0s&rsquo;accordent parfaitement en duo, mais\u00a0excellent \u00e9galement en solo, d\u00e9montrant ainsi tout le potentiel de chaque instrument !<\/strong><\/h4>\n<div id=\"attachment_14913\" style=\"width: 360px\" class=\"wp-caption alignleft\"><img loading=\"lazy\" decoding=\"async\" aria-describedby=\"caption-attachment-14913\" class=\"wp-image-14913\" src=\"https:\/\/ritmy.fr\/essais\/wp-content\/uploads\/2016\/11\/IMG_1870-1000x750-1.jpg\" alt=\"img_1870-1000x750\" width=\"360\" height=\"270\" srcset=\"https:\/\/ritmy.fr\/essais\/wp-content\/uploads\/2016\/11\/IMG_1870-1000x750-1.jpg 1000w, https:\/\/ritmy.fr\/essais\/wp-content\/uploads\/2016\/11\/IMG_1870-1000x750-1-300x225.jpg 300w, https:\/\/ritmy.fr\/essais\/wp-content\/uploads\/2016\/11\/IMG_1870-1000x750-1-768x576.jpg 768w\" sizes=\"auto, (max-width: 360px) 100vw, 360px\" \/><p id=\"caption-attachment-14913\" class=\"wp-caption-text\">Elodie, virtuose du double clavier !<\/p><\/div>\n<div id=\"attachment_14914\" style=\"width: 350px\" class=\"wp-caption aligncenter\"><img loading=\"lazy\" decoding=\"async\" aria-describedby=\"caption-attachment-14914\" class=\"wp-image-14914\" src=\"https:\/\/ritmy.fr\/essais\/wp-content\/uploads\/2016\/11\/IMG_1881-1000x750-1.jpg\" alt=\"img_1881-1000x750\" width=\"350\" height=\"263\" srcset=\"https:\/\/ritmy.fr\/essais\/wp-content\/uploads\/2016\/11\/IMG_1881-1000x750-1.jpg 1000w, https:\/\/ritmy.fr\/essais\/wp-content\/uploads\/2016\/11\/IMG_1881-1000x750-1-300x225.jpg 300w, https:\/\/ritmy.fr\/essais\/wp-content\/uploads\/2016\/11\/IMG_1881-1000x750-1-768x576.jpg 768w\" sizes=\"auto, (max-width: 350px) 100vw, 350px\" \/><p id=\"caption-attachment-14914\" class=\"wp-caption-text\">Rapha\u00ebl, la magie de l&rsquo;archet !<\/p><\/div>\n<h5><strong>Le choix du programme faisait la part belle aux m\u00e9lodies d&rsquo;Europe du Sud comme\u00a0aux pays de l&rsquo;Est :<\/strong><\/h5>\n<p><strong><span style=\"color: #000080;\">Robert SCHUMANN<\/span><\/strong>\u00a0: 5 Pi\u00e8ces sur un ton populaire<\/p>\n<p><strong><span style=\"color: #000080;\">Manuel de FALLA<\/span><\/strong>\u00a0: Suite populaire espagnole<\/p>\n<p><strong><span style=\"color: #000080;\">SCHUBERT &#8211; LISZT<\/span><\/strong>\u00a0: Valse-Caprice n\u00b0 6 extraite des Soir\u00e9es de Vienne \u00a0<em>(accord\u00e9on seul)<\/em><\/p>\n<p><span style=\"color: #000080;\"><strong>Gabriel FAUR\u00c9<\/strong><\/span>\u00a0: Pavane op.50 \u00a0\u00a0<em>(accord\u00e9on seul)<\/em><\/p>\n<p><strong><span style=\"color: #000080;\">Zoltan KODALY<\/span><\/strong>\u00a0(compositeur Hongrois, 1882-1967) : Final de la sonate pour violoncelle seul<\/p>\n<p><strong><span style=\"color: #000080;\">Serge RACHMANINOV<\/span><\/strong>\u00a0: Vocalise<\/p>\n<p><strong><span style=\"color: #000080;\">David POPPER<\/span><\/strong>\u00a0(violoncelliste et compositeur Tch\u00e8que, 1843-1913) : S\u00e9r\u00e9nade,\u00a0Fantaisie sur un th\u00e8me de la petite Russie, Danse des Gnomes (en bis)<\/p>\n<h5 style=\"text-align: left;\"><strong>Avec ces airs, tour \u00e0 tour rythm\u00e9s, endiabl\u00e9s ou pleins de nostalgie, en duo\u00a0comme en solo, nos deux interpr\u00e8tes ont su capter l&rsquo;int\u00e9r\u00eat des m\u00e9lomanes, qui n&rsquo;ont pas m\u00e9nag\u00e9 leurs ovations.<\/strong><\/h5>\n<h5 style=\"text-align: left;\"><strong><span style=\"color: #ff0000;\">Applaudissements nourris, propos flatteurs en fin de concert, et le verre de la convivialit\u00e9 en\u00a0mairie<\/span>\u00a0toute proche ensuite : l&rsquo;occasion d&rsquo;approcher Elodie et Rapha\u00ebl, et de leur t\u00e9moigner notre grande satisfaction, et le souhait de les retrouver un jour prochain en r\u00e9gion pour d&rsquo;autres moments <\/strong><strong>musicaux \u00e0 partager !<\/strong><\/h5>\n<h5 style=\"text-align: left;\"><em><strong>Pour prolonger notre plaisir, retrouvons nos deux virtuoses dans une interpr\u00e9tation pleine d&rsquo;\u00e9nergie de la &lsquo;Danse des Gnomes&rsquo; de David Popper, qu&rsquo;il nous ont offerte en bis :<\/strong><\/em><\/h5>\n<p><iframe loading=\"lazy\" src=\"https:\/\/www.youtube.com\/embed\/sc9H9Pe-CkU?rel=0\" width=\"560\" height=\"315\" frameborder=\"0\" allowfullscreen=\"allowfullscreen\"><\/iframe><\/p>\n<h4><\/h4>\n<h5 style=\"text-align: left;\"><em><strong>Et voici \u00c9lodie SOULARD \u00e0\u00a0l&rsquo;occasion de la sortie de son magnifique\u00a0disque \u00ab\u00a0<span style=\"text-decoration: underline;\">Portraits\u00a0\u00bb<\/span>\u00a0sorti en octobre 2015. Disque que l&rsquo;on vous recommande vivement d&rsquo;acqu\u00e9rir&#8230;<\/strong><\/em><\/h5>\n<h5 style=\"text-align: left;\"><em><strong>On peut d&rsquo;ailleurs l&rsquo;entendre parler (et jouer\u00a0quelques notes) de la &lsquo;Valse-Caprice n\u00b0 6&rsquo; extraite des Soir\u00e9es de Vienne de Schubert, retouch\u00e9e par Liszt, qu&rsquo;elle nous a brillamment interpr\u00e9t\u00e9e avec son accord\u00e9on &lsquo;classique&rsquo; :<\/strong><\/em><\/h5>\n<p><iframe loading=\"lazy\" src=\"https:\/\/www.youtube.com\/embed\/kJJLJlajS-Y?rel=0\" width=\"560\" height=\"315\" frameborder=\"0\" allowfullscreen=\"allowfullscreen\"><\/iframe><\/p>\n<h5 style=\"text-align: left;\"><strong>Lors du concert, nous avons pu\u00a0admirer toute la virtuosit\u00e9 de Rapha\u00ebl PIDOUX dans le\u00a0Final de la &lsquo;Sonate pour violoncelle seul&rsquo; de\u00a0<span style=\"color: #333333;\">Zoltan KODALY\u00a0(co<\/span>mpositeur Hongrois, 1882-1967), pi\u00e8ce\u00a0extr\u00eamement difficile \u00e0 jouer, que m\u00eame Pablo Casals avait refus\u00e9e au compositeur en son temps !<\/strong><\/h5>\n<h5 style=\"text-align: left;\"><em><strong>M<\/strong><strong>ais \u00e9coutons le ici,\u00a0en solo, dans cette superbe interpr\u00e9tation de la &lsquo;Gavotte de la 5i\u00e8me suite pour violoncelle&rsquo; de JS.Bach :<\/strong><\/em><\/h5>\n<p><iframe loading=\"lazy\" src=\"https:\/\/www.youtube.com\/embed\/cmTXXbda-z4?rel=0\" width=\"560\" height=\"315\" frameborder=\"0\" allowfullscreen=\"allowfullscreen\"><\/iframe><\/p>\n<h4 style=\"text-align: left;\"><strong>Deux grands interpr\u00e8tes, attachants, que nous aimerions retrouver bient\u00f4t&#8230;\u00a0<\/strong><\/h4>\n<h3><\/h3>\n<h3 style=\"text-align: left;\"><strong>Mais n&rsquo;oublions pas le <span style=\"color: #ff0000;\"><span style=\"color: #333333;\">tout\u00a0prochain rendez-vous que nous donne RITMY,<\/span> le Dimanche 20 novembre, \u00e0 16h, en la Salle des f\u00eates des MESNULS, avec\u00a0le\u00a0<span style=\"text-decoration: underline;\">Quatuor A&rsquo;DAM<\/span>.<\/span>\u00a0Quatre voix magnifiques pour un concert \u00ab\u00a0A Capella\u00a0\u00bb qu&rsquo;on ne saurait rater !!!<\/strong><\/h3>\n<h3><em><strong><span style=\"color: #ff0000;\">Plus d&rsquo;informations, dans notre article de pr\u00e9sentation :<\/span> <a href=\"https:\/\/ritmy.fr\/essais\/quatuor-adam-aux-mesnuls\/\" target=\"_blank\"><span style=\"text-decoration: underline;\">ICI<\/span><\/a><\/strong><\/em><\/h3>\n<p>&nbsp;<\/p>\n<hr \/>\n<p style=\"text-align: left;\"><strong>Si vous voulez r\u00e9agir \u00e0 cet article, nous poser une question, contacter l&rsquo;\u00e9quipe RITMY\u2026 n\u2019h\u00e9sitez pas \u00e0 vous exprimer par courriel :<\/strong><\/p>\n<h5 style=\"text-align: center;\"><strong><a href=\"mailto:contact.ritmy@gmail.com\" target=\"_blank\">contact.ritmy@gmail.com<\/a><\/strong><\/h5>\n<p>&nbsp;<\/p>\n","protected":false},"excerpt":{"rendered":"<p>Le duo\u00a0Elodie SOULARD (accord\u00e9on) et Rapha\u00ebl PIDOUX (violoncelle), \u00e9taient samedi dernier 5 novembre \u00e0 Houdan. Les superbes vo\u00fbtes de l&rsquo;\u00e9glise\u00a0Saint-Jacques\u00a0ont longuement r\u00e9sonn\u00e9 aux applaudissements, bien m\u00e9rit\u00e9s, qui ont ponctu\u00e9 ce concert atypique.\u00a0 Ce\u00a0mariage entre accord\u00e9on et violoncelle, qu&rsquo;on n&rsquo;a pas si souvent l&rsquo;occasion d&rsquo;entendre, fut une totale r\u00e9ussite, et le nombreux public qui se pressait &hellip; <\/p>\n<p><a class=\"more-link btn\" href=\"https:\/\/ritmy.fr\/essais\/tres-beau-succes-a-houdan-duo-inhabituel\/\">Lire la suite<\/a><\/p>\n","protected":false},"author":3,"featured_media":0,"comment_status":"closed","ping_status":"closed","sticky":false,"template":"","format":"standard","meta":{"footnotes":""},"categories":[3,4,6,1],"tags":[178,124,221,242,222,199,243],"class_list":["post-14907","post","type-post","status-publish","format-standard","hentry","category-les-oeuvres","category-concerts","category-les-musiciens","category-ritmy","tag-accordeon","tag-duo","tag-pidoux","tag-popper","tag-soulard","tag-violoncelle","tag-wanderer","nodate","item-wrap"],"_links":{"self":[{"href":"https:\/\/ritmy.fr\/essais\/wp-json\/wp\/v2\/posts\/14907","targetHints":{"allow":["GET"]}}],"collection":[{"href":"https:\/\/ritmy.fr\/essais\/wp-json\/wp\/v2\/posts"}],"about":[{"href":"https:\/\/ritmy.fr\/essais\/wp-json\/wp\/v2\/types\/post"}],"author":[{"embeddable":true,"href":"https:\/\/ritmy.fr\/essais\/wp-json\/wp\/v2\/users\/3"}],"replies":[{"embeddable":true,"href":"https:\/\/ritmy.fr\/essais\/wp-json\/wp\/v2\/comments?post=14907"}],"version-history":[{"count":27,"href":"https:\/\/ritmy.fr\/essais\/wp-json\/wp\/v2\/posts\/14907\/revisions"}],"predecessor-version":[{"id":14937,"href":"https:\/\/ritmy.fr\/essais\/wp-json\/wp\/v2\/posts\/14907\/revisions\/14937"}],"wp:attachment":[{"href":"https:\/\/ritmy.fr\/essais\/wp-json\/wp\/v2\/media?parent=14907"}],"wp:term":[{"taxonomy":"category","embeddable":true,"href":"https:\/\/ritmy.fr\/essais\/wp-json\/wp\/v2\/categories?post=14907"},{"taxonomy":"post_tag","embeddable":true,"href":"https:\/\/ritmy.fr\/essais\/wp-json\/wp\/v2\/tags?post=14907"}],"curies":[{"name":"wp","href":"https:\/\/api.w.org\/{rel}","templated":true}]}}