{"id":14759,"date":"2016-11-23T10:00:53","date_gmt":"2016-11-23T09:00:53","guid":{"rendered":"http:\/\/ritmy.fr\/essais\/?p=14759"},"modified":"2017-06-15T14:13:22","modified_gmt":"2017-06-15T13:13:22","slug":"karine-deshayes-en-recital-a-neauphle","status":"publish","type":"post","link":"https:\/\/ritmy.fr\/essais\/karine-deshayes-en-recital-a-neauphle\/","title":{"rendered":"Karine DESHAYES, en r\u00e9cital, \u00e0 Neauphle-le-Ch\u00e2teau le 4 d\u00e9cembre 2016"},"content":{"rendered":"<h1 style=\"text-align: center;\"><strong><span style=\"color: #333399;\">Karine DESHAYES, en r\u00e9cital avec piano,<\/span><\/strong><\/h1>\n<h1 style=\"text-align: center;\"><span style=\"color: #333399;\"><strong>dans\u00a0un programme<\/strong><\/span><em><span style=\"color: #333399;\"><strong> \u00ab\u00a0Salon Rossini\u00a0\u00bb<\/strong><\/span><\/em><\/h1>\n<h2 style=\"text-align: center;\"><strong><span style=\"color: #333399;\">\u00e0 Neauphle-le-Ch\u00e2teau, le Dimanche\u00a04 d\u00e9cembre 2016,<\/span><\/strong><\/h2>\n<h2 style=\"text-align: center;\"><strong><span style=\"color: #333399;\">\u00e0 17h00 &#8211;\u00a0<\/span><\/strong><span style=\"color: #333399;\"><strong>Eglise Saint-Nicolas<\/strong><\/span><\/h2>\n<h4 style=\"text-align: justify;\"><span style=\"color: #333399;\"><strong>Quel chemin parcouru depuis ses d\u00e9buts \u00e0 l\u2019Op\u00e9ra de Lyon en 1998&#8230; Karine DESHAYES, consacr\u00e9e par les Victoires de la Musique Classique comme \u00ab\u00a0Artiste Lyrique de l\u2019Ann\u00e9e\u00a0\u00bb en 2011,\u00a0puis \u00e0 nouveau en 2016, s\u2019impose aujourd\u2019hui dans le paysage lyrique international.<\/strong><\/span><\/h4>\n<h4 style=\"text-align: justify;\"><span style=\"color: #333399;\"><strong>Au sommet de sa carri\u00e8re, Karine DESHAYES est aujourd\u2019hui la\u00a0mezzo-soprano fran\u00e7aise que l\u2019on se dispute, appr\u00e9ci\u00e9e par ailleurs pour son attitude simple et authentique.<\/strong><\/span><\/h4>\n<h4 style=\"text-align: justify;\"><strong><span style=\"color: #333399;\">Pour son\u00a0r\u00e9cital, elle sera\u00a0accompagn\u00e9e au piano par Dominique PLANCADE.<\/span><\/strong><\/h4>\n<p>&nbsp;<\/p>\n<div id=\"attachment_14335\" style=\"width: 472px\" class=\"wp-caption aligncenter\"><img loading=\"lazy\" decoding=\"async\" aria-describedby=\"caption-attachment-14335\" class=\"wp-image-14335\" src=\"https:\/\/ritmy.fr\/essais\/wp-content\/uploads\/2016\/06\/Karine-Deshayes-8.jpg\" alt=\"Karine Deshayes 8\" width=\"472\" height=\"284\" srcset=\"https:\/\/ritmy.fr\/essais\/wp-content\/uploads\/2016\/06\/Karine-Deshayes-8.jpg 796w, https:\/\/ritmy.fr\/essais\/wp-content\/uploads\/2016\/06\/Karine-Deshayes-8-300x181.jpg 300w, https:\/\/ritmy.fr\/essais\/wp-content\/uploads\/2016\/06\/Karine-Deshayes-8-768x462.jpg 768w\" sizes=\"auto, (max-width: 472px) 100vw, 472px\" \/><p id=\"caption-attachment-14335\" class=\"wp-caption-text\">Karine DESHAYES (photo Vincent Jacques)<\/p><\/div>\n<p><strong><span style=\"color: #333399;\">Karine DESHAYES<\/span>\u00a0<\/strong>commence par apprendre le violon qui lui donne le go\u00fbt de la musique et du chant.<\/p>\n<p>Elle commence ses \u00e9tudes au\u00a0<strong>Conservatoire National Sup\u00e9rieur de Paris<\/strong>\u00a0avec<strong>\u00a0Mireille Alcantara,\u00a0<\/strong>apr\u00e8s avoir obtenu une licence en musicologie \u00e0 la Sorbonne. Elle suit les masters classes de<strong>\u00a0R\u00e9gine\u00a0Crespin<\/strong>,<strong>\u00a0<\/strong>qui sera son mentor. Au terme de ses \u00e9tudes, elle int\u00e8gre la troupe de l&rsquo;<strong>Op\u00e9ra National de Lyon en 1998<\/strong>. Elle y interpr\u00e8te de nombreux seconds r\u00f4les dont Cherubino puis y chante sa premi\u00e8re Rosina. \u00c0 cette p\u00e9riode, elle chante \u00e9galement sa premi\u00e8re Elena (<em>La Donna del lago<\/em>) au festival de Radio-France \u00e0 Montpellier.<\/p>\n<p>D\u00e8s 2002 elle chante \u00e0 l\u2019<strong>Op\u00e9ra de Paris<\/strong>\u00a0dans Rusalka, puis elle se produit au\u00a0<strong>Festival de Salzbourg<\/strong>\u00a0dans la Fl\u00fbte Enchant\u00e9e (Deuxi\u00e8me Dame) sous la direction de\u00a0<strong>Riccardo Muti<\/strong>, et en 2006 c&rsquo;est la cons\u00e9cration quand elle fait ses d\u00e9buts au\u00a0<strong>Metropolitan de New-York<\/strong>\u00a0dans le r\u00f4le de Siebel (Faust).<\/p>\n<p><strong>Son r\u00e9pertoire comprend de<\/strong>\u00a0<strong>nombreux r\u00f4les<\/strong>\u00a0: Cenerentola, Elena (Dame du Lac), Isolier (Comte Ory), Cendrillon, La Navaraise, Charlotte (Werther), Popp\u00e9e, Sesto (Jules C\u00e9sar), Dorabella (Cosi fan Tutte), Sesto (La Cl\u00e9mence de Titus de Mozart), Fenena (Nabucco), Carmen, Urbain (Les Hugenots), Nicklausse (Les Contes d\u2019Hoffmann), Adalgisa (Norma), Isoletta (Straniera) ou encore Rom\u00e9o (Les Capulet et les Montaigu).<\/p>\n<div id=\"attachment_14770\" style=\"width: 360px\" class=\"wp-caption alignleft\"><img loading=\"lazy\" decoding=\"async\" aria-describedby=\"caption-attachment-14770\" class=\"wp-image-14770\" src=\"https:\/\/ritmy.fr\/essais\/wp-content\/uploads\/2016\/10\/Karine-Deshayes-Aymeric-Giraudel-300.jpg\" alt=\"karine-deshayes-aymeric-giraudel-300\" width=\"360\" height=\"300\" srcset=\"https:\/\/ritmy.fr\/essais\/wp-content\/uploads\/2016\/10\/Karine-Deshayes-Aymeric-Giraudel-300.jpg 660w, https:\/\/ritmy.fr\/essais\/wp-content\/uploads\/2016\/10\/Karine-Deshayes-Aymeric-Giraudel-300-300x250.jpg 300w\" sizes=\"auto, (max-width: 360px) 100vw, 360px\" \/><p id=\"caption-attachment-14770\" class=\"wp-caption-text\">Karine DESHAYES (photo Aymeric Giraudel)<\/p><\/div>\n<p>&nbsp;<\/p>\n<p><strong>Elle s&rsquo;est \u00e9galement tourn\u00e9e vers la musique baroque<\/strong>, et<strong>\u00a0<\/strong>a ainsi chant\u00e9 Irene dans le\u00a0<em>Tamerlano\u00a0<\/em>de Haendel au Th\u00e9\u00e2tre des Champs-\u00c9lys\u00e9es (Paris) et au Palau de les Arts (Valence) en 2004. Elle donne r\u00e9guli\u00e8rement des r\u00e9citals de musique baroque (Th\u00e9\u00e2tre du Ch\u00e2telet, Salle Gaveau, Op\u00e9ra National de Lyon, Op\u00e9ra royal du ch\u00e2teau de Versailles), chantant notamment Lully et Cavalli.<\/p>\n<p>La carri\u00e8re de\u00a0<span style=\"color: #333399;\"><strong>Karine DESHAYES<\/strong><\/span>\u00a0s\u2019est \u00e0 la fois d\u00e9velopp\u00e9e \u00e0 l\u2019<strong>Op\u00e9ra de Paris<\/strong>\u00a0(Garnier et Bastille), en\u00a0<strong>province<\/strong>\u00a0(Toulouse, Avignon, Lyon, Marseille, Strasbourg, Nancy, Bordeaux, Tours, Orange\u2026) ainsi qu\u2019\u00e0\u00a0<strong>l\u2019\u00e9tranger<\/strong>\u00a0(Le Met, San Francisco, Teatro Real de Madrid et Liceu de Barcelone).<\/p>\n<p>&nbsp;<\/p>\n<p>&nbsp;<\/p>\n<p><strong>Elle se produit \u00e9galement en r\u00e9cital et en concert<\/strong>, sous la direction d\u2019Emmanuelle Ha\u00efm, Emmanuel Krivine, David Stern, Kurt Masur, Louis Langr\u00e9e, Myung-Whun Chung ou\u00a0Josep Pons&#8230; avec l&rsquo; &lsquo;Ensemble Contraste&rsquo; et &lsquo;Les Forces Majeures&rsquo;&#8230;<\/p>\n<p>Ou accompagn\u00e9e par\u00a0la pianiste<strong>\u00a0H\u00e9l\u00e8ne Lucas<\/strong>, avec laquelle elle a enregistr\u00e9 un r\u00e9cital Faur\u00e9 qui a \u00e9t\u00e9 r\u00e9compens\u00e9 par le Prix Charles Cros,\u00a0le pianiste<strong>\u00a0Dominique Plancade<\/strong>, la mezzo-soprano\u00a0<strong>Delphine Haydan,\u00a0<\/strong>et bien d&rsquo;autres<strong>\u00a0musiciens\u00a0de renoms\u00a0<\/strong>(Renaud Capu\u00e7on, Nicholas Angelich, Shani Diluca, Philippe Cassard&#8230;).<\/p>\n<p>En plus de ses\u00a0<strong><span style=\"text-decoration: underline;\">2 Victoires de la Musique Classique<\/span>\u00a0<\/strong>comme<strong>\u00a0&lsquo;Artiste lyrique&rsquo;<\/strong>, elle a \u00e9t\u00e9 r\u00e9compens\u00e9e\u00a0en 2001 par le\u00a0<strong>Premier prix du concours \u00ab\u00a0Voix d&rsquo;or\u00a0\u00bb<\/strong>, et en\u00a02002 par le\u00a0<strong>Premier prix du concours \u00ab\u00a0Voix Nouvelles\u00a0\u00bb.<\/strong><\/p>\n<p>&nbsp;<\/p>\n<div id=\"attachment_14576\" style=\"width: 300px\" class=\"wp-caption alignleft\"><img loading=\"lazy\" decoding=\"async\" aria-describedby=\"caption-attachment-14576\" class=\"wp-image-14576\" src=\"https:\/\/ritmy.fr\/essais\/wp-content\/uploads\/2016\/10\/Karine-Deshayes-disque-Rossi.jpg\" alt=\"karine-deshayes-disque-rossi\" width=\"300\" height=\"300\" srcset=\"https:\/\/ritmy.fr\/essais\/wp-content\/uploads\/2016\/10\/Karine-Deshayes-disque-Rossi.jpg 960w, https:\/\/ritmy.fr\/essais\/wp-content\/uploads\/2016\/10\/Karine-Deshayes-disque-Rossi-140x140.jpg 140w, https:\/\/ritmy.fr\/essais\/wp-content\/uploads\/2016\/10\/Karine-Deshayes-disque-Rossi-300x300.jpg 300w, https:\/\/ritmy.fr\/essais\/wp-content\/uploads\/2016\/10\/Karine-Deshayes-disque-Rossi-768x768.jpg 768w\" sizes=\"auto, (max-width: 300px) 100vw, 300px\" \/><p id=\"caption-attachment-14576\" class=\"wp-caption-text\">Le disque &lsquo;Une vie de Rossini&rsquo; (photo Aymeric Giraudel)<\/p><\/div>\n<p><span style=\"color: #333399;\"><strong>Karine DESHAYES<\/strong><\/span>\u00a0a par ailleurs enregistr\u00e9 de<strong>\u00a0tr\u00e8s nombreux disques<\/strong>, l\u00e0 aussi dans des r\u00e9pertoires diff\u00e9rents.<\/p>\n<p>Citons par exemple\u00a0<em>Apr\u00e8s un r\u00eave<\/em>\u00a0et\u00a0<em>La Bonne Chanson<\/em>\u00a0avec l\u2019ensemble Contraste,\u00a0<em>Cantates romantiques Fran\u00e7aises<\/em>\u00a0avec Opera Fuoco, ou encore\u00a0<em>La Chanson d\u2019\u00c8ve<\/em>\u00a0avec H\u00e9l\u00e8ne Lucas qui lui a valu le Prix Charles Cros, et\u00a0<em>Sh\u00e9h\u00e9razade<\/em>\u00a0de Ravel sous la direction d\u2019Emmanuel Krivine.<\/p>\n<p><span style=\"color: #333399;\"><strong>Elle vient de sortir, en avril\u00a02016,\u00a0un nouvel enregistrement,\u00a0<span style=\"text-decoration: underline;\"><em>\u00ab\u00a0Une vie de ROSSINI\u00a0\u00bb<\/em><\/span>, en forme d\u2019hommage \u00e0\u00a0l\u2019un de ses compositeurs de pr\u00e9dilection.<\/strong><\/span><\/p>\n<p>Entre\u00a0<span style=\"color: #333399;\"><strong>Karine DESHAYES<\/strong>\u00a0<\/span>et le r\u00e9pertoire de\u00a0<strong>Rossini<\/strong>, c\u2019est en effet une longue histoire. Rosine, Angelina, Elena et Isolier sont autant de r\u00f4les qu\u2019elle a chant\u00e9s \u00e0 l\u2019Op\u00e9ra de Paris, \u00e0 Lyon, Bordeaux, Nancy, Tours, Avignon, Nantes et Angers, ainsi qu\u2019au Metropolitan de New York et \u00e0 l\u2019Op\u00e9ra de San Francisco. Et\u00a0elle inscrit r\u00e9guli\u00e8rement des airs du compositeur italien au programme des concerts qu\u2019elle donne \u00e0 travers la France.<\/p>\n<p>&nbsp;<\/p>\n<h5>Pour l\u2019occasion,\u00a0<span style=\"color: #333399;\"><strong>Karine DESHAYES<\/strong><\/span>\u00a0s\u2019est entour\u00e9e des\u00a0<em><strong>&lsquo;Forces\u00a0Majeures&rsquo;<\/strong><\/em>, sous la baguette de\u00a0<strong>Rapha\u00ebl\u00a0Merlin<\/strong>, par ailleurs violoncelliste du Quatuor \u00c9b\u00e8ne.\u00a0Bien plus qu\u2019un simple floril\u00e8ge des plus beaux airs de\u00a0<strong>Rossini<\/strong>,\u00a0<span style=\"color: #333399;\"><strong>Karine DESHAYES<\/strong><\/span>\u00a0et\u00a0<strong>Rapha\u00ebl Merlin<\/strong>\u00a0ont con\u00e7u le\u00a0programme de ce disque comme on \u00e9crit une histoire, retra\u00e7ant les moments marquants de la vie du compositeur.<\/h5>\n<p>L&rsquo;enregistrement a re\u00e7u un\u00a0<strong>&lsquo;Choc&rsquo; Classica<\/strong> (juin 2016) et de <strong>nombreuses critiques \u00e9logieuses<\/strong>.<\/p>\n<p><span style=\"color: #008000;\"><em>\u00ab\u00a0Dot\u00e9e d\u2019une technique \u00e9blouissante combin\u00e9e \u00e0 une musicalit\u00e9 et une sensibilit\u00e9 hors pair, Karine Deshayes\u00a0fait ici merveille et\u00a0<\/em><em>nous offre, tour \u00e0 tour brillant ou recueilli, p\u00e9tillant ou \u00e9mouvant, un Rossini d\u2019anthologie !\u00a0\u00bb<\/em>\u00a0France Musique 25 avril 2016<\/span><\/p>\n<h5><em>Pour en savoir plus sur <strong>Rossini<\/strong>, sa vie, son oeuvre, et le\u00a0disque de <strong>Karine Deshayes<\/strong>, cliquer <span style=\"text-decoration: underline;\"><a href=\"https:\/\/ritmy.fr\/essais\/karine-deshayes-rossini\/\" target=\"_blank\"><strong>ICI\u00a0<\/strong><\/a><\/span><\/em><\/h5>\n<h5><span style=\"text-decoration: underline;\"><span style=\"color: #333399; text-decoration: underline;\"><strong>Le\u00a0talentueux\u00a0Dominique PLANCADE\u00a0l&rsquo;accompagnera au piano.<\/strong><\/span><\/span><\/h5>\n<div id=\"attachment_14566\" style=\"width: 400px\" class=\"wp-caption alignright\"><img loading=\"lazy\" decoding=\"async\" aria-describedby=\"caption-attachment-14566\" class=\"wp-image-14566\" src=\"https:\/\/ritmy.fr\/essais\/wp-content\/uploads\/2016\/10\/D-Plancade.revu-r\u00e9duit.jpg\" alt=\"d-plancade-revu-reduit\" width=\"400\" height=\"267\" srcset=\"https:\/\/ritmy.fr\/essais\/wp-content\/uploads\/2016\/10\/D-Plancade.revu-r\u00e9duit.jpg 1000w, https:\/\/ritmy.fr\/essais\/wp-content\/uploads\/2016\/10\/D-Plancade.revu-r\u00e9duit-300x200.jpg 300w, https:\/\/ritmy.fr\/essais\/wp-content\/uploads\/2016\/10\/D-Plancade.revu-r\u00e9duit-768x512.jpg 768w\" sizes=\"auto, (max-width: 400px) 100vw, 400px\" \/><p id=\"caption-attachment-14566\" class=\"wp-caption-text\">Dominique PLANCADE<\/p><\/div>\n<p><strong><span style=\"color: #333399;\">Dominique PLANCADE<\/span>\u00a0<\/strong>obtient un Premier Prix de piano et de musique de chambre au\u00a0<strong>Conservatoire National Sup\u00e9rieur de Musique de Paris<\/strong>\u00a0dans les classes de Pascal Devoyon, Christian Ivaldi et Alain Plan\u00e8s.<\/p>\n<p>En 1992, il fonde avec la pianiste\u00a0<strong>Laura Fromentin<\/strong>, le\u00a0<strong>Duo Fromentin\u2013Plancade<\/strong>\u00a0(quatre mains\/deux pianos), qui se perfectionne aux c\u00f4t\u00e9s de Christian Ivaldi au CNSM de Paris. Il d\u00e9bute alors une belle carri\u00e8re \u00e0 travers le monde entier, que ce soit avec orchestre ou en r\u00e9cital.<\/p>\n<p>Parall\u00e8lement \u00e0 cette collaboration,\u00a0<span style=\"color: #333399;\"><strong>Dominique PLANCADE<\/strong><\/span>\u00a0est un\u00a0<strong>partenaire de musique de chambre recherch\u00e9 par ses pairs<\/strong>. Il se produit avec, entre autres, Laurent Korcia, G\u00e9rard Causs\u00e9, Christian Ivaldi, R\u00e9gis Pasquier, Patrice Fontanarosa, Roland Pidoux, ou Karine Deshayes&#8230;<\/p>\n<p>Il est invit\u00e9 dans\u00a0de\u00a0<strong>grands festivals<\/strong>\u00a0comme La Folle Journ\u00e9e, la Roque d\u2019Anth\u00e9ron, la Chaise Dieu, Festival de Radio France Montpellier, les Musicades de Lyon, Festival George Enescu de Mannheim\u2026 et\u00a0se produit dans de\u00a0<strong>prestigieuses salles<\/strong>\u00a0telles que la Cit\u00e9 de la Musique, le Th\u00e9\u00e2tre des Champs-\u00c9lys\u00e9es \u00e0 Paris, Izumi Hall \u00e0 Osaka, Tonhalle \u00e0 Z\u00fcrich, Kolarac Hall \u00e0 Belgrade, Palais des Beaux-Arts \u00e0 Bruxelles\u2026 Il\u00a0m\u00e8ne \u00e9galement une carri\u00e8re de\u00a0<strong>concertiste au Japon<\/strong>.<\/p>\n<p><span style=\"color: #008000;\"><em>\u00ab\u00a0Dominique Plancade, pianiste fin au jeu clair et sans chichi [\u2026] Il r\u00e9v\u00e8le une sensibilit\u00e9 simple et spontan\u00e9e.\u00a0\u00bb \u00a0<\/em><em>Le Monde de la Musique<\/em><\/span><\/p>\n<h5><strong><span style=\"color: #333399;\">Karine DESHAYES, accompagn\u00e9 par Dominique PLANCADE, nous proposera un programme brillant et virtuose\u00a0<span style=\"text-decoration: underline;\"><em>&lsquo;Salon\u00a0ROSSINI&rsquo;<\/em><\/span>, autour du plus\u00a0fran\u00e7ais des compositeurs italiens, au cours duquel\u00a0nous pourrons savourer plusieurs airs qui figurent dans son dernier disque :<\/span><\/strong><\/h5>\n<div class=\"page\" title=\"Page 2\">\n<div class=\"layoutArea\">\n<div class=\"column\">\n<ul>\n<li><strong>M\u00e9lodies italiennes, fran\u00e7aises et espagnoles de Gioachino Rossini\u00a0(1792-1868)\u00a0<\/strong><strong>:<\/strong>\u00a0Belt\u00e0 crudele &#8211; Il risentimento &#8211; Nizza \u00a0&#8211; Canzonetta spagnuola<\/li>\n<li><strong>Cantate pour voix et piano de Gioachino Rossini :<\/strong>\u00a0Giovanna d&rsquo;Arco<\/li>\n<li><strong>Airs d\u2019op\u00e9ras de\u00a0Gioachino Rossini :<\/strong><\/li>\n<\/ul>\n<p style=\"padding-left: 30px;\">Il Barbiere di Siviglia, air de Rosina : \u00ab\u00a0Una voce poco fa\u00a0\u00bb &#8211;\u00a0Otello, air de Desdemona : \u00ab\u00a0Assisa a pie d&rsquo;un salice\u00a0\u00bb \u00a0&#8211;\u00a0La Donna del lago, air d\u2019Elena : \u00ab\u00a0Tanti affetti In tal momento&#8230; Fra il padre e fra l&rsquo;amante\u00a0\u00bb &#8211;\u00a0Semiramide, air de Semiramide : \u00a0\u00ab\u00a0Bel raggio lusinghier\u00a0\u00bb<\/p>\n<h5><span style=\"color: #333399;\"><strong>Dominique PLANCADE jouera seul au piano des pi\u00e8ces de Liszt et Ginzburg, inspir\u00e9es d&rsquo;oeuvres de Rossini :<\/strong><\/span><\/h5>\n<\/div>\n<\/div>\n<\/div>\n<ul>\n<li><strong>Franz Liszt (1811-1886) :<\/strong>\u00a0Grande fantaisie pour piano sur des motifs de La Serenata et L&rsquo;Orgia des Soir\u00e9es musicales de Rossini<\/li>\n<li><strong>Grigory Ginzburg (1904-1961) :<\/strong>\u00a0Fantaisie pour piano sur un th\u00e8me du Barbier de S\u00e9ville de Rossini<\/li>\n<\/ul>\n<p>(programme sous r\u00e9serve de modifications)<\/p>\n<p><span style=\"color: #000080;\"><em>En attendant ce grand moment, vous pourrez admirer l&rsquo;immense talent de\u00a0<strong>Karine DESHAYES<\/strong>\u00a0dans cette magnifique interpr\u00e9tation de\u00a0l&rsquo;air\u00a0<strong>\u00ab\u00a0Una voce poco fa\u00a0\u00bb<\/strong>, de\u00a0Rosine dans\u00a0<strong>&lsquo;Le Barbier de S\u00e9ville&rsquo;,<\/strong>\u00a0accompagn\u00e9e par l&rsquo;<strong>Orchestre National Languedoc-Roussillon<\/strong>, sous la direction de\u00a0<strong>Lawrence Foster<\/strong>.<\/em><\/span><\/p>\n<p><span style=\"color: #000080;\"><em>Un air qu&rsquo;elle interpr\u00e9tera \u00e9galement lors de notre concert.<\/em><\/span><\/p>\n<p><iframe loading=\"lazy\" src=\"https:\/\/www.youtube.com\/embed\/kS083DkwApE?rel=0\" width=\"560\" height=\"315\" frameborder=\"0\" allowfullscreen=\"allowfullscreen\"><\/iframe><\/p>\n<h3><span style=\"color: #333399;\"><strong>Vous avez une occasion exceptionnelle d&rsquo;entendre une &lsquo;grande voix&rsquo;, m\u00ealant<\/strong><\/span><span style=\"color: #333399;\"><strong>\u00a0beaut\u00e9 et aisance dans tous les registres&#8230;<\/strong><\/span><\/h3>\n<h3><strong><span style=\"color: #333399;\">Pour Karine Deshayes, la musique doit \u00eatre un plaisir partag\u00e9, et vous pourrez en\u00a0b\u00e9n\u00e9ficier pleinement, dans le cadre intimiste de l&rsquo;\u00e9glise St Nicolas de Neauphle-le-Ch\u00e2teau.<\/span><\/strong><\/h3>\n<h1><span style=\"text-decoration: underline; color: #333399;\"><strong>Un \u00e9v\u00e8nement qu&rsquo;il ne faut pas manquer !<\/strong><\/span><\/h1>\n<h3><span style=\"color: #ff0000;\"><strong>ATTENTION, il est\u00a0<span style=\"text-decoration: underline;\">fortement\u00a0recommand\u00e9 de r\u00e9server ses places, rapidement<\/span>, soit directement dans notre site, en allant dans la rubrique\u00a0<span style=\"text-decoration: underline;\"><em><a href=\"https:\/\/ritmy.fr\/essais\/reserver\/vos-billets\/\" target=\"_blank\">&lsquo;RESERVER<\/a>&lsquo;<\/em><\/span>,<\/strong><\/span><\/h3>\n<h3><strong style=\"color: #ff0000;\">ou en t\u00e9l\u00e9phonant au\u00a0<\/strong><strong><span style=\"color: #ff0000;\"><span style=\"text-decoration: underline;\">06-81-98-28-62.<\/span><\/span><\/strong><\/h3>\n<h4><\/h4>\n<h4><strong>Et vous pouvez noter notre concert suivant : le duo\u00a0<span style=\"text-decoration: underline;\">&lsquo;Thomas ENHCO &#8211; Isma\u00ebl MARGAIN<\/span>, la rencontre de deux jeunes prodiges du piano, mais pas\u00a0seulement&#8230; une soir\u00e9e brillante,<\/strong><strong>\u00a0\u00e0 ORGERUS<span style=\"text-decoration: underline;\">,<\/span>\u00a0<span style=\"text-decoration: underline;\">le Dimanche 29 janvier 2017, \u00e0 17h00 \u00e0 la Salle du Pr\u00e9 Romain<\/span>.<\/strong><\/h4>\n<p>&nbsp;<\/p>\n<hr \/>\n<h4 style=\"text-align: center;\"><span style=\"color: #808080;\"><strong>\u00a0 \u00a0\u00a0Ce concert est organis\u00e9 conjointement par RITMY\u00a0<\/strong><strong style=\"color: #808080;\">et le Syndicat d&rsquo;Initiative de Neauphle-le-Ch\u00e2teau.<\/strong><\/span><\/h4>\n<p><img loading=\"lazy\" decoding=\"async\" class=\"size-full wp-image-14613 aligncenter\" src=\"https:\/\/ritmy.fr\/essais\/wp-content\/uploads\/2016\/10\/LOGO-SINLC-cor.png\" alt=\"logo-sinlc-cor\" width=\"173\" height=\"105\" \/><\/p>\n<hr \/>\n<h4 style=\"text-align: center;\"><strong>\u00a0 \u00a0 \u00a0 \u00a0 \u00a0 \u00a0\u00a0<span style=\"color: #808080;\">RITMY b\u00e9n\u00e9fice du soutien de la SPEDIDAM<\/span><\/strong><a href=\"https:\/\/ritmy.fr\/essais\/wp-content\/uploads\/2015\/09\/logo_spedidam.jpg\"><img loading=\"lazy\" decoding=\"async\" class=\"wp-image-12745 aligncenter\" src=\"https:\/\/ritmy.fr\/essais\/wp-content\/uploads\/2015\/09\/logo_spedidam.jpg\" alt=\"LOGOS spedidam 2009\" width=\"169\" height=\"92\" srcset=\"https:\/\/ritmy.fr\/essais\/wp-content\/uploads\/2015\/09\/logo_spedidam.jpg 826w, https:\/\/ritmy.fr\/essais\/wp-content\/uploads\/2015\/09\/logo_spedidam-300x164.jpg 300w\" sizes=\"auto, (max-width: 169px) 100vw, 169px\" \/><\/a><span style=\"text-align: left;\">\u00a0<\/span><\/h4>\n","protected":false},"excerpt":{"rendered":"<p>Karine DESHAYES, en r\u00e9cital avec piano, dans\u00a0un programme \u00ab\u00a0Salon Rossini\u00a0\u00bb \u00e0 Neauphle-le-Ch\u00e2teau, le Dimanche\u00a04 d\u00e9cembre 2016, \u00e0 17h00 &#8211;\u00a0Eglise Saint-Nicolas Quel chemin parcouru depuis ses d\u00e9buts \u00e0 l\u2019Op\u00e9ra de Lyon en 1998&#8230; Karine DESHAYES, consacr\u00e9e par les Victoires de la Musique Classique comme \u00ab\u00a0Artiste Lyrique de l\u2019Ann\u00e9e\u00a0\u00bb en 2011,\u00a0puis \u00e0 nouveau en 2016, s\u2019impose aujourd\u2019hui &hellip; <\/p>\n<p><a class=\"more-link btn\" href=\"https:\/\/ritmy.fr\/essais\/karine-deshayes-en-recital-a-neauphle\/\">Lire la suite<\/a><\/p>\n","protected":false},"author":3,"featured_media":0,"comment_status":"closed","ping_status":"closed","sticky":false,"template":"","format":"standard","meta":{"footnotes":""},"categories":[3,4,6,1],"tags":[220,247,246,64,31,12,226,248,236],"class_list":["post-14759","post","type-post","status-publish","format-standard","hentry","category-les-oeuvres","category-concerts","category-les-musiciens","category-ritmy","tag-deshayes","tag-lyrique","tag-mezzo-soprano","tag-neauphle","tag-opera","tag-piano","tag-plancade","tag-recital","tag-rossini","nodate","item-wrap"],"_links":{"self":[{"href":"https:\/\/ritmy.fr\/essais\/wp-json\/wp\/v2\/posts\/14759","targetHints":{"allow":["GET"]}}],"collection":[{"href":"https:\/\/ritmy.fr\/essais\/wp-json\/wp\/v2\/posts"}],"about":[{"href":"https:\/\/ritmy.fr\/essais\/wp-json\/wp\/v2\/types\/post"}],"author":[{"embeddable":true,"href":"https:\/\/ritmy.fr\/essais\/wp-json\/wp\/v2\/users\/3"}],"replies":[{"embeddable":true,"href":"https:\/\/ritmy.fr\/essais\/wp-json\/wp\/v2\/comments?post=14759"}],"version-history":[{"count":46,"href":"https:\/\/ritmy.fr\/essais\/wp-json\/wp\/v2\/posts\/14759\/revisions"}],"predecessor-version":[{"id":15162,"href":"https:\/\/ritmy.fr\/essais\/wp-json\/wp\/v2\/posts\/14759\/revisions\/15162"}],"wp:attachment":[{"href":"https:\/\/ritmy.fr\/essais\/wp-json\/wp\/v2\/media?parent=14759"}],"wp:term":[{"taxonomy":"category","embeddable":true,"href":"https:\/\/ritmy.fr\/essais\/wp-json\/wp\/v2\/categories?post=14759"},{"taxonomy":"post_tag","embeddable":true,"href":"https:\/\/ritmy.fr\/essais\/wp-json\/wp\/v2\/tags?post=14759"}],"curies":[{"name":"wp","href":"https:\/\/api.w.org\/{rel}","templated":true}]}}