{"id":14506,"date":"2016-09-15T08:30:28","date_gmt":"2016-09-15T07:30:28","guid":{"rendered":"http:\/\/ritmy.fr\/essais\/?p=14506"},"modified":"2017-04-11T21:11:18","modified_gmt":"2017-04-11T20:11:18","slug":"david-popper","status":"publish","type":"post","link":"https:\/\/ritmy.fr\/essais\/david-popper\/","title":{"rendered":"D\u00e9couvrir David Popper, violoncelliste Tch\u00e8que (1843-1913)&#8230;"},"content":{"rendered":"<h2 style=\"text-align: center;\"><span style=\"color: #333399;\"><strong>Le violoncelliste et compositeur David POPPER figurera au programme du duo\u00a0Elodie SOULARD (accord\u00e9on) et Rapha\u00ebl PIDOUX (violoncelle),<\/strong><\/span><\/h2>\n<h2 style=\"text-align: center;\"><span style=\"color: #333399;\"><strong>en ouverture des 27\u00b0 Saisons Musicales RITMY,<\/strong><\/span><span style=\"color: #333399;\"><strong>\u00a0<\/strong><\/span><span style=\"color: #333399;\"><strong>le Samedi 5 novembre 2016 \u00e0 20h30 \u00e0 Houdan.<\/strong><\/span><\/h2>\n<h4><span style=\"color: #333399;\"><strong>Nous vous proposons donc d&rsquo;en savoir un peu plus sur ce violoncelliste et compositeur assez peu connu chez nous.<\/strong><\/span><\/h4>\n<h5><span style=\"color: #333333;\"><strong><span style=\"color: #333399;\">David POPPER<\/span>, est un\u00a0violoncelliste et compositeur Tch\u00e8que, originaire de\u00a0Boh\u00eame,\u00a0sujet austro-hongrois\u00a0qui fit carri\u00e8re dans l&rsquo;Empire autrichien. Il est\u00a0n\u00e9 \u00e0\u00a0Prague\u00a0en<time class=\"nowrap date-lien\" datetime=\"1843-06-06\">\u00a01843<\/time>\u00a0et mort \u00e0\u00a0Baden bei Wien\u00a0en<time class=\"nowrap date-lien\" datetime=\"1913-08-07\">\u00a01913.<\/time><\/strong><\/span><\/h5>\n<p><img loading=\"lazy\" decoding=\"async\" class=\"alignleft wp-image-14509\" src=\"https:\/\/ritmy.fr\/essais\/wp-content\/uploads\/2016\/09\/David_Popper_1860.jpg\" alt=\"david_popper_1860\" width=\"294\" height=\"400\" srcset=\"https:\/\/ritmy.fr\/essais\/wp-content\/uploads\/2016\/09\/David_Popper_1860.jpg 313w, https:\/\/ritmy.fr\/essais\/wp-content\/uploads\/2016\/09\/David_Popper_1860-220x300.jpg 220w\" sizes=\"auto, (max-width: 294px) 100vw, 294px\" \/><\/p>\n<p>&nbsp;<\/p>\n<p>Fils d&rsquo;un chantre de\u00a0synagogue, <span style=\"color: #333399;\"><strong>David Popper<\/strong><\/span> commence son apprentissage tr\u00e8s jeune avant d&rsquo;entrer au\u00a0conservatoire de Prague. Il \u00e9tudie ensuite avec le violoncelliste allemand\u00a0Julius Goltermann.<\/p>\n<p>Ses dons attirent vite l&rsquo;attention et il fait sa premi\u00e8re tourn\u00e9e en 1863 en\u00a0Allemagne, o\u00f9 il rencontre\u00a0Hans von B\u00fclow, en\u00a0Suisse, aux\u00a0Pays-Bas\u00a0et en\u00a0Angleterre. Il acquiert une solide renomm\u00e9e pour sa superbe sonorit\u00e9 et sa technique transcendante.<\/p>\n<p>Il fait ses d\u00e9buts \u00e0\u00a0Vienne, en 1867, en tant que <strong>violoncelle solo<\/strong> du\u00a0<i>Wiener Hofoper<\/i>, mais d\u00e9missionne afin de se consacrer \u00e0 sa carri\u00e8re de <strong>soliste<\/strong> acclam\u00e9.<\/p>\n<p>Il <strong>compose<\/strong> son premier concerto pour violoncelle en 1871. En 1891, il termine son\u00a0<i>Requiem<\/i>, \u00e9crit \u00e0 Londres, qui est g\u00e9n\u00e9ralement consid\u00e9r\u00e9 comme sa composition la plus c\u00e9l\u00e8bre.<\/p>\n<p>Il devient <strong>professeur<\/strong> au\u00a0Conservatoire de Budapest\u00a0en 1896. Il est ensuite nomm\u00e9 professeur au\u00a0Conservatoire de Bruxelles\u00a0et ses \u00e9tudes (publi\u00e9es en 1901-05) sont encore utilis\u00e9es de nos jours par les violoncellistes.<\/p>\n<p>&nbsp;<\/p>\n<p>&nbsp;<\/p>\n<p><strong>Il a compos\u00e9 nombre d&rsquo;oeuvres pour violoncelle<\/strong> : une Suite pour 2 violoncelles, des concertos et pi\u00e8ces pour violoncelle et orchestre, de nombreuses pi\u00e8ces pour violoncelle et piano, et son Requiem pour 3 violoncelles et piano&#8230;<\/p>\n<p><em>Voici une belle interpr\u00e9tation du <strong>&lsquo;Requiem pour 3 violoncelles et piano&rsquo;<\/strong>, par les violoncellistes Rajan Krishnaswami, Brian Wharton et Jonathan Salman accompagn\u00e9s du\u00a0pianiste Mark Salman :<\/em><br \/>\n<iframe loading=\"lazy\" src=\"https:\/\/www.youtube.com\/embed\/_XeV-za2Ix0?rel=0\" width=\"560\" height=\"315\" frameborder=\"0\" allowfullscreen=\"allowfullscreen\"><\/iframe><\/p>\n<p>&nbsp;<\/p>\n<p><img loading=\"lazy\" decoding=\"async\" class=\"alignright wp-image-14510\" src=\"https:\/\/ritmy.fr\/essais\/wp-content\/uploads\/2016\/09\/Soulard-Pidoux-Chlo\u00e9-Verdier.jpg\" alt=\"soulard-pidoux-chloe-verdier\" width=\"288\" height=\"350\" srcset=\"https:\/\/ritmy.fr\/essais\/wp-content\/uploads\/2016\/09\/Soulard-Pidoux-Chlo\u00e9-Verdier.jpg 480w, https:\/\/ritmy.fr\/essais\/wp-content\/uploads\/2016\/09\/Soulard-Pidoux-Chlo\u00e9-Verdier-247x300.jpg 247w\" sizes=\"auto, (max-width: 288px) 100vw, 288px\" \/><\/p>\n<p>&nbsp;<\/p>\n<h5>Et ce compositeur, assez peu jou\u00e9\u00a0chez nous, fait partie des compositeurs de pr\u00e9dilection du violoncelliste <span style=\"color: #333399;\"><strong>Rapha\u00ebl Pidoux<\/strong> <\/span>et de l&rsquo;accord\u00e9oniste <span style=\"color: #333399;\"><strong>Elodie Soulard<\/strong><\/span>, qui ont transpos\u00e9 des pi\u00e8ces pour violoncelle et piano ou orchestre de <strong>David Popper <\/strong>lorsqu&rsquo;ils jouent en duo.<\/h5>\n<h5>Ce sera le cas \u00e0 l&rsquo;occasion de notre <strong>concert Ritmy du<\/strong><strong>\u00a05 novembre 2016 \u00e0 Houdan.<\/strong><\/h5>\n<p>&nbsp;<\/p>\n<p>Un autre violoncelliste fran\u00e7ais,\u00a0<strong>Henri Demarquette<\/strong>, a aussi mis \u00e0 son programme des pi\u00e8ces pour violoncelle et piano du compositeur Tch\u00e8que.<\/p>\n<p>&nbsp;<\/p>\n<p>&nbsp;<\/p>\n<p>&nbsp;<\/p>\n<p>&nbsp;<\/p>\n<p>&nbsp;<\/p>\n<p><em>Retrouvons<strong>\u00a0Elodie Soulard<\/strong> et <strong>Rapha\u00ebl Pidoux\u00a0<\/strong>dans une interpr\u00e9tation endiabl\u00e9e de la &lsquo;Danse des Gnomes op. 50 n\u00b0 2&rsquo; :<\/em><br \/>\n<iframe loading=\"lazy\" src=\"https:\/\/www.youtube.com\/embed\/sc9H9Pe-CkU?rel=0\" width=\"560\" height=\"315\" frameborder=\"0\" allowfullscreen=\"allowfullscreen\"><\/iframe><\/p>\n<p>&nbsp;<\/p>\n<h3 style=\"text-align: justify;\"><strong><span style=\"color: #333399;\">Ne manquez surtout pas notre\u00a0<span style=\"text-decoration: underline;\">concert d&rsquo;ouverture des 27\u00b0 Saisons\u00a0Musicales du 5 novembre \u00e0 Houdan<\/span>\u00a0vous serez emport\u00e9 par la virtuosit\u00e9 des deux musiciens, il y aura des pi\u00e8ces de David Popper, bien s\u00fbr, mais aussi de R.Schumann, G.Faur\u00e9, S.Rachmaninov ou encore M.de Falla.<\/span><\/strong><\/h3>\n<h4><em><span style=\"color: #333399;\"><strong>Plus d&rsquo;informations sur ce concert dans notre article :<\/strong><\/span><\/em> <a href=\"https:\/\/ritmy.fr\/essais\/elodie-soulard-raphael-pidoux-a-houdan\/\" target=\"_blank\"><em><span style=\"text-decoration: underline;\"><strong>ICI<\/strong><\/span><\/em><\/a><\/h4>\n<h3><span style=\"color: #333399;\"><strong>Ce sera une belle d\u00e9couverte, non seulement avec ce\u00a0duo d&rsquo;instruments in\u00e9dit, mais aussi pour des oeuvres trop peu jou\u00e9es. \u00a0<\/strong><\/span><\/h3>\n<h3><span style=\"color: #ff0000;\"><strong><span style=\"text-decoration: underline;\">Vous pouvez\u00a0r\u00e9server vos places<\/span>, soit directement dans notre site, en allant dans la rubrique\u00a0<span style=\"text-decoration: underline;\"><em><a href=\"https:\/\/ritmy.fr\/essais\/reserver\/vos-billets\/\" target=\"_blank\">&lsquo;RESERVER<\/a>&lsquo;<\/em><\/span>,<\/strong><\/span><\/h3>\n<h3><strong style=\"color: #ff0000;\">ou en t\u00e9l\u00e9phonant au\u00a0<\/strong><strong><span style=\"color: #ff0000;\"><span style=\"text-decoration: underline;\">06-08-02-22-22<\/span>\u00a0 (Ecole de Musique de Houdan).<\/span><\/strong><\/h3>\n<p>&nbsp;<\/p>\n<hr \/>\n<p style=\"text-align: left;\"><strong>Si vous voulez r\u00e9agir \u00e0 cet article, nous poser une question, contacter l&rsquo;\u00e9quipe RITMY\u2026 n\u2019h\u00e9sitez pas \u00e0 vous exprimer par courriel :<\/strong><\/p>\n<h5 style=\"text-align: center;\"><strong><a href=\"mailto:contact.ritmy@gmail.com\" target=\"_blank\">contact.ritmy@gmail.com<\/a><\/strong><\/h5>\n","protected":false},"excerpt":{"rendered":"<p>Le violoncelliste et compositeur David POPPER figurera au programme du duo\u00a0Elodie SOULARD (accord\u00e9on) et Rapha\u00ebl PIDOUX (violoncelle), en ouverture des 27\u00b0 Saisons Musicales RITMY,\u00a0le Samedi 5 novembre 2016 \u00e0 20h30 \u00e0 Houdan. Nous vous proposons donc d&rsquo;en savoir un peu plus sur ce violoncelliste et compositeur assez peu connu chez nous. David POPPER, est un\u00a0violoncelliste &hellip; <\/p>\n<p><a class=\"more-link btn\" href=\"https:\/\/ritmy.fr\/essais\/david-popper\/\">Lire la suite<\/a><\/p>\n","protected":false},"author":3,"featured_media":0,"comment_status":"closed","ping_status":"closed","sticky":false,"template":"","format":"standard","meta":{"footnotes":""},"categories":[3,6,1],"tags":[178,164,221,242,222,199],"class_list":["post-14506","post","type-post","status-publish","format-standard","hentry","category-les-oeuvres","category-les-musiciens","category-ritmy","tag-accordeon","tag-houdan","tag-pidoux","tag-popper","tag-soulard","tag-violoncelle","nodate","item-wrap"],"_links":{"self":[{"href":"https:\/\/ritmy.fr\/essais\/wp-json\/wp\/v2\/posts\/14506","targetHints":{"allow":["GET"]}}],"collection":[{"href":"https:\/\/ritmy.fr\/essais\/wp-json\/wp\/v2\/posts"}],"about":[{"href":"https:\/\/ritmy.fr\/essais\/wp-json\/wp\/v2\/types\/post"}],"author":[{"embeddable":true,"href":"https:\/\/ritmy.fr\/essais\/wp-json\/wp\/v2\/users\/3"}],"replies":[{"embeddable":true,"href":"https:\/\/ritmy.fr\/essais\/wp-json\/wp\/v2\/comments?post=14506"}],"version-history":[{"count":26,"href":"https:\/\/ritmy.fr\/essais\/wp-json\/wp\/v2\/posts\/14506\/revisions"}],"predecessor-version":[{"id":14540,"href":"https:\/\/ritmy.fr\/essais\/wp-json\/wp\/v2\/posts\/14506\/revisions\/14540"}],"wp:attachment":[{"href":"https:\/\/ritmy.fr\/essais\/wp-json\/wp\/v2\/media?parent=14506"}],"wp:term":[{"taxonomy":"category","embeddable":true,"href":"https:\/\/ritmy.fr\/essais\/wp-json\/wp\/v2\/categories?post=14506"},{"taxonomy":"post_tag","embeddable":true,"href":"https:\/\/ritmy.fr\/essais\/wp-json\/wp\/v2\/tags?post=14506"}],"curies":[{"name":"wp","href":"https:\/\/api.w.org\/{rel}","templated":true}]}}