{"id":14435,"date":"2016-09-19T18:24:59","date_gmt":"2016-09-19T17:24:59","guid":{"rendered":"http:\/\/ritmy.fr\/essais\/?p=14435"},"modified":"2017-04-11T21:11:25","modified_gmt":"2017-04-11T20:11:25","slug":"elodie-soulard-raphael-pidoux-a-houdan","status":"publish","type":"post","link":"https:\/\/ritmy.fr\/essais\/elodie-soulard-raphael-pidoux-a-houdan\/","title":{"rendered":"Elodie SOULARD &#8211; Rapha\u00ebl PIDOUX, \u00e0 Houdan le 5 novembre 2016"},"content":{"rendered":"<h2 style=\"text-align: center;\"><strong><span style=\"color: #333399;\">Elodie SOULARD, Rapha\u00ebl PIDOUX &#8211; &lsquo;Duo Accord\u00e9on &#8211; Violoncelle&rsquo;,<\/span><\/strong><\/h2>\n<h2 style=\"text-align: center;\"><strong><span style=\"color: #333399;\">\u00e0 HOUDAN\u00a0le Samedi\u00a05\u00a0novembre 2016,<\/span><\/strong><\/h2>\n<h2 style=\"text-align: center;\"><strong><span style=\"color: #333399;\">\u00e0 20h30 &#8211;\u00a0<\/span><\/strong><span style=\"color: #333399;\"><strong>Eglise Saint-Jacques<\/strong><\/span><\/h2>\n<h4><span style=\"color: #333399;\"><strong>Pour notre concert d&rsquo;ouverture des 27\u00b0 Saisons Musicales, un duo original qui nous transportera dans un univers qui sort des sentiers battus.<\/strong><\/span><\/h4>\n<h4><span style=\"color: #333399;\"><strong>La sonorit\u00e9 riche et profonde du violoncelle de <span style=\"text-decoration: underline;\">Rapha\u00ebl PIDOUX<\/span>, membre du c\u00e9l\u00e8bre Trio Wanderer, se m\u00ealera au timbre m\u00e9lodique de l&rsquo;accord\u00e9on classique d&rsquo;<span style=\"text-decoration: underline;\">Elodie SOULARD<\/span>, talentueuse interpr\u00e8te et auteur\u00a0de transcriptions pour son instrument.<\/strong><\/span><\/h4>\n<h4><span style=\"color: #333399;\"><strong>Tous deux se produisent r\u00e9guli\u00e8rement sur de grandes sc\u00e8nes internationales en compagnie d&rsquo;orchestres prestigieux ou de chambristes renomm\u00e9s.<\/strong><\/span><\/h4>\n<p>&nbsp;<\/p>\n<div id=\"attachment_14438\" style=\"width: 380px\" class=\"wp-caption aligncenter\"><img loading=\"lazy\" decoding=\"async\" aria-describedby=\"caption-attachment-14438\" class=\"wp-image-14438\" src=\"https:\/\/ritmy.fr\/essais\/wp-content\/uploads\/2016\/09\/Soulard-Pidoux-francois-sechet-r\u00e9duit.jpg\" alt=\"soulard-pidoux-francois-sechet-reduit\" width=\"380\" height=\"380\" srcset=\"https:\/\/ritmy.fr\/essais\/wp-content\/uploads\/2016\/09\/Soulard-Pidoux-francois-sechet-r\u00e9duit.jpg 500w, https:\/\/ritmy.fr\/essais\/wp-content\/uploads\/2016\/09\/Soulard-Pidoux-francois-sechet-r\u00e9duit-140x140.jpg 140w, https:\/\/ritmy.fr\/essais\/wp-content\/uploads\/2016\/09\/Soulard-Pidoux-francois-sechet-r\u00e9duit-300x300.jpg 300w\" sizes=\"auto, (max-width: 380px) 100vw, 380px\" \/><p id=\"caption-attachment-14438\" class=\"wp-caption-text\">Elodie Soulard et Rapha\u00ebl Pidoux (photo : Fran\u00e7ois Sechet)<\/p><\/div>\n<h4><span style=\"text-decoration: underline; color: #333399;\"><strong>Elodie SOULARD &#8211; accord\u00e9on<\/strong><\/span><\/h4>\n<p>N\u00e9e en 1986, <span style=\"color: #333399;\"><strong>Elodie SOULARD<\/strong><\/span>\u00a0commence l\u2019apprentissage de l\u2019accord\u00e9on pr\u00e8s de Clermont-Ferrand, puis au Conservatoire du XII\u00b0 arrondissement de Paris dans la classe de Max Bonnay avant d&rsquo;int\u00e9grer le <strong>CNSM de Paris<\/strong> o\u00f9 elle y effectue de brillantes \u00e9tudes r\u00e9compens\u00e9es par un<strong> Master d&rsquo;accord\u00e9on en 2010<\/strong>.<\/p>\n<p>L&rsquo;ann\u00e9e suivante, elle est admise en III\u00b0 cycle sup\u00e9rieur dans la classe du pianiste et chef d\u2019orchestre <strong>Jean-Fran\u00e7ois Heisser<\/strong>.<\/p>\n<p>Parall\u00e8lement, elle re\u00e7oit les <strong>conseils \u00e9clair\u00e9s d&rsquo;un grand nombre de ma\u00eetres \u00e0 travers l&rsquo;Europe<\/strong> et travaille assid\u00fbment aux c\u00f4t\u00e9s du concertiste russe <strong>Yuri Shishkin<\/strong>.<\/p>\n<p>Soutenue par la Fondation Safran, <strong>Elodie<\/strong> est r\u00e9guli\u00e8rement invit\u00e9e en tant que <strong>soliste<\/strong> et se produit sur de <strong>grandes sc\u00e8nes internationales<\/strong> : Salle Pleyel, Cit\u00e9 de la Musique, Folles journ\u00e9es de Nantes et de Tokyo, Festival de l\u2019Emp\u00e9ri, Festival Berlioz, Festival Radio-France, Festival Al Bustan (Liban), Philharmonie de Rostov-sur-le-Don (Russie), Muziekgebouw d&rsquo;Amsterdam, Seoul Arts Center (Cor\u00e9e du Sud).<\/p>\n<div id=\"attachment_14440\" style=\"width: 360px\" class=\"wp-caption alignleft\"><img loading=\"lazy\" decoding=\"async\" aria-describedby=\"caption-attachment-14440\" class=\"wp-image-14440\" src=\"https:\/\/ritmy.fr\/essais\/wp-content\/uploads\/2016\/09\/elodie-soulard-francois-sechet-r\u00e9duit.jpeg\" alt=\"elodie-soulard-francois-sechet-reduit\" width=\"360\" height=\"270\" srcset=\"https:\/\/ritmy.fr\/essais\/wp-content\/uploads\/2016\/09\/elodie-soulard-francois-sechet-r\u00e9duit.jpeg 600w, https:\/\/ritmy.fr\/essais\/wp-content\/uploads\/2016\/09\/elodie-soulard-francois-sechet-r\u00e9duit-300x225.jpeg 300w\" sizes=\"auto, (max-width: 360px) 100vw, 360px\" \/><p id=\"caption-attachment-14440\" class=\"wp-caption-text\">Elodie SOULARD (photo : Fran\u00e7ois Sechet)<\/p><\/div>\n<p>&nbsp;<\/p>\n<p>Son<strong> talent d&rsquo;interpr\u00e8te<\/strong> a \u00e9t\u00e9 incontestablement reconnu dans un r\u00e9pertoire aussi bien constitu\u00e9 de transcriptions de Bach \u00e0 Ligeti que d\u2019\u0153uvres originales contemporaines pour son instrument (Kusyakov, Gouba\u00efdoulina, Lindberg, Berio).<\/p>\n<p>&nbsp;<\/p>\n<p>Elle est \u00e9galement <strong>auteur d&rsquo;un grand nombre de transcriptions<\/strong> pour un, deux ou trois accord\u00e9ons r\u00e9alis\u00e9es \u00e0 partir d&rsquo;oeuvres orchestrales de Berlioz, Schumann, Gounod et Prokofiev.<\/p>\n<p>&nbsp;<\/p>\n<p>&nbsp;<\/p>\n<p>&nbsp;<\/p>\n<p><strong><span style=\"color: #333399;\">Elodie\u00a0SOULARD\u00a0<\/span>a pour partenaires de musique de chambre<\/strong> Emmanuel Pahud, Jean-Marc Phillips, Laurent Korcia, Eric-Maria Couturier et aussi le violoncelliste <strong>Rapha\u00ebl Pidoux<\/strong>, avec qui elle a enregistr\u00e9 un <strong>disque en 2009<\/strong>. Elle est membre des \u2018Si\u00e8cles\u2019, et joue avec l&rsquo;Orchestre Philarmonique de Radio-France, l\u2019Orchestre Poitou-Charentes, les ensembles 2e2m, Instant Donn\u00e9 et C Barr\u00e9.<\/p>\n<p><span style=\"color: #333399;\"><strong>Elodie<\/strong><\/span> enregistre un<strong>\u00a0premier\u00a0album solo en 2015<\/strong>,\u00a0o\u00f9 \u00ab\u00a0elle\u00a0dessine un portrait de l&rsquo;accord\u00e9on, instrument-orchestre par excellence au spectre de couleurs incroyables. Revisitant certaines pi\u00e8ces pour clavier sous un nouvel \u00e9clairage,<em> \u00ab\u00a0Portraits\u00a0\u00bb<\/em> nous embarque dans un voyage \u00e0 travers quatre si\u00e8cles de musique, de Bach \u00e0 Semionov et Runchak en passant par Grieg, entre transcriptions et oeuvres originales. Un album contrast\u00e9 et \u00e9tonnant, \u00e0 la d\u00e9couverte d&rsquo;un instrument&#8230; pas si classique !\u00a0\u00bb (NoMadMusic)<\/p>\n<p><span style=\"color: #333399;\"><strong>Elodie SOULARD<\/strong>\u00a0<\/span>joue sur un accord\u00e9on russe de marque \u00ab Jupiter \u00bb (mod\u00e8le de V. Gusiev).<\/p>\n<h4><span style=\"text-decoration: underline;\"><span style=\"color: #333399; text-decoration: underline;\"><strong>Rapha\u00ebl PIDOUX &#8211; violoncelle<\/strong><\/span><\/span><\/h4>\n<p><strong><span style=\"color: #333399;\">Rapha\u00ebl PIDOUX <\/span><\/strong><span style=\"color: #333333;\">d\u00e9bute avec son p\u00e8re, <\/span><strong><span style=\"color: #333399;\"><span style=\"color: #333333;\">Roland Pidoux<\/span><\/span><\/strong><span style=\"color: #333399;\"><span style=\"color: #333333;\">, <\/span><\/span><span style=\"color: #333399;\"><span style=\"color: #333333;\">le renomm\u00e9\u00a0violoncelliste<\/span><\/span><strong><span style=\"color: #333399;\"><span style=\"color: #333333;\">. Premier<\/span><\/span><\/strong><strong>\u00a0Prix du Conservatoire National Sup\u00e9rieur de Musique de Paris<\/strong> en 1987,\u00a0il suit le cycle de perfectionnement avec Philippe M\u00fcller et de musique de chambre au sein du <strong>Trio Wanderer<\/strong> avec Jean-Claude Pennetier, Menahem Pressler et le Quatuor Amadeus.<\/p>\n<p>Il se perfectionne aupr\u00e8s de <strong>Janos Starker<\/strong> \u00e0 l\u2019Universit\u00e9 d\u2019Indiana aux USA.<\/p>\n<p>En 1988 il remporte le <strong>Concours International ARD de Munich<\/strong>,\u00a0et le <strong>3i\u00e8me prix du\u00a0Concours International \u00ab\u00a0Bach\u00a0\u00bb de Leipzig<\/strong>.<\/p>\n<div id=\"attachment_14442\" style=\"width: 260px\" class=\"wp-caption alignright\"><img loading=\"lazy\" decoding=\"async\" aria-describedby=\"caption-attachment-14442\" class=\"wp-image-14442\" src=\"https:\/\/ritmy.fr\/essais\/wp-content\/uploads\/2016\/09\/Rapha\u00ebl-Pidoux-1-r\u00e9duit.jpeg\" alt=\"Trio Wanderer Photo: Marco Borggreve\" width=\"260\" height=\"390\" srcset=\"https:\/\/ritmy.fr\/essais\/wp-content\/uploads\/2016\/09\/Rapha\u00ebl-Pidoux-1-r\u00e9duit.jpeg 600w, https:\/\/ritmy.fr\/essais\/wp-content\/uploads\/2016\/09\/Rapha\u00ebl-Pidoux-1-r\u00e9duit-200x300.jpeg 200w\" sizes=\"auto, (max-width: 260px) 100vw, 260px\" \/><p id=\"caption-attachment-14442\" class=\"wp-caption-text\">Rapha\u00ebl PIDOUX (photo : Marco Borggreve)<\/p><\/div>\n<p><span style=\"color: #333399;\"><strong>Rapha\u00ebl PIDOUX<\/strong><\/span> est membre du <strong>Trio Wanderer<\/strong> depuis son origine, avec ses complices\u00a0<strong>Jean-Marc Phillips-Varjab\u00e9dian<\/strong> au violon, et\u00a0<strong>Vincent Coq<\/strong> au piano.<\/p>\n<p>C\u00e9l\u00e9br\u00e9 dans la presse internationale pour un jeu d\u2019une extraordinaire sensibilit\u00e9 et une complicit\u00e9 presque t\u00e9l\u00e9pathique, le <strong>Trio Wanderer<\/strong> est une des formations de musique de chambre les plus demand\u00e9es au monde.<\/p>\n<p>Ils se sont produits sur les <strong>plus grandes sc\u00e8nes fran\u00e7aises et internationales<\/strong>, et ont enregistr\u00e9 de <strong>nombreux disques<\/strong>, souvent r\u00e9compens\u00e9s et salu\u00e9s par les m\u00e9dias.<\/p>\n<p>Le Trio<strong>\u00a0<\/strong>a \u00e9t\u00e9 distingu\u00e9 par les <strong>Victoires de la Musique<\/strong> \u00e0 trois reprises (1997, 2000 et 2009) comme meilleur ensemble instrumental de l\u2019ann\u00e9e.<\/p>\n<p>Parall\u00e8lement \u00e0 sa carri\u00e8re avec le <strong>Trio Wanderer<\/strong>, <span style=\"color: #333399;\"><strong>Rapha\u00ebl PIDOUX<\/strong><\/span>\u00a0joue <strong>seul<\/strong> <strong>ou entour\u00e9 de<\/strong>\u00a0Christophe Coin et l\u2019Ensemble baroque de Limoges, les Quatuors Manfred, Mosa\u00efques et Modigliani, l\u2019Orchestre \u00ab\u00a0Les Si\u00e8cles\u00a0\u00bb que dirige Fran\u00e7ois-Xavier Roth, de l\u2019Op\u00e9ra de Rouen\u2026\u00a0<strong>enregistrant<\/strong> au sein de l\u2019Octuor \u00ab\u00a0Les Violoncelles Fran\u00e7ais\u00a0\u00bb ou encore en compagnie d\u2019Emmanuel Strosser (Kodaly et Donhanyi en 2011).<\/p>\n<p>Il joue aussi en duo avec\u00a0Emmanuel Strosser (piano), et avec bien s\u00fbr\u00a0<strong>Elodie Soulard<\/strong> (accord\u00e9on).<\/p>\n<p>Il aborde \u00e9galement le <strong>r\u00e9pertoire de Piazzolla<\/strong> avec l\u2019accord\u00e9oniste Richard Galliano. Il joue dans \u00ab\u00a0Bach Suite\u00a0\u00bb, chor\u00e9graphie de Noureev avec Kader Belarbi \u00e0 l\u2019Op\u00e9ra de Paris.<\/p>\n<p><span style=\"color: #333399;\"><strong>Rapha\u00ebl PIDOUX<\/strong> <\/span>est <strong>professeur de violoncelle<\/strong> au Conservatoire National Sup\u00e9rieur de Musique de Paris, et\u00a0anime des <strong>Master-Classes<\/strong>, entre autres au Festival de la Roque d&rsquo;Anth\u00e9ron.<\/p>\n<p>Il joue un violoncelle de Goffredo CAPPA (Saluzzo 1680).<\/p>\n<p><strong><em>\u00ab\u00a0Le violoncelliste Pidoux est absolument magnifique : archet tr\u00e8s pr\u00e9cis, sonorit\u00e9 riche et profonde, geste musical de grande envergure\u2026\u00a0\u00bb<\/em><\/strong> <em>(La Presse \u2013 Montr\u00e9al)<\/em><\/p>\n<h4><span style=\"text-decoration: underline; color: #333399;\"><strong>Le PROGRAMME de notre concert <em>(sous r\u00e9serve de modifications)<\/em><\/strong><\/span><\/h4>\n<p><img loading=\"lazy\" decoding=\"async\" class=\"size-full wp-image-14441 alignleft\" src=\"https:\/\/ritmy.fr\/essais\/wp-content\/uploads\/2016\/09\/Disque-Soulard-Pidoux.jpg\" alt=\"disque-soulard-pidoux\" width=\"280\" height=\"280\" srcset=\"https:\/\/ritmy.fr\/essais\/wp-content\/uploads\/2016\/09\/Disque-Soulard-Pidoux.jpg 280w, https:\/\/ritmy.fr\/essais\/wp-content\/uploads\/2016\/09\/Disque-Soulard-Pidoux-140x140.jpg 140w\" sizes=\"auto, (max-width: 280px) 100vw, 280px\" \/><\/p>\n<p>&nbsp;<\/p>\n<p>Le duo interpr\u00e8tera des transcriptions pour accord\u00e9on et violoncelle de :<\/p>\n<p>&nbsp;<\/p>\n<p>Robert SCHUMANN : 5 Pi\u00e8ces sur un ton populaire<br \/>\nManuel de FALLA : Suite populaire espagnole<br \/>\nGabriel FAUR\u00c9 : Pavane op.50<br \/>\nSCHUBERT &#8211; LISZT : Valse-caprice n\u00b0 6 extraite des Soir\u00e9es de Vienne<br \/>\nZoltan KODALY (compositeur Hongrois, 1882-1967) : Final de la sonate pour violoncelle seul<br \/>\nSerge RACHMANINOV : Vocalise<br \/>\nDavid POPPER (violoncelliste et compositeur Tch\u00e8que, 1843-1913) : S\u00e9r\u00e9nade,\u00a0Fantaisie sur un th\u00e8me de la petite Russie<\/p>\n<p>&nbsp;<\/p>\n<p>&nbsp;<\/p>\n<p><em>Nous retrouvons\u00a0<strong>Raphael Pidoux et\u00a0Elodie Soulard<\/strong>\u00a0en live\u00a0durant la &lsquo;Cellio Biennale&rsquo;, en\u00a0Octobre 2014, ils\u00a0interpr\u00e8tent &lsquo;S\u00e9r\u00e9nade&rsquo;\u00a0du\u00a0violoncelliste Tch\u00e8que\u00a0<strong>David Popper<\/strong>.<\/em><\/p>\n<p><em>\u00a0<\/em><br \/>\n<iframe loading=\"lazy\" src=\"https:\/\/www.youtube.com\/embed\/kW8s8rDAzmY?rel=0\" width=\"560\" height=\"315\" frameborder=\"0\" allowfullscreen=\"allowfullscreen\"><\/iframe><\/p>\n<p>&nbsp;<\/p>\n<h3 style=\"text-align: justify;\"><strong><span style=\"color: #333399;\">Ne manquez surtout pas ce\u00a0<span style=\"text-decoration: underline;\">concert d&rsquo;ouverture des 27\u00b0 Saisons\u00a0Musicales<\/span>, vous serez emport\u00e9 par la virtuosit\u00e9 des deux musiciens et leur <\/span><\/strong><span style=\"color: #333399;\"><b>parfaite compl\u00e9mentarit\u00e9 musicale\u00a0!<\/b><\/span><\/h3>\n<h3><span style=\"color: #333399;\"><strong>Ce sera une belle d\u00e9couverte, non seulement d&rsquo;un\u00a0duo d&rsquo;instruments in\u00e9dit, mais aussi d&rsquo;oeuvres trop\u00a0m\u00e9connues. \u00a0<\/strong><\/span><\/h3>\n<h3><span style=\"color: #ff0000;\"><strong>Il est <span style=\"text-decoration: underline;\">recommand\u00e9 de r\u00e9server ses places<\/span>, soit directement dans notre site, en allant dans la rubrique\u00a0<span style=\"text-decoration: underline;\"><em><a href=\"https:\/\/ritmy.fr\/essais\/reserver\/vos-billets\/\" target=\"_blank\">&lsquo;RESERVER<\/a>&lsquo;<\/em><\/span>,<\/strong><\/span><\/h3>\n<h3><strong style=\"color: #ff0000;\">ou en t\u00e9l\u00e9phonant au\u00a0<\/strong><strong><span style=\"color: #ff0000;\"><span style=\"text-decoration: underline;\">06-08-02-22-22<\/span>\u00a0 (Ecole de Musique de Houdan).<\/span><\/strong><\/h3>\n<p>&nbsp;<\/p>\n<h4><strong>Et vous pouvez noter notre concert suivant : le <span style=\"text-decoration: underline;\">&lsquo;Quatuor\u00a0A&rsquo;DAM&rsquo;<\/span>, quatre voix d&rsquo;hommes &lsquo;a cappella&rsquo;, si vous aimez les belles voix, ne manquez pas cette occasion,<\/strong><strong> aux <span style=\"text-decoration: underline;\">MESNULS, le Dimanche 20 novembre 2016, \u00e0 16h00 \u00e0 la Salle des f\u00eates<\/span>. \u00a0<em>Tous les d\u00e9tails <a href=\"https:\/\/ritmy.fr\/essais\/quatuor-adam-aux-mesnuls\/\" target=\"_blank\"><span style=\"text-decoration: underline;\">ICI<\/span><\/a><\/em><\/strong><\/h4>\n<p>&nbsp;<\/p>\n<hr \/>\n<h4 style=\"text-align: center;\"><span style=\"color: #808080;\"><strong>Ce concert est organis\u00e9 conjointement par RITMY et l&rsquo; Ecole de Musique de HOUDAN.<\/strong><\/span><\/h4>\n<p><a href=\"https:\/\/ritmy.fr\/essais\/wp-content\/uploads\/2015\/09\/emh.png\"><img loading=\"lazy\" decoding=\"async\" class=\"aligncenter wp-image-12785\" src=\"https:\/\/ritmy.fr\/essais\/wp-content\/uploads\/2015\/09\/emh.png\" alt=\"emh\" width=\"360\" height=\"65\" srcset=\"https:\/\/ritmy.fr\/essais\/wp-content\/uploads\/2015\/09\/emh.png 475w, https:\/\/ritmy.fr\/essais\/wp-content\/uploads\/2015\/09\/emh-300x54.png 300w\" sizes=\"auto, (max-width: 360px) 100vw, 360px\" \/><\/a><\/p>\n<p>&nbsp;<\/p>\n<hr \/>\n<h4 style=\"text-align: left;\"><a href=\"https:\/\/ritmy.fr\/essais\/wp-content\/uploads\/2015\/09\/logo_spedidam.jpg\"><img loading=\"lazy\" decoding=\"async\" class=\"wp-image-12745 alignright\" src=\"https:\/\/ritmy.fr\/essais\/wp-content\/uploads\/2015\/09\/logo_spedidam.jpg\" alt=\"LOGOS spedidam 2009\" width=\"169\" height=\"92\" srcset=\"https:\/\/ritmy.fr\/essais\/wp-content\/uploads\/2015\/09\/logo_spedidam.jpg 826w, https:\/\/ritmy.fr\/essais\/wp-content\/uploads\/2015\/09\/logo_spedidam-300x164.jpg 300w\" sizes=\"auto, (max-width: 169px) 100vw, 169px\" \/><\/a><\/h4>\n<p>&nbsp;<\/p>\n<h4 style=\"text-align: center;\"><span style=\"color: #808080;\"><strong>RITMY b\u00e9n\u00e9fice du soutien de la SPEDIDAM<\/strong><\/span><\/h4>\n<p>&nbsp;<\/p>\n<p>&nbsp;<\/p>\n","protected":false},"excerpt":{"rendered":"<p>Elodie SOULARD, Rapha\u00ebl PIDOUX &#8211; &lsquo;Duo Accord\u00e9on &#8211; Violoncelle&rsquo;, \u00e0 HOUDAN\u00a0le Samedi\u00a05\u00a0novembre 2016, \u00e0 20h30 &#8211;\u00a0Eglise Saint-Jacques Pour notre concert d&rsquo;ouverture des 27\u00b0 Saisons Musicales, un duo original qui nous transportera dans un univers qui sort des sentiers battus. La sonorit\u00e9 riche et profonde du violoncelle de Rapha\u00ebl PIDOUX, membre du c\u00e9l\u00e8bre Trio Wanderer, se &hellip; <\/p>\n<p><a class=\"more-link btn\" href=\"https:\/\/ritmy.fr\/essais\/elodie-soulard-raphael-pidoux-a-houdan\/\">Lire la suite<\/a><\/p>\n","protected":false},"author":3,"featured_media":0,"comment_status":"closed","ping_status":"closed","sticky":false,"template":"","format":"standard","meta":{"footnotes":""},"categories":[3,4,5,6,1],"tags":[178,124,164,221,242,222,199,243],"class_list":["post-14435","post","type-post","status-publish","format-standard","hentry","category-les-oeuvres","category-concerts","category-dans-les-yvelines","category-les-musiciens","category-ritmy","tag-accordeon","tag-duo","tag-houdan","tag-pidoux","tag-popper","tag-soulard","tag-violoncelle","tag-wanderer","nodate","item-wrap"],"_links":{"self":[{"href":"https:\/\/ritmy.fr\/essais\/wp-json\/wp\/v2\/posts\/14435","targetHints":{"allow":["GET"]}}],"collection":[{"href":"https:\/\/ritmy.fr\/essais\/wp-json\/wp\/v2\/posts"}],"about":[{"href":"https:\/\/ritmy.fr\/essais\/wp-json\/wp\/v2\/types\/post"}],"author":[{"embeddable":true,"href":"https:\/\/ritmy.fr\/essais\/wp-json\/wp\/v2\/users\/3"}],"replies":[{"embeddable":true,"href":"https:\/\/ritmy.fr\/essais\/wp-json\/wp\/v2\/comments?post=14435"}],"version-history":[{"count":56,"href":"https:\/\/ritmy.fr\/essais\/wp-json\/wp\/v2\/posts\/14435\/revisions"}],"predecessor-version":[{"id":14891,"href":"https:\/\/ritmy.fr\/essais\/wp-json\/wp\/v2\/posts\/14435\/revisions\/14891"}],"wp:attachment":[{"href":"https:\/\/ritmy.fr\/essais\/wp-json\/wp\/v2\/media?parent=14435"}],"wp:term":[{"taxonomy":"category","embeddable":true,"href":"https:\/\/ritmy.fr\/essais\/wp-json\/wp\/v2\/categories?post=14435"},{"taxonomy":"post_tag","embeddable":true,"href":"https:\/\/ritmy.fr\/essais\/wp-json\/wp\/v2\/tags?post=14435"}],"curies":[{"name":"wp","href":"https:\/\/api.w.org\/{rel}","templated":true}]}}