{"id":14333,"date":"2016-06-16T13:02:54","date_gmt":"2016-06-16T12:02:54","guid":{"rendered":"http:\/\/ritmy.fr\/essais\/?p=14333"},"modified":"2017-06-15T14:13:43","modified_gmt":"2017-06-15T13:13:43","slug":"les-27iemes-saisons-musicales","status":"publish","type":"post","link":"https:\/\/ritmy.fr\/essais\/les-27iemes-saisons-musicales\/","title":{"rendered":"D\u00e9couvrez les 27i\u00e8mes SAISONS MUSICALES !"},"content":{"rendered":"<h1 style=\"text-align: center;\"><span style=\"color: #333399;\"><strong>D\u00e9couvrez le programme des concerts 2016-2017,<\/strong><\/span><\/h1>\n<h1 style=\"text-align: center;\"><span style=\"color: #333399;\"><strong>qui a \u00e9t\u00e9\u00a0d\u00e9voil\u00e9 lors de l&rsquo;Assembl\u00e9e G\u00e9n\u00e9rale RITMY,<\/strong><\/span><\/h1>\n<h1 style=\"text-align: center;\"><span style=\"color: #333399;\"><strong>le 14 juin 2016 \u00e0 M\u00e9r\u00e9.<\/strong><\/span><\/h1>\n<h2 style=\"text-align: justify;\"><em><strong><span style=\"color: #333399;\">Comme pour nos pr\u00e9c\u00e9dentes Saisons Musicales, nous vous avons pr\u00e9par\u00e9 une programmation de haut niveau, alliant\u00a0qualit\u00e9 et vari\u00e9t\u00e9, qui, nous l&rsquo;esp\u00e9rons,\u00a0ravira les fid\u00e8les de Ritmy et tous les m\u00e9lomanes de notre r\u00e9gion.<\/span><\/strong><\/em><\/h2>\n<h3 style=\"text-align: justify;\"><strong><span style=\"color: #333399;\">Nous avons en effet la chance de pouvoir accueillir en r\u00e9cital la prestigieuse mezzo-soprano,\u00a0<\/span><em style=\"color: #333399;\">Karine Deshayes<\/em><span style=\"color: #333399;\">, invit\u00e9e par\u00a0les grandes sc\u00e8nes fran\u00e7aises et internationales, en plus d&rsquo;autres magnifiques t\u00eates d&rsquo;affiches, comme le pianiste\u00a0<\/span><em style=\"color: #333399;\">Adam Laloum<\/em><span style=\"color: #333399;\">\u00a0avec le\u00a0trio &lsquo;Les Esprits&rsquo;, le violoncelliste\u00a0<\/span><em style=\"color: #333399;\">Rapha\u00ebl Pidoux<\/em><span style=\"color: #333399;\">\u00a0du Trio Wanderer, en duo avec\u00a0l&rsquo;accord\u00e9oniste classique\u00a0<em>Elodie Soulard<\/em>, ou encore\u00a0<\/span><em style=\"color: #333399;\">Thomas Enhco<\/em><span style=\"color: #333399;\">\u00a0qui nous fait le\u00a0plaisir de revenir, en duo avec son complice pianiste\u00a0<\/span><em style=\"color: #333399;\">Isma\u00ebl Margain<\/em><span style=\"color: #333399;\">, et bien d&rsquo;autres talentueux artistes et ensembles, \u00e0 d\u00e9couvrir&#8230;<\/span><\/strong><\/h3>\n<h3 style=\"text-align: justify;\"><em><strong><span style=\"color: #333399;\">Un programme qui conjugue brillant, virtuosit\u00e9 et aussi originalit\u00e9&#8230; avec une\u00a0vari\u00e9t\u00e9 d&rsquo;\u00e9poques musicales et instruments, dont la harpe et l&rsquo;accord\u00e9on, sans oublier les voix\u2026<\/span><\/strong><\/em><\/h3>\n<h3 style=\"text-align: justify;\"><span style=\"color: #666699;\"><strong>Et en plus, pour cette Saison, nous b\u00e9n\u00e9ficions du PARRAINAGE\u00a0d&rsquo;un jeune artiste surdou\u00e9 au talent fou&#8230;\u00a0<\/strong><strong>que vous connaissez \u00e9videmment, car nous avons pu l&rsquo;admirer\u00a0<\/strong><strong>lors de nos 26\u00b0 Saisons Musicales&#8230;\u00a0<\/strong><strong>Jean RONDEAU !<\/strong><\/span><\/h3>\n<p><img loading=\"lazy\" decoding=\"async\" class=\"aligncenter wp-image-14256\" src=\"https:\/\/ritmy.fr\/essais\/wp-content\/uploads\/2016\/06\/Parrainage-Saison-27.jpg\" alt=\"Parrainage Saison 27\" width=\"341\" height=\"480\" srcset=\"https:\/\/ritmy.fr\/essais\/wp-content\/uploads\/2016\/06\/Parrainage-Saison-27.jpg 1084w, https:\/\/ritmy.fr\/essais\/wp-content\/uploads\/2016\/06\/Parrainage-Saison-27-213x300.jpg 213w, https:\/\/ritmy.fr\/essais\/wp-content\/uploads\/2016\/06\/Parrainage-Saison-27-768x1082.jpg 768w, https:\/\/ritmy.fr\/essais\/wp-content\/uploads\/2016\/06\/Parrainage-Saison-27-710x1000.jpg 710w\" sizes=\"auto, (max-width: 341px) 100vw, 341px\" \/><\/p>\n<h3 style=\"text-align: justify;\"><b>D\u00e9couvrez donc ci-dessous\u00a0nos 7 concerts de la Saison 2016-2017, ainsi que le &lsquo;concert\u00a0familial&rsquo; destin\u00e9 aux enfants et \u00e0 toute la famille.<\/b><\/h3>\n<p>&nbsp;<\/p>\n<hr \/>\n<h3 style=\"text-align: center;\"><span style=\"text-decoration: underline; color: #000080;\"><strong>Elodie SOULARD, Rapha\u00ebl PIDOUX &#8211;\u00a0<em>&lsquo;Duo Accord\u00e9on &#8211; Violoncelle&rsquo;<\/em><\/strong><\/span><\/h3>\n<h4 style=\"text-align: center;\"><span style=\"color: #000080;\"><strong>\u00e0 HOUDAN, le Samedi\u00a05 novembre 2016 \u00e0 20h30, Eglise Saint-Jacques<\/strong><\/span><\/h4>\n<div id=\"attachment_14034\" style=\"width: 300px\" class=\"wp-caption alignright\"><img loading=\"lazy\" decoding=\"async\" aria-describedby=\"caption-attachment-14034\" class=\"wp-image-14034\" src=\"https:\/\/ritmy.fr\/essais\/wp-content\/uploads\/2016\/05\/Soulard-Pidoux-francois-sechet-r\u00e9duit.jpg\" alt=\"Soulard -Pidoux francois-sechet - r\u00e9duit\" width=\"300\" height=\"300\" srcset=\"https:\/\/ritmy.fr\/essais\/wp-content\/uploads\/2016\/05\/Soulard-Pidoux-francois-sechet-r\u00e9duit.jpg 500w, https:\/\/ritmy.fr\/essais\/wp-content\/uploads\/2016\/05\/Soulard-Pidoux-francois-sechet-r\u00e9duit-140x140.jpg 140w, https:\/\/ritmy.fr\/essais\/wp-content\/uploads\/2016\/05\/Soulard-Pidoux-francois-sechet-r\u00e9duit-300x300.jpg 300w\" sizes=\"auto, (max-width: 300px) 100vw, 300px\" \/><p id=\"caption-attachment-14034\" class=\"wp-caption-text\">Elodie SOULARD et Rapha\u00ebl PIDOUX (photo Fran\u00e7ois S\u00e9chet)<\/p><\/div>\n<h4><strong><span style=\"color: #333399;\">Un duo original qui nous transportera dans un univers qui sort des sentiers battus.<\/span><\/strong><\/h4>\n<h4>La sonorit\u00e9 riche et profonde du\u00a0<strong>violoncelle<\/strong>\u00a0de\u00a0<span style=\"color: #333399;\"><strong>Rapha\u00ebl PIDOUX<\/strong><\/span>, se m\u00ealera au timbre m\u00e9lodique de l\u2019<strong>accord\u00e9on<\/strong>\u00a0d\u2019<span style=\"color: #333399;\"><strong>\u00c9lodie SOULARD<\/strong><\/span>.<\/h4>\n<h5><span style=\"color: #333399;\"><strong>\u00c9lodie SOULARD<\/strong><\/span>,\u00a0talentueuse interpr\u00e8te de l&rsquo;accord\u00e9on &lsquo;classique&rsquo;, est invit\u00e9e en tant que soliste sur de grandes sc\u00e8nes fran\u00e7aises et internationales. Elle est auteur\u00a0de nombreuses\u00a0<strong>transcriptions pour\u00a0son instrument<\/strong>\u00a0\u00e0 partir d&rsquo;oeuvres orchestrales de Berlioz, Gounod, Schumann&#8230;<\/h5>\n<h5><span style=\"color: #333399;\"><strong>Rapha\u00ebl PIDOUX\u00a0<\/strong><span style=\"color: #333333;\">est\u00a0<\/span><\/span>membre du tr\u00e8s c\u00e9l\u00e8bre\u00a0<strong>Trio Wanderer<\/strong>, qui se produit aux quatre coins du monde, et qui a recueilli\u00a0<strong>trois\u00a0Victoires de la Musique.\u00a0<\/strong>Il joue r\u00e9guli\u00e8rement avec d&rsquo;autres ensembles fran\u00e7ais, dont &lsquo;Les Si\u00e8cles&rsquo;.<\/h5>\n<h5>Tous deux se produisent sur de\u00a0<strong>grandes sc\u00e8nes internationales<\/strong>\u00a0en compagnie d\u2019orchestres prestigieux (Philharmonique de Radio-France, Stockholm Chamber Orchestra&#8230;) ou de chambristes r\u00e9put\u00e9s.<\/h5>\n<h5>Nous avons la chance de les accueillir \u00e0\u00a0<strong>Houdan<\/strong>, dans un r\u00e9pertoire vari\u00e9, allant de\u00a0<strong>Robert Schumann<\/strong>,\u00a0<strong>Manuel de Falla<\/strong>\u00a0et\u00a0<strong>Gabriel Faur\u00e9<\/strong>\u00a0\u00e0\u00a0<strong>David Popper<\/strong>\u00a0(violoncelliste et compositeur Tch\u00e8que 1843-1913).<\/h5>\n<h4><strong><span style=\"color: #333399;\">Beaucoup d&rsquo;originalit\u00e9, et de virtuosit\u00e9&#8230;<\/span><\/strong><\/h4>\n<h5><strong>Plus d&rsquo;informations dans notre article : <a href=\"https:\/\/ritmy.fr\/essais\/elodie-soulard-raphael-pidoux-a-houdan\/\" target=\"_blank\"><span style=\"text-decoration: underline;\"><em>ICI<\/em><\/span><\/a><\/strong><\/h5>\n<p>&nbsp;<\/p>\n<hr \/>\n<h3 style=\"text-align: center;\"><span style=\"text-decoration: underline; color: #000080;\"><strong>\u00ab\u00a0QUATUOR A&rsquo;DAM\u00a0\u00bb &#8211;\u00a0<em>&lsquo;Quatuor vocal a cappella&rsquo;<\/em><\/strong><\/span><\/h3>\n<h4 style=\"text-align: center;\"><span style=\"color: #000080;\"><strong>aux MESNULS, le Dimanche 20 novembre 2016 \u00e0 16h.,\u00a0Salle des f\u00eates<\/strong><\/span><\/h4>\n<h4>Magnifique\u00a0<strong><span style=\"text-decoration: underline;\"><span style=\"color: #333399; text-decoration: underline;\">quatuor vocal &lsquo;a cappella&rsquo;<\/span><\/span>,\u00a0<\/strong>masculin, compos\u00e9 d\u2019un\u00a0<b><span style=\"color: #333399;\">t\u00e9nor<\/span><\/b>, de deux<b>\u00a0<span style=\"color: #333399;\">barytons<\/span>\u00a0<\/b>et d\u2019une<b>\u00a0<span style=\"color: #333399;\">basse<\/span>.<\/b><\/h4>\n<p><img loading=\"lazy\" decoding=\"async\" class=\"wp-image-12848 alignleft\" src=\"https:\/\/ritmy.fr\/essais\/wp-content\/uploads\/2015\/10\/Quatuor-ADam-1-WEEZ.jpeg\" alt=\"Quatuor A'Dam 1 - WEEZ\" width=\"380\" height=\"285\" srcset=\"https:\/\/ritmy.fr\/essais\/wp-content\/uploads\/2015\/10\/Quatuor-ADam-1-WEEZ.jpeg 500w, https:\/\/ritmy.fr\/essais\/wp-content\/uploads\/2015\/10\/Quatuor-ADam-1-WEEZ-300x225.jpeg 300w\" sizes=\"auto, (max-width: 380px) 100vw, 380px\" \/><\/p>\n<p><span style=\"color: #333399;\"><b>Olivier\u00a0<\/b><b>RAULT<\/b><b>, T\u00e9nor\u00a0<\/b>&#8211;<\/span>\u00a0Travaille avec des ensembles europ\u00e9ens, comme\u00a0<i><strong>Pygmalion<\/strong>. A p<\/i>articip\u00e9 \u00e0 la cr\u00e9ation de l\u2019ensemble\u00a0<i><strong>Act\u00e9on<\/strong>.<\/i><\/p>\n<p><span style=\"color: #333399;\"><b>Pierre\u00a0<\/b><b>BOUDEVILLE<\/b><b>, Baryton &#8211; \u00a0<\/b><\/span>Est aussi claveciniste. Il cr\u00e9e et dirige depuis 2009 l\u2019ensemble\u00a0<b><i>Act\u00e9on<\/i><\/b><b>.<\/b><\/p>\n<p><span style=\"color: #333399;\"><b>Louis-Pierre PATRON, Baryton &#8211;\u00a0<\/b><\/span>Chante aussi avec diff\u00e9rents ensembles\u00a0:\u00a0<strong><i>Pygmalion,\u00a0<\/i><i>Aedes<\/i><i>, Les Si\u00e8cles&#8230;<\/i><\/strong><\/p>\n<p><span style=\"color: #333399;\"><b>Julien\u00a0<\/b><b>GUILLOTON<\/b><\/span><b><span style=\"color: #333399;\">, Basse<\/span>\u00a0&#8211;\u00a0<\/b>Travaille avec les\u00a0ensembles\u00a0<strong><i>Aedes<\/i><\/strong>\u00a0et\u00a0<strong><i>Egregor<\/i><i>\u00a0Vocal<\/i><\/strong>. Int\u00e8gre en 2011 le sextet vocal de jazz\u00a0<strong><i>Opus Jam<\/i><\/strong>.<\/p>\n<h5>C\u2019est au cours de leurs \u00e9tudes musicales \u00e0\u00a0<b>Amsterdam,<\/b>\u00a0que se rencontrent les membres du\u00a0<span style=\"text-decoration: underline; color: #3366ff;\"><em><b>Quatuor\u00a0<\/b><b>A\u2019DAM<\/b><\/em><\/span>\u00a0(d\u2019o\u00f9<b>\u00a0l\u2019origine de leur nom<\/b>).<\/h5>\n<h5>Le Quatuor se produit pour la premi\u00e8re fois en 2012, c\u2019\u00e9tait au Conservatoire d\u2019Amsterdam autour des \u2018Quatre Petites Pri\u00e8res de St Fran\u00e7ois D\u2019Assise\u2019 de Fran\u00e7is Poulenc.<\/h5>\n<h5>Leur\u00a0<b>r\u00e9pertoire<\/b>\u00a0m\u00eale chanson renaissance, musique romantique allemande, gospel, pop anglaise, vari\u00e9t\u00e9 fran\u00e7aise, et ils continuent \u00e0 explorer les richesses de\u00a0<b>la musique &lsquo;a cappella&rsquo;<\/b>.<\/h5>\n<h5>Dans la salle des f\u00eates\u00a0des\u00a0<strong>Mesnuls<\/strong>, ils nous interpr\u00e9teront des chansons qui survolent les si\u00e8cles<em>\u00a0(sous r\u00e9serve de modifications) :<\/em><\/h5>\n<ul>\n<li>\n<h5>de la\u00a0<b>Renaissance<\/b>\u00a0(Certon, Janequin\u2026),\u00a0du\u00a0<b>romantique allemand\u00a0<\/b>(Schubert\u2026),\u00a0des traditionnels du\u00a0<b>Gospel<\/b>,\u00a0des standards\u00a0<b>pop<\/b>\u00a0(Simon &amp; Garfunkel, les Beatles\u2026),\u00a0et de la\u00a0<b>vari\u00e9t\u00e9 fran\u00e7aise\u00a0<\/b>(Gainsbourg, Lapointe\u2026).<\/h5>\n<\/li>\n<\/ul>\n<h4><strong><span style=\"color: #333399;\">Un ensemble vocal\u00a0absolument\u00a0magnifique qu&rsquo;il faut d\u00e9couvrir !<\/span><\/strong><\/h4>\n<h5><strong>Plus d&rsquo;informations dans notre article : <a href=\"https:\/\/ritmy.fr\/essais\/quatuor-adam-aux-mesnuls\/\" target=\"_blank\"><span style=\"text-decoration: underline;\"><em>ICI<\/em><\/span><\/a><\/strong><\/h5>\n<p>&nbsp;<\/p>\n<hr \/>\n<h3 style=\"text-align: center;\"><span style=\"text-decoration: underline; color: #000080;\"><strong>Karine DESHAYES \u00a0&#8211;\u00a0<em>R\u00e9cital &lsquo;Salon ROSSINI&rsquo;<\/em><\/strong><\/span><\/h3>\n<h4 style=\"text-align: center;\"><span style=\"color: #000080;\"><strong>\u00e0\u00a0NEAUPHLE-LE-CH\u00c2TEAU, le Dimanche 4\u00a0d\u00e9cembre 2016 \u00e0 17h.,\u00a0Eglise St-Nicolas<\/strong><\/span><\/h4>\n<p>&nbsp;<\/p>\n<div id=\"attachment_14335\" style=\"width: 380px\" class=\"wp-caption alignleft\"><img loading=\"lazy\" decoding=\"async\" aria-describedby=\"caption-attachment-14335\" class=\"wp-image-14335\" src=\"https:\/\/ritmy.fr\/essais\/wp-content\/uploads\/2016\/06\/Karine-Deshayes-8.jpg\" alt=\"Karine Deshayes 8\" width=\"380\" height=\"229\" srcset=\"https:\/\/ritmy.fr\/essais\/wp-content\/uploads\/2016\/06\/Karine-Deshayes-8.jpg 796w, https:\/\/ritmy.fr\/essais\/wp-content\/uploads\/2016\/06\/Karine-Deshayes-8-300x181.jpg 300w, https:\/\/ritmy.fr\/essais\/wp-content\/uploads\/2016\/06\/Karine-Deshayes-8-768x462.jpg 768w\" sizes=\"auto, (max-width: 380px) 100vw, 380px\" \/><p id=\"caption-attachment-14335\" class=\"wp-caption-text\">Karine DESHAYES (photo Vincent Jacques)<\/p><\/div>\n<h5>\u00c9l\u00e8ve de\u00a0<strong>Mireille Alcantara<\/strong>\u00a0au Conservatoire de Paris et de\u00a0<strong>R\u00e9gine Crespin<\/strong>\u00a0&#8230;,\u00a0<span style=\"text-decoration: underline;\"><span style=\"color: #333399; text-decoration: underline;\"><strong>Karine DESHAYES<\/strong><\/span><\/span>\u00a0est aujourd&rsquo;hui invit\u00e9e sur les plus grandes\u00a0<strong>sc\u00e8nes d\u2019op\u00e9ras<\/strong>\u00a0: Paris, Lyon, New York, San Francisco, Madrid, Salzbourg etc&#8230; o\u00f9 elle interpr\u00e8te de\u00a0<strong>nombreux r\u00f4les<\/strong>, dans Norma, Les Noces de Figaro, Le Barbier de S\u00e9ville, Carmen, Nabucco&#8230;<\/h5>\n<h5 class=\"Pardfaut\" style=\"text-align: justify; text-justify: inter-ideograph;\"><span lang=\"DE\">Elle se produit \u00e9galement en\u00a0<strong>r\u00e9cital<\/strong>\u00a0et en\u00a0<strong>concert<\/strong>, sous la direction de chefs tels que Emmanuel Krivine, David Stern, Kurt Masur ou Myun-Whun Chung.<\/span><\/h5>\n<h5><\/h5>\n<h5><span style=\"color: #333399;\"><strong>Karine DESHAYES<\/strong><\/span>\u00a0est laur\u00e9ate des\u00a0<strong>Victoires de la Musique<\/strong>\u00a0\u00e0 deux reprises, en 2011 et 2016, dans la cat\u00e9gorie Artiste lyrique.<\/h5>\n<h5>Elle a enregistr\u00e9 de nombreux\u00a0<strong>albums<\/strong>, dont le dernier est sorti en avril 2016,\u00a0<em>&lsquo;Une vie Rossini&rsquo;<\/em>\u00a0consacr\u00e9 \u00e0 des airs d&rsquo;op\u00e9ras de\u00a0<strong>G. Rossini<\/strong>.<\/h5>\n<h5><span style=\"color: #333333;\">Pour son\u00a0r\u00e9cital de \u00a0Neauphle-le-Ch\u00e2teau, elle sera\u00a0<strong>accompagn\u00e9e au<\/strong>\u00a0<strong>piano<\/strong>\u00a0par le remarquable\u00a0<\/span><strong><span style=\"color: #333399;\">Dominique PLANCADE<\/span><\/strong><span style=\"color: #333333;\">, partenaire de\u00a0musique de\u00a0chambre recherch\u00e9 par ses pairs.<\/span><\/h5>\n<h5><strong>Elle nous interpr\u00e9tera un programme\u00a0<span style=\"color: #333399;\"><i><span style=\"text-decoration: underline;\">\u2018Salon Rossini\u2019<\/span>\u00a0<\/i><\/span>: \u00a0<\/strong><em>(sous r\u00e9serve de modifications)<\/em><\/h5>\n<ul>\n<li>\n<h5>des m\u00e9lodies italiennes, fran\u00e7aises et espagnoles, de\u00a0<strong>Gioachino Rossini<\/strong><\/h5>\n<\/li>\n<li>\n<h5>une cantate pour voix et piano, de\u00a0<strong>Gioachino Rossini<\/strong><\/h5>\n<\/li>\n<li>\n<h5>des airs d\u2019op\u00e9ras, de\u00a0<strong>Gioachino Rossini<\/strong>\u00a0: Barbier de S\u00e9ville, Otello, Donna del Lago\u2026<\/h5>\n<\/li>\n<\/ul>\n<h4><strong><span style=\"color: #333399;\">Pour les m\u00e9lomanes et amateurs de grandes voix, une occasion tout \u00e0 fait exceptionnelle d\u2019applaudir cette prestigieuse mezzo-soprano !<\/span><\/strong><\/h4>\n<h5><span style=\"color: #333333;\"><span style=\"color: #333399;\"><b><span style=\"color: #333333;\">Plus d&rsquo;informations dans notre article :<\/span><a href=\"https:\/\/ritmy.fr\/essais\/karine-deshayes-en-recital-a-neauphle\/\" target=\"_blank\"><span style=\"text-decoration: underline;\"><em> ICI<\/em><\/span><\/a><\/b><\/span><\/span><\/h5>\n<p>&nbsp;<\/p>\n<hr \/>\n<h3 style=\"text-align: center;\"><strong><span style=\"color: #000080;\"><u>Thomas ENHCO, Isma\u00ebl MARGAIN\u00a0&#8211; &lsquo;<\/u><\/span><em style=\"color: #000080; text-decoration: underline;\">Rencontre et r\u00e9v\u00e9lation&#8230;&rsquo;<\/em><\/strong><\/h3>\n<h3 style=\"text-align: center;\"><span style=\"color: #000080;\"><strong>\u00e0 ORGERUS, le Dimanche 29\u00a0janvier 2017 \u00e0 17h00, Salle du Pr\u00e9 Romain<\/strong><\/span><\/h3>\n<div id=\"attachment_14036\" style=\"width: 370px\" class=\"wp-caption alignright\"><img loading=\"lazy\" decoding=\"async\" aria-describedby=\"caption-attachment-14036\" class=\"wp-image-14036\" src=\"https:\/\/ritmy.fr\/essais\/wp-content\/uploads\/2016\/05\/Enhco-Margain-1.jpg\" alt=\"Enhco-Margain 1\" width=\"370\" height=\"246\" srcset=\"https:\/\/ritmy.fr\/essais\/wp-content\/uploads\/2016\/05\/Enhco-Margain-1.jpg 640w, https:\/\/ritmy.fr\/essais\/wp-content\/uploads\/2016\/05\/Enhco-Margain-1-300x200.jpg 300w\" sizes=\"auto, (max-width: 370px) 100vw, 370px\" \/><p id=\"caption-attachment-14036\" class=\"wp-caption-text\">Isma\u00ebl MARGAIN et Thomas ENHCO (photo St\u00e9phane Delavoye)<\/p><\/div>\n<h4>Deux jeunes prodiges,\u00a0<strong>pianistes reconnus<\/strong>\u00a0qui accumulent les prix,\u00a0<strong>fous de musique classique comme de jazz<\/strong>, ces talents \u00e9clectiques \u00e9taient faits pour se rencontrer.<\/h4>\n<h5 style=\"text-align: left;\">Inutile de vous pr\u00e9senter\u00a0<span style=\"color: #333399;\"><strong>Thomas ENHCO<\/strong><\/span>, les habitu\u00e9s de Ritmy ont d\u00e9j\u00e0 pu l&rsquo;admirer \u00e0 2 reprises, en duo piano-marimba avec\u00a0<strong>Vassilena Serafimova<\/strong>,\u00a0et en trio, le\u00a0<strong>&lsquo;Trio Casadesus-Enhco&rsquo;<\/strong>, avec sa m\u00e8re la soprano\u00a0<strong>Caroline Casadesus<\/strong>\u00a0et son fr\u00e8re le trompettiste\u00a0<strong>David Enhco<\/strong>.<\/h5>\n<h5><strong><span style=\"color: #333399;\">Isma\u00ebl MARGAIN<\/span><\/strong><span style=\"color: #333399;\">,\u00a0<\/span>lui aussi jeune virtuose du piano, est en train de se faire un nom dans le monde musical d&rsquo;aujourd&rsquo;hui, avec d\u00e9j\u00e0 de nombreuses distinctions \u00e0 son actif, dont le <strong>Prix du public au<\/strong>\u00a0<strong>Concours International Long-Thibaud 2012, <\/strong>ainsi qu&rsquo;une nomination aux<strong> Victoires de la Musique 2015\u00a0<\/strong>en\u00a0&lsquo;R\u00e9v\u00e9lation soliste instrumental&rsquo;.<\/h5>\n<h5>Aux\u00a0<strong>pianos<\/strong>, mais aussi au\u00a0<strong>violon<\/strong>\u00a0et\u00a0au\u00a0<strong>saxo<\/strong>, instruments que\u00a0<span style=\"color: #333399;\"><strong>Thomas et Isma\u00ebl\u00a0<\/strong><\/span>manient&rsquo; avec autant de ma\u00eetrise, ils nous offriront un moment musical \u00e9blouissant !<\/h5>\n<div class=\"page\" title=\"Page 1\">\n<div class=\"section\">\n<div class=\"layoutArea\">\n<div class=\"column\">\n<h5><span style=\"color: #333399;\"><strong>Thomas ENHCO<\/strong><\/span>\u00a0et\u00a0<span style=\"color: #333399;\"><strong>Isma\u00ebl MARGAIN<\/strong>\u00a0<\/span>nous feront partager des \u0153uvres de <strong>ma\u00eetres classiques<\/strong>, mais aussi du swing, du blues et des rythmes qui appartiennent au <strong>jazz<\/strong>.<\/h5>\n<h4><span style=\"color: #333399;\"><strong>Nous vibrerons donc entre <span style=\"text-decoration: underline;\">classique et jazz.<\/span><\/strong><\/span><\/h4>\n<h4><span style=\"color: #333399;\"><strong>Un rendez vous unique, une r\u00e9union heureuse ou les deux jeunes musiciens fusionnent, cr\u00e9ent, s\u2019expriment librement, sans fronti\u00e8re !<\/strong><\/span><\/h4>\n<h3><strong><span style=\"color: #333399;\">Une soir\u00e9e brillante&#8230; et\u00a0rythm\u00e9e !!<\/span><\/strong><\/h3>\n<\/div>\n<\/div>\n<\/div>\n<\/div>\n<h5><strong>Plus d&rsquo;informations dans notre article : <a href=\"https:\/\/ritmy.fr\/essais\/thomas-enhco-ismael-margain\/\" target=\"_blank\"><span style=\"text-decoration: underline;\"><em>ICI<\/em><\/span><\/a><\/strong><\/h5>\n<p>&nbsp;<\/p>\n<div class=\"page\" title=\"Page 1\">\n<div class=\"section\">\n<div class=\"layoutArea\">\n<hr \/>\n<h3 style=\"text-align: center;\"><span style=\"text-decoration: underline; color: #000080;\"><strong>Duo &lsquo;HARPIAN&rsquo; &#8211;\u00a0<em>Harpe et Piano<\/em><\/strong><\/span><\/h3>\n<h3 style=\"text-align: center;\"><span style=\"color: #000080;\"><strong>\u00e0 MAREIL-sur-MAULDRE, le Dimanche 5 mars\u00a02017 \u00e0 17h.,\u00a0Eglise Saint-Martin<\/strong><\/span><\/h3>\n<\/div>\n<\/div>\n<\/div>\n<div id=\"attachment_14294\" style=\"width: 261px\" class=\"wp-caption alignleft\"><img loading=\"lazy\" decoding=\"async\" aria-describedby=\"caption-attachment-14294\" class=\"wp-image-14294\" src=\"https:\/\/ritmy.fr\/essais\/wp-content\/uploads\/2016\/06\/DUO-HARPIAN-3.png\" alt=\"DUO HARPIAN 3\" width=\"261\" height=\"340\" srcset=\"https:\/\/ritmy.fr\/essais\/wp-content\/uploads\/2016\/06\/DUO-HARPIAN-3.png 470w, https:\/\/ritmy.fr\/essais\/wp-content\/uploads\/2016\/06\/DUO-HARPIAN-3-230x300.png 230w\" sizes=\"auto, (max-width: 261px) 100vw, 261px\" \/><p id=\"caption-attachment-14294\" class=\"wp-caption-text\">Julia FROSCHHAMMER et C\u00e9line GAY DES COMBES<\/p><\/div>\n<h4><\/h4>\n<h4 style=\"text-align: justify;\">Par passion pour la musique de chambre et par affinit\u00e9s humaine et artistique,\u00a0<span style=\"color: #333399;\"><strong>C\u00e9line Gay Des Combes<\/strong><\/span>,\u00a0<strong>harpiste<\/strong>, et\u00a0<span style=\"color: #333399;\"><strong>Julia Froschhammer<\/strong><\/span>,\u00a0<strong>pianiste<\/strong>, d\u00e9cident de cr\u00e9er leur duo en 2010, lors de leurs \u00e9tudes \u00e0 la\u00a0Haute Ecole de Musique de Lausanne.<\/h4>\n<h5><\/h5>\n<h5 style=\"text-align: justify;\">Leur\u00a0<strong>premier disque<\/strong>, sorti en 2013, avec des transcriptions ou\u00a0oeuvres originales de Rameau, Ravel, Faur\u00e9, De falla&#8230;\u00a0est unanimement salu\u00e9 par la critique.<\/h5>\n<h5 style=\"text-align: justify;\">Il marque le d\u00e9part d&rsquo;une\u00a0<strong>brillante carri\u00e8re internationale<\/strong>,<strong>\u00a0<\/strong>principalement en Europe et en Am\u00e9rique, pour ce duo d&rsquo;une r\u00e9elle sensibilit\u00e9 et d\u2019une belle originalit\u00e9.<\/h5>\n<p>&nbsp;<\/p>\n<p>&nbsp;<\/p>\n<p>&nbsp;<\/p>\n<p>&nbsp;<\/p>\n<h5>Elles interpr\u00e9teront pour notre bonheur un tr\u00e8s beau programme, vari\u00e9, avec des oeuvres de\u00a0<strong>Maurice Ravel<\/strong>,\u00a0<strong>Manuel De Falla, Enrique Granados, Jean-Philippe Rameau<\/strong>&#8230;<\/h5>\n<h3><span style=\"color: #333399;\"><strong>Un duo plein de charme, et de sensibilit\u00e9&#8230;<\/strong><\/span><\/h3>\n<h5><strong>Plus d&rsquo;informations dans\u00a0notre article : <a href=\"https:\/\/ritmy.fr\/essais\/concerts-2\/tout-sur-les-27iemes-saisons\/duo-harpian-a-mareil\/\" target=\"_blank\"><span style=\"text-decoration: underline;\"><em>ICI<\/em><\/span><\/a><\/strong><\/h5>\n<p>&nbsp;<\/p>\n<hr \/>\n<h3 style=\"text-align: center;\"><span style=\"text-decoration: underline; color: #000080;\"><strong>&lsquo;SPIRITANGO Quartet&rsquo; \u00a0&#8211;\u00a0<em>\u00ab\u00a0Chin Chin\u00a0\u00bb<\/em><\/strong><\/span><\/h3>\n<h3 style=\"text-align: center;\"><span style=\"color: #000080;\"><strong>\u00e0 RICHEBOURG, le Dimanche\u00a026 mars 2017 \u00e0 17h., Salle Edith Piaf<\/strong><\/span><\/h3>\n<div id=\"attachment_14038\" style=\"width: 400px\" class=\"wp-caption alignright\"><img loading=\"lazy\" decoding=\"async\" aria-describedby=\"caption-attachment-14038\" class=\"wp-image-14038\" src=\"https:\/\/ritmy.fr\/essais\/wp-content\/uploads\/2016\/05\/SpiriTango-4-r\u00e9duit.jpeg\" alt=\"SpiriTango 4 - r\u00e9duit\" width=\"400\" height=\"267\" srcset=\"https:\/\/ritmy.fr\/essais\/wp-content\/uploads\/2016\/05\/SpiriTango-4-r\u00e9duit.jpeg 900w, https:\/\/ritmy.fr\/essais\/wp-content\/uploads\/2016\/05\/SpiriTango-4-r\u00e9duit-300x200.jpeg 300w, https:\/\/ritmy.fr\/essais\/wp-content\/uploads\/2016\/05\/SpiriTango-4-r\u00e9duit-768x512.jpeg 768w\" sizes=\"auto, (max-width: 400px) 100vw, 400px\" \/><p id=\"caption-attachment-14038\" class=\"wp-caption-text\">SPIRITANGO Quartet (photo Yann Renoult)<\/p><\/div>\n<h4>Ma\u00eetres en expressivit\u00e9 et cr\u00e9ativit\u00e9, fid\u00e8les aux couleurs contrast\u00e9es du tango argentin, les quatre virtuoses de\u00a0<strong><span style=\"color: #333399;\">SPIRITANGO<\/span><\/strong>\u00a0nous entra\u00eeneront dans un univers de pulsations et de vibrante sensualit\u00e9.<\/h4>\n<h5>Le jeune Quartet est compos\u00e9, au piano, de\u00a0<span style=\"color: #333399;\"><strong>Fanny Azzuro<\/strong><\/span>\u00a0au \u201ctemp\u00e9rament de feu\u201d,<\/h5>\n<h5><span style=\"color: #333399;\"><span style=\"color: #333333;\">de<\/span><b>\u00a0Fanny Gallois-<\/b><b>Stefanelli<\/b><\/span><b>,<\/b>\u00a0au violon,<\/h5>\n<h5>de\u00a0<span style=\"color: #333399;\"><b>Thomas\u00a0<\/b><b>Chedal<\/b><\/span>, \u00e0 l&rsquo;accord\u00e9on,<\/h5>\n<h5><span style=\"color: #333399;\"><span style=\"color: #333333;\">et<\/span><b>\u00a0Beno\u00eet Levesque<\/b><\/span>, \u00e0 la contrebasse.<\/h5>\n<h5>Leur projet artistique s\u2019articule autour d\u2019interpr\u00e9tations originales, en formation acoustique,\u00a0<strong>\u00e0 la crois\u00e9e des chemins du tango et de la musique de chambre<\/strong>, les richesses et les exigences de chaque monde rejaillissant sur l\u2019autre.<\/h5>\n<h5>En cinq ans d\u2019existence, ils ont explor\u00e9 un vaste r\u00e9pertoire vari\u00e9 m\u00ealant tango traditionnel, tango nuevo, musique contemporaine et cr\u00e9ations.<\/h5>\n<h5>Ils nous entra\u00eeneront dans l&rsquo;atmosph\u00e8re de leur dernier disque &lsquo;Chin Chin&rsquo;, avec\u00a0des oeuvres du ma\u00eetre argentin\u00a0<strong>Astor PIAZOLLA, bien s\u00fbr,\u00a0<\/strong>mais aussi de la jeune g\u00e9n\u00e9ration\u00a0<strong>Luis CARUANA\u00a0<\/strong>et\u00a0<strong>Ramiro GALLO<\/strong>, et du grand compositeur belge\u00a0<strong>Fr\u00e9d\u00e9ric DEVREESE. \u00a0\u00a0<\/strong><em>(sous r\u00e9serves de\u00a0<\/em><em>modifications)<\/em><\/h5>\n<h5><span style=\"color: #333399;\"><strong>Un concert qui surprendra par son c\u00f4t\u00e9 p\u00e9tillant et son originalit\u00e9 d\u2019interpr\u00e9tation.<\/strong><\/span><\/h5>\n<h4><span style=\"color: #333399;\"><strong>Apr\u00e8s ce feu d\u2019artifice, vous repartirez avec l\u2019envie de dire \u00ab\u00a0Chin Chin\u00a0\u00bb !<\/strong><\/span><\/h4>\n<p>&nbsp;<\/p>\n<hr \/>\n<h3 style=\"text-align: center;\"><span style=\"text-decoration: underline; color: #000080;\"><strong>&lsquo;Les ESPRITS&rsquo; Trio avec piano\u00a0 &#8211;\u00a0<em>Musiques de chambre du XXi\u00e8me si\u00e8cle<\/em><\/strong><\/span><\/h3>\n<h3 style=\"text-align: center;\"><strong><span style=\"color: #000080;\">\u00e0\u00a0M\u00c9R\u00c9,\u00a0le Samedi\u00a022 avril 2017 \u00e0 20h30,\u00a0Eglise Saint-Denis<\/span><\/strong><\/h3>\n<div id=\"attachment_14033\" style=\"width: 320px\" class=\"wp-caption alignleft\"><img loading=\"lazy\" decoding=\"async\" aria-describedby=\"caption-attachment-14033\" class=\"wp-image-14033\" src=\"https:\/\/ritmy.fr\/essais\/wp-content\/uploads\/2016\/05\/Trio-les-Esprits-r\u00e9duit.jpeg\" alt=\"Trio-les-Esprits - r\u00e9duit\" width=\"320\" height=\"262\" srcset=\"https:\/\/ritmy.fr\/essais\/wp-content\/uploads\/2016\/05\/Trio-les-Esprits-r\u00e9duit.jpeg 2000w, https:\/\/ritmy.fr\/essais\/wp-content\/uploads\/2016\/05\/Trio-les-Esprits-r\u00e9duit-300x246.jpeg 300w, https:\/\/ritmy.fr\/essais\/wp-content\/uploads\/2016\/05\/Trio-les-Esprits-r\u00e9duit-768x629.jpeg 768w, https:\/\/ritmy.fr\/essais\/wp-content\/uploads\/2016\/05\/Trio-les-Esprits-r\u00e9duit-1000x820.jpeg 1000w\" sizes=\"auto, (max-width: 320px) 100vw, 320px\" \/><p id=\"caption-attachment-14033\" class=\"wp-caption-text\">Trio \u00ab\u00a0Les ESPRITS\u00a0\u00bb, Victor JULIEN-LAFERRI\u00c8RE, Mi-sa YANG, Adam LALOUM (photo Lyodo Kaneko)<\/p><\/div>\n<h4>D\u00e8s leurs toutes premi\u00e8res rencontres, c\u2019est une v\u00e9ritable amiti\u00e9 qui s\u2019installe entre le pianiste\u00a0<span style=\"color: #333399;\"><strong>Adam LALOUM<\/strong><\/span>, la violoniste\u00a0<span style=\"color: #333399;\"><strong>Mi-Sa YANG<\/strong><\/span>\u00a0et le violoncelliste\u00a0<span style=\"color: #333399;\"><strong>Victor JULIEN-LAFERRI\u00c8RE<\/strong><\/span>.<\/h4>\n<h5>Cette complicit\u00e9 se confirme lors de leur premier concert en 2009, et par la cr\u00e9ation du\u00a0<span style=\"color: #333399;\"><strong>Trio \u00abLES ESPRITS\u00bb<\/strong>\u00a0<\/span>en 2012.<\/h5>\n<h5>Depuis, le Trio se produit avec beaucoup de succ\u00e8s, notamment au Th\u00e9\u00e2tre des Champs Elys\u00e9es, aux Folles Journ\u00e9es de Nantes et de Tokyo, au Th\u00e9\u00e2tre de la Cri\u00e9e \u00e0 Marseille\u2026<\/h5>\n<h5><\/h5>\n<h5><\/h5>\n<h5>Le Trio se produit \u00e9galement avec des partenaires tels que l\u2019altiste\u00a0<strong>Adrien La Marca<\/strong>\u00a0ou le clarinettiste\u00a0<strong>Rapha\u00ebl S\u00e9v\u00e8re<\/strong>.\u00a0Ils ont sorti en 2014 un\u00a0<strong>disque<\/strong>\u00a0consacr\u00e9 \u00e0 des trios pour piano de Beethoven et Schumann.<\/h5>\n<h5><strong><span style=\"color: #333399;\">Adam LALOUM<\/span><\/strong><span style=\"color: #333333;\">, parfois surnomm\u00e9 <em><strong>&lsquo;le po\u00e8te des claviers&rsquo;<\/strong> <\/em>de par\u00a0sa profonde sensibilit\u00e9, p<\/span>oursuit en parall\u00e8le une brillante carri\u00e8re de soliste, et est consid\u00e9r\u00e9 comme l&rsquo;un des meilleurs pianistes de sa g\u00e9n\u00e9ration en France,\u00a0<strong>laur\u00e9at du prestigieux Prix Clara Askil en 2009<\/strong>, et tout r\u00e9cemment <span style=\"color: #ff0000;\">&lsquo;<span style=\"text-decoration: underline;\"><strong>Victoire de la Musique 2017&prime; dans la cat\u00e9gorie &lsquo;Soliste\u00a0<\/strong><b>instrumental&rsquo;<\/b><\/span><\/span>.\u00a0Les fid\u00e8les de\u00a0<strong>RITMY<\/strong>\u00a0ont\u00a0d\u00e9j\u00e0 eu la chance de l&rsquo;applaudir, en duo avec l&rsquo;altiste\u00a0<strong>Adrien La Marca<\/strong>.<\/h5>\n<h5><span style=\"color: #333399;\"><strong>\u201cLes ESPRITS\u201c<\/strong><\/span>\u00a0nous interpr\u00e9teront avec talent et sensibilit\u00e9 des duos avec piano de<strong>\u00a0Claude Debussy<\/strong>\u00a0et\u00a0<strong>Gabriel Faur\u00e9<\/strong>,\u00a0et des trios de\u00a0<strong>Mauricio Kagel<\/strong>\u00a0(compositeur et chef d&rsquo;orchestre argentin,\u00a01931-2008) et\u00a0<strong>Maurice Ravel<\/strong>.<\/h5>\n<div class=\"page\" title=\"Page 2\">\n<div class=\"section\">\n<div class=\"layoutArea\">\n<div class=\"column\">\n<h4><strong><span style=\"color: #333399;\">Un ensemble \u00e0 l&rsquo;immense talent, qui ravira les m\u00e9lomanes les plus exigeants comme les simples amateurs de musique de chambre !<\/span><\/strong><\/h4>\n<p>&nbsp;<\/p>\n<\/div>\n<\/div>\n<\/div>\n<\/div>\n<hr \/>\n<h3 style=\"text-align: center;\"><strong><span style=\"color: #000080;\"><u>&lsquo;TOTOF et le\u00a0Grand Orchestre&rsquo; \u00a0&#8211;\u00a0<\/u><\/span><em style=\"color: #000080; text-decoration: underline;\">\u00ab\u00a0Des cordes comme s&rsquo;il en pleuvait\u00a0\u00bb<\/em><\/strong><\/h3>\n<h3 style=\"text-align: center;\"><span style=\"color: #000080;\"><strong>\u00e0 RICHEBOURG, le Dimanche\u00a022 janvier 2017 \u00e0 16h.,\u00a0Salle Edith\u00a0<\/strong><\/span><span style=\"color: #000080;\"><b>Piaf<\/b><\/span><\/h3>\n<p><img loading=\"lazy\" decoding=\"async\" class=\"alignright wp-image-14037\" src=\"https:\/\/ritmy.fr\/essais\/wp-content\/uploads\/2016\/05\/TOTOF-et-le-Grd-Orchestre.jpg\" alt=\"TOTOF et le Grd Orchestre\" width=\"360\" height=\"361\" srcset=\"https:\/\/ritmy.fr\/essais\/wp-content\/uploads\/2016\/05\/TOTOF-et-le-Grd-Orchestre.jpg 415w, https:\/\/ritmy.fr\/essais\/wp-content\/uploads\/2016\/05\/TOTOF-et-le-Grd-Orchestre-140x140.jpg 140w, https:\/\/ritmy.fr\/essais\/wp-content\/uploads\/2016\/05\/TOTOF-et-le-Grd-Orchestre-300x300.jpg 300w\" sizes=\"auto, (max-width: 360px) 100vw, 360px\" \/><\/p>\n<h5><span style=\"color: #333399;\"><strong>&lsquo;TOTOF et le Grand Orchestre&rsquo;<\/strong>\u00a0<\/span>est compos\u00e9 des \u00a0compositeurs, arrangeurs, multi-instrumentistes\u00a0<span style=\"color: #333399;\"><strong>Christophe BARDON<\/strong><\/span>\u00a0(guitare, banjos 4 et 5 cordes, dobro, mandoline, ukul\u00e9l\u00e9, violon&#8230;) et\u00a0<span style=\"color: #333399;\"><strong>St\u00e9phane ARBON<\/strong>\u00a0<\/span>(contrebasse, basse, guitare et ukul\u00e9l\u00e9).<\/h5>\n<h5>Ils nous offriront un\u00a0<strong>spectacle familial<\/strong>, pour les<strong>\u00a0<\/strong>enfants \u00e0 partir de 4 ans,\u00a0<em>\u00ab\u00a0<strong>Des cordes comme s\u2019il en pleuvait\u00a0\u00bb<\/strong>, qui est\u00a0<\/em>une d\u00e9couverte des instruments \u00e0 cordes<\/h5>\n<h5>Il se d\u00e9roule en interaction au travers de\u00a0<strong>chansons pour enfants<\/strong>\u00a0constituant une histoire, <strong>pleine\u00a0d\u2019humour<\/strong>, o\u00f9 le public d\u00e9couvre au fur et \u00e0 mesure les multiples instruments \u00e0 cordes.<\/h5>\n<h5><strong>Un go\u00fbter sera offert \u00e0 l&rsquo;issue du spectacle.<\/strong><\/h5>\n<h5><span style=\"color: #333333;\"><span style=\"color: #333399;\"><strong>\u2018TOTOF et le Grand Orchestre\u2019<\/strong><\/span>\u00a0a obtenu en 2015 le<strong> \u201cCoup de c\u0153ur\u201d de l\u2019Acad\u00e9mie Charles Cros<\/strong> pour son disque\u00a0<em>\u00abDes amis comme s\u2019il en pleuvait\u00a0\u00bb<\/em>.<\/span><\/h5>\n<h5><em>Ce spectacle b\u00e9n\u00e9ficie d&rsquo;une\u00a0<strong>tarification sp\u00e9ciale<\/strong>\u00a0: la place pour un enfant est de 13\u20ac, et il peut inviter gratuitement un adulte. Pour un adulte suppl\u00e9mentaire, c&rsquo;est aussi 13\u20ac. \u00a0Les r\u00e9servations sont souhait\u00e9es.<\/em><\/h5>\n<h4><span style=\"color: #333399;\"><strong>De la bonne humeur, en musique\u2026 et en famille !<\/strong><\/span><\/h4>\n<h3 style=\"text-align: center;\"><span style=\"color: #333333;\"><strong>***************************************<\/strong><\/span><\/h3>\n<h3 style=\"text-align: justify;\"><span style=\"color: #ff0000;\"><strong>Vous pouvez le constater, le programme des 27\u00b0 Saisons Musicales RITMY associe \u00e0 nouveau artistes confirm\u00e9s, voire tr\u00e8s confirm\u00e9s, et jeunes talents en pleine ascension, et toujours une vari\u00e9t\u00e9 de styles et \u00e9poques musicales !<\/strong><\/span><\/h3>\n<h4 style=\"text-align: justify;\"><strong><span style=\"color: #ff0000;\">Nous esp\u00e9rons que ce programme, que l&rsquo;on veut toujours tr\u00e8s ambitieux, vous comblera, vous apportera de nombreuses \u00e9motions musicales, de belles d\u00e9couvertes, avec tous ces artistes et musiques de grande qualit\u00e9, comme ce fut le cas\u00a0lors<\/span><span style=\"color: #ff0000;\">\u00a0des\u00a0Saisons Musicales pr\u00e9c\u00e9dentes.<\/span><\/strong><\/h4>\n<h4 style=\"text-align: justify;\"><span style=\"color: #ff0000;\"><strong>Des articles, avec plus de d\u00e9tails sur chaque concert, artistes, compositeurs&#8230; seront r\u00e9guli\u00e8rement mis en ligne sur notre site.<\/strong><\/span><\/h4>\n<h4 style=\"text-align: left;\"><span style=\"color: #ff0000;\"><strong><span style=\"text-decoration: underline;\">Donc un conseil, rendez-nous visite r\u00e9guli\u00e8rement<\/span>\u00a0durant les prochaines semaines, et tout au long de ces 27i\u00e8mes Saisons Musicales RITMY !<\/strong><\/span><\/h4>\n<h3><span style=\"text-decoration: underline; color: #333399;\"><strong>R\u00e9servez d\u00e8s maintenant les dates dans votre agenda !\u00a0<\/strong><\/span><\/h3>\n<h3><strong><span style=\"color: #333399;\">Les\u00a0<span style=\"text-decoration: underline;\">RESERVATIONS<\/span>\u00a0sont d\u00e8s maintenant ouvertes dans notre site : pour\u00a0cela \u00a0aller dans la rubrique\u00a0<\/span><span style=\"color: #3366ff;\"><a style=\"color: #3366ff;\" href=\"https:\/\/ritmy.fr\/essais\/?page_id=138\" target=\"_blank\"><span style=\"text-decoration: underline;\"><em>&lsquo;RESERVER&rsquo;.<\/em><\/span><\/a><\/span><\/strong><strong><br \/>\n<\/strong><\/h3>\n<h3 style=\"text-align: justify;\"><strong><span style=\"color: #333399;\">Mais les formules d&rsquo;<span style=\"text-decoration: underline;\">abonnements<\/span>\u00a0(\u00e0 partir de 3 concerts) sont bien s\u00fbr \u00e0 privil\u00e9gier, pour b\u00e9n\u00e9ficier d&rsquo;une tarification tr\u00e8s\u00a0int\u00e9ressante, de places r\u00e9serv\u00e9es aux abonn\u00e9s lors des concerts, et aussi d&rsquo;autres avantages que vous pourrez d\u00e9couvrir dans la page\u00a0<a href=\"https:\/\/ritmy.fr\/essais\/reserver\/vos-abonnements\/\" target=\"_blank\"><span style=\"text-decoration: underline; color: #3366ff;\"><em>&lsquo;Vos Abonnements&rsquo;<\/em><\/span><\/a>.<\/span><\/strong><\/h3>\n<h2><em><span style=\"color: #ff0000;\"><strong>A bient\u00f4t lors de nos concerts !<\/strong><\/span><\/em><\/h2>\n<p>&nbsp;<\/p>\n","protected":false},"excerpt":{"rendered":"<p>D\u00e9couvrez le programme des concerts 2016-2017, qui a \u00e9t\u00e9\u00a0d\u00e9voil\u00e9 lors de l&rsquo;Assembl\u00e9e G\u00e9n\u00e9rale RITMY, le 14 juin 2016 \u00e0 M\u00e9r\u00e9. Comme pour nos pr\u00e9c\u00e9dentes Saisons Musicales, nous vous avons pr\u00e9par\u00e9 une programmation de haut niveau, alliant\u00a0qualit\u00e9 et vari\u00e9t\u00e9, qui, nous l&rsquo;esp\u00e9rons,\u00a0ravira les fid\u00e8les de Ritmy et tous les m\u00e9lomanes de notre r\u00e9gion. Nous avons en &hellip; <\/p>\n<p><a class=\"more-link btn\" href=\"https:\/\/ritmy.fr\/essais\/les-27iemes-saisons-musicales\/\">Lire la suite<\/a><\/p>\n","protected":false},"author":3,"featured_media":0,"comment_status":"closed","ping_status":"closed","sticky":false,"template":"","format":"standard","meta":{"footnotes":""},"categories":[3,4,5,1],"tags":[184,178,122,220,82,224,227,228,42,225,114,223,12,221,226,22,156,236,222,229,90,235,131,199,237],"class_list":["post-14333","post","type-post","status-publish","format-standard","hentry","category-les-oeuvres","category-concerts","category-dans-les-yvelines","category-ritmy","tag-a-cappella","tag-accordeon","tag-adam","tag-deshayes","tag-enhco","tag-esprits","tag-harpe","tag-harpian","tag-jazz","tag-laferriere","tag-laloum","tag-margain","tag-piano","tag-pidoux","tag-plancade","tag-quatuor","tag-rondeau","tag-rossini","tag-soulard","tag-spiritango","tag-tango","tag-totof","tag-trio","tag-violoncelle","tag-yang","nodate","item-wrap"],"_links":{"self":[{"href":"https:\/\/ritmy.fr\/essais\/wp-json\/wp\/v2\/posts\/14333","targetHints":{"allow":["GET"]}}],"collection":[{"href":"https:\/\/ritmy.fr\/essais\/wp-json\/wp\/v2\/posts"}],"about":[{"href":"https:\/\/ritmy.fr\/essais\/wp-json\/wp\/v2\/types\/post"}],"author":[{"embeddable":true,"href":"https:\/\/ritmy.fr\/essais\/wp-json\/wp\/v2\/users\/3"}],"replies":[{"embeddable":true,"href":"https:\/\/ritmy.fr\/essais\/wp-json\/wp\/v2\/comments?post=14333"}],"version-history":[{"count":46,"href":"https:\/\/ritmy.fr\/essais\/wp-json\/wp\/v2\/posts\/14333\/revisions"}],"predecessor-version":[{"id":15717,"href":"https:\/\/ritmy.fr\/essais\/wp-json\/wp\/v2\/posts\/14333\/revisions\/15717"}],"wp:attachment":[{"href":"https:\/\/ritmy.fr\/essais\/wp-json\/wp\/v2\/media?parent=14333"}],"wp:term":[{"taxonomy":"category","embeddable":true,"href":"https:\/\/ritmy.fr\/essais\/wp-json\/wp\/v2\/categories?post=14333"},{"taxonomy":"post_tag","embeddable":true,"href":"https:\/\/ritmy.fr\/essais\/wp-json\/wp\/v2\/tags?post=14333"}],"curies":[{"name":"wp","href":"https:\/\/api.w.org\/{rel}","templated":true}]}}