{"id":14216,"date":"2016-06-01T09:20:27","date_gmt":"2016-06-01T08:20:27","guid":{"rendered":"http:\/\/ritmy.fr\/essais\/?p=14216"},"modified":"2017-01-14T14:19:03","modified_gmt":"2017-01-14T13:19:03","slug":"varduhi-yeritsyan-en-concert","status":"publish","type":"post","link":"https:\/\/ritmy.fr\/essais\/varduhi-yeritsyan-en-concert\/","title":{"rendered":"Varduhi YERITSYAN en concert \u00e0 Saint-Maur, les 11 et 12 juin 2016"},"content":{"rendered":"<h1 style=\"text-align: center;\"><strong><span style=\"color: #333399;\">Varduhi YERITSYAN, qui nous a enchant\u00e9<\/span><\/strong><strong><span style=\"color: #333399;\">\u00a0le 21 mai dernier,<\/span><\/strong><\/h1>\n<h1 style=\"text-align: center;\"><strong><span style=\"color: #333399;\"> lors du &lsquo;concert priv\u00e9&rsquo; r\u00e9serv\u00e9 aux Amis et abonn\u00e9s de RITMY,<\/span><\/strong><\/h1>\n<h2 style=\"text-align: center;\"><span style=\"text-decoration: underline; color: #ff0000;\"><strong>sera en concert les 11 et 12 juin 2016 \u00e0 l&rsquo;\u00e9glise St-Hilaire de Saint-Maur.<\/strong><\/span><\/h2>\n<p>&nbsp;<\/p>\n<h4><img loading=\"lazy\" decoding=\"async\" class=\"wp-image-14224 alignleft\" src=\"https:\/\/ritmy.fr\/essais\/wp-content\/uploads\/2016\/06\/Varduhi-5.jpg\" alt=\"Varduhi 5\" width=\"179\" height=\"300\" srcset=\"https:\/\/ritmy.fr\/essais\/wp-content\/uploads\/2016\/06\/Varduhi-5.jpg 1021w, https:\/\/ritmy.fr\/essais\/wp-content\/uploads\/2016\/06\/Varduhi-5-179x300.jpg 179w, https:\/\/ritmy.fr\/essais\/wp-content\/uploads\/2016\/06\/Varduhi-5-768x1290.jpg 768w, https:\/\/ritmy.fr\/essais\/wp-content\/uploads\/2016\/06\/Varduhi-5-595x1000.jpg 595w\" sizes=\"auto, (max-width: 179px) 100vw, 179px\" \/><\/h4>\n<h4><span style=\"color: #333399;\"><strong>La jeune pianiste, maintenant bien connue des fid\u00e8les de Ritmy (<em>voir l&rsquo;article sur sa magnifique prestation du 21 mai<\/em> <a href=\"https:\/\/ritmy.fr\/essais\/ritmy-concert-21-mai\/\" target=\"_blank\"><span style=\"text-decoration: underline;\"><em>ICI<\/em><\/span><\/a>), se produira en trio et en duo, avec des amis musiciens, les samedi 11 et dimanche 12 juin prochains.<\/strong><\/span><\/h4>\n<h4><span style=\"color: #333399;\"><strong>Les deux concerts se d\u00e9rouleront\u00a0dans l&rsquo;\u00e9glise Saint-Hilaire de Saint-Maur (94).<\/strong><\/span><\/h4>\n<h4><span style=\"text-decoration: underline;\"><span style=\"color: #333399;\"><strong>Un tr\u00e8s beau programme, d&rsquo;abord en trio violon, violoncelle et piano, puis en piano \u00e0 4 mains avec son complice Paul Lay (pianiste et compositeur de jazz, Grand Prix Django Reinhard 2016).<\/strong><\/span><\/span><\/h4>\n<h3><span style=\"color: #ff0000;\"><strong>Un magnifique moment de musique avec de jeunes et talentueux musiciens, n&rsquo;h\u00e9sitez pas !<\/strong><\/span><\/h3>\n<p>&nbsp;<\/p>\n<h4><span style=\"color: #993300;\"><strong>Vous trouverez tous les d\u00e9tails sur\u00a0cette affiche.<\/strong><\/span><\/h4>\n<p>&nbsp;<\/p>\n<p><img loading=\"lazy\" decoding=\"async\" class=\"wp-image-14220 aligncenter\" src=\"https:\/\/ritmy.fr\/essais\/wp-content\/uploads\/2016\/06\/AFFICHE-VARDUHI-A3-PDF-reduit-2.jpeg\" alt=\"AFFICHE VARDUHI A3 PDF reduit 2\" width=\"497\" height=\"700\" srcset=\"https:\/\/ritmy.fr\/essais\/wp-content\/uploads\/2016\/06\/AFFICHE-VARDUHI-A3-PDF-reduit-2.jpeg 1000w, https:\/\/ritmy.fr\/essais\/wp-content\/uploads\/2016\/06\/AFFICHE-VARDUHI-A3-PDF-reduit-2-213x300.jpeg 213w, https:\/\/ritmy.fr\/essais\/wp-content\/uploads\/2016\/06\/AFFICHE-VARDUHI-A3-PDF-reduit-2-768x1081.jpeg 768w, https:\/\/ritmy.fr\/essais\/wp-content\/uploads\/2016\/06\/AFFICHE-VARDUHI-A3-PDF-reduit-2-710x1000.jpeg 710w\" sizes=\"auto, (max-width: 497px) 100vw, 497px\" \/><\/p>\n<p>&nbsp;<\/p>\n<p>&nbsp;<\/p>\n","protected":false},"excerpt":{"rendered":"<p>Varduhi YERITSYAN, qui nous a enchant\u00e9\u00a0le 21 mai dernier, lors du &lsquo;concert priv\u00e9&rsquo; r\u00e9serv\u00e9 aux Amis et abonn\u00e9s de RITMY, sera en concert les 11 et 12 juin 2016 \u00e0 l&rsquo;\u00e9glise St-Hilaire de Saint-Maur. &nbsp; La jeune pianiste, maintenant bien connue des fid\u00e8les de Ritmy (voir l&rsquo;article sur sa magnifique prestation du 21 mai ICI), &hellip; <\/p>\n<p><a class=\"more-link btn\" href=\"https:\/\/ritmy.fr\/essais\/varduhi-yeritsyan-en-concert\/\">Lire la suite<\/a><\/p>\n","protected":false},"author":3,"featured_media":0,"comment_status":"closed","ping_status":"closed","sticky":false,"template":"","format":"standard","meta":{"footnotes":""},"categories":[3,4,6,1],"tags":[12,230,193],"class_list":["post-14216","post","type-post","status-publish","format-standard","hentry","category-les-oeuvres","category-concerts","category-les-musiciens","category-ritmy","tag-piano","tag-varduhi","tag-yeritsyan","nodate","item-wrap"],"_links":{"self":[{"href":"https:\/\/ritmy.fr\/essais\/wp-json\/wp\/v2\/posts\/14216","targetHints":{"allow":["GET"]}}],"collection":[{"href":"https:\/\/ritmy.fr\/essais\/wp-json\/wp\/v2\/posts"}],"about":[{"href":"https:\/\/ritmy.fr\/essais\/wp-json\/wp\/v2\/types\/post"}],"author":[{"embeddable":true,"href":"https:\/\/ritmy.fr\/essais\/wp-json\/wp\/v2\/users\/3"}],"replies":[{"embeddable":true,"href":"https:\/\/ritmy.fr\/essais\/wp-json\/wp\/v2\/comments?post=14216"}],"version-history":[{"count":18,"href":"https:\/\/ritmy.fr\/essais\/wp-json\/wp\/v2\/posts\/14216\/revisions"}],"predecessor-version":[{"id":14293,"href":"https:\/\/ritmy.fr\/essais\/wp-json\/wp\/v2\/posts\/14216\/revisions\/14293"}],"wp:attachment":[{"href":"https:\/\/ritmy.fr\/essais\/wp-json\/wp\/v2\/media?parent=14216"}],"wp:term":[{"taxonomy":"category","embeddable":true,"href":"https:\/\/ritmy.fr\/essais\/wp-json\/wp\/v2\/categories?post=14216"},{"taxonomy":"post_tag","embeddable":true,"href":"https:\/\/ritmy.fr\/essais\/wp-json\/wp\/v2\/tags?post=14216"}],"curies":[{"name":"wp","href":"https:\/\/api.w.org\/{rel}","templated":true}]}}