{"id":14097,"date":"2016-05-25T20:17:40","date_gmt":"2016-05-25T19:17:40","guid":{"rendered":"http:\/\/ritmy.fr\/essais\/?p=14097"},"modified":"2017-04-11T21:13:09","modified_gmt":"2017-04-11T20:13:09","slug":"ritmy-concert-21-mai","status":"publish","type":"post","link":"https:\/\/ritmy.fr\/essais\/ritmy-concert-21-mai\/","title":{"rendered":"AMIS et abonn\u00e9s de RITMY : concert intimiste le samedi 21 mai !"},"content":{"rendered":"<h1 style=\"text-align: center;\"><span style=\"color: #333399;\">C&rsquo;est \u00e0 un <b>concert priv\u00e9<\/b>\u00a0que les\u00a0<strong>AMIS et abonn\u00e9s de RITMY <\/strong>\u00e9taient convi\u00e9s,\u00a0<\/span><span style=\"color: #333399;\">ce samedi 21 mai 2016.<\/span><\/h1>\n<h3>Un\u00a0\u00e9v\u00e8nement exceptionnel, organis\u00e9 autour d&rsquo;un <strong><span style=\"color: #ff0000;\">concert de la\u00a0jeune et talentueuse pianiste\u00a0<span style=\"text-decoration: underline;\">Varduhi YERITSYAN<\/span><\/span><\/strong><span style=\"color: #333333;\">.<\/span>\u00a0Et c&rsquo;est le cadre magnifique du\u00a0<strong>Moulin de Montainville<\/strong>, pr\u00e8s de Mareil-sur-Mauldre, qui a servi d&rsquo;\u00e9crin pour cette\u00a0rencontre particuli\u00e8rement appr\u00e9ci\u00e9e de tous&#8230;<\/h3>\n<p>&nbsp;<\/p>\n<div id=\"attachment_14106\" style=\"width: 470px\" class=\"wp-caption aligncenter\"><img loading=\"lazy\" decoding=\"async\" aria-describedby=\"caption-attachment-14106\" class=\"wp-image-14106\" src=\"https:\/\/ritmy.fr\/essais\/wp-content\/uploads\/2016\/05\/IMG_7712-1000x750-V2.jpg\" alt=\"IMG_7712-1000x750 V2\" width=\"470\" height=\"352\" srcset=\"https:\/\/ritmy.fr\/essais\/wp-content\/uploads\/2016\/05\/IMG_7712-1000x750-V2.jpg 923w, https:\/\/ritmy.fr\/essais\/wp-content\/uploads\/2016\/05\/IMG_7712-1000x750-V2-300x225.jpg 300w, https:\/\/ritmy.fr\/essais\/wp-content\/uploads\/2016\/05\/IMG_7712-1000x750-V2-768x576.jpg 768w\" sizes=\"auto, (max-width: 470px) 100vw, 470px\" \/><p id=\"caption-attachment-14106\" class=\"wp-caption-text\">Varduhi YERITSYAN, tout en d\u00e9licatesse et virtuosit\u00e9 !<\/p><\/div>\n<p>&nbsp;<\/p>\n<p>N\u00e9e en Arm\u00e9nie,\u00a0<span style=\"color: #333399;\"><strong><span style=\"text-decoration: underline;\">Varduhi YERITSYAN<\/span><\/strong>\u00a0<\/span>vient en France \u00e0 20 ans, au CNSM de Paris, pour finir ses \u00e9tudes de piano\u00a0sous la direction de<strong>\u00a0Brigitte Engerer<\/strong>.<\/p>\n<p><strong>Laur\u00e9ate de la fondation Nadia et Lili Boulanger<\/strong>,\u00a0elle est nomm\u00e9e en 2007<strong>\u00a0\u00ab r\u00e9v\u00e9lation classique \u00bb de l\u2019ADAMI<\/strong>.<\/p>\n<p><span style=\"color: #333399;\"><strong>Varduhi YERITSYAN<\/strong><\/span>\u00a0joue en musique de chambre avec de\u00a0<strong>grands artistes<\/strong>\u00a0tels que le violoncelliste Henri Demarquette, les violonistes Renaud Capu\u00e7on, Hae-Sun Kang et Jean Marc Phillips Varjab\u00e9dian, le pianiste de jazz Tigran Hamasyan, et avec Brigitte Engerer.<\/p>\n<p>Elle participe \u00e0 de nombreux festivals en France (Folle journ\u00e9e de Nantes, la Roque d\u2019Anth\u00e9ron, Piano aux Jacobins&#8230;) et \u00e0 l\u2019\u00e9tranger, et joue dans des\u00a0<strong>salles prestigieuses<\/strong>\u00a0telles que le th\u00e9\u00e2tre Mogador, la salle Cortot, le Concertgebouw d\u2019Amsterdam\u2026<\/p>\n<p>Elle est professeur &#8211;\u00a0assistante de la classe de piano de Denis Pascal au CNSMDP (Conservatoire National Sup\u00e9rieur de Musique et de Danse de Paris).<\/p>\n<p>A l&rsquo;occasion du centenaire de la mort d&rsquo; <strong>Alexandre SCRIABINE<\/strong> (1872-1915), compositeur qu&rsquo;elle v\u00e9n\u00e8re particuli\u00e8rement, <strong>Varduhi<\/strong> <strong>a enregistr\u00e9 en 2015<\/strong> <strong>l&rsquo;int\u00e9grale de ses 10 sonates pour piano<\/strong>, disque qui a re\u00e7u de tr\u00e8s bonnes critiques de la part des m\u00e9dias.<\/p>\n<p>Elle a \u00e9galement enregistr\u00e9 en 2015, avec des amis musiciens, un disque consacr\u00e9 \u00e0 <strong>deux grands compositeurs arm\u00e9niens<\/strong>, Komitas VARDAPET et Aram\u00a0KATCHATURIAN, faisant suite \u00e0 celui d\u00e9di\u00e9 \u00e0 Serge PROKOFIEV sorti en 2011, et son tout 1er en 2009 (Collection jeunes solistes).<\/p>\n<h5><span style=\"color: #333399;\"><strong>Varduhi<\/strong><\/span> <strong>nous a interpr\u00e9t\u00e9 un <span style=\"text-decoration: underline;\">programme vari\u00e9<\/span>, qu&rsquo;elle a pr\u00e9sent\u00e9 et comment\u00e9 avec beaucoup de passion :<\/strong><\/h5>\n<ul>\n<li>Piotr-Ilitch TCHA\u00cfKOVSKI (Les Saisons), Serge\u00a0RACHMANINOV (Morceaux de Fantaisie), Alexandre SCRIABINE (Po\u00e8me &lsquo;Vers La Flamme&rsquo;, Feuillet d\u2019Album, 2 Po\u00e8mes, Sonate No 4), Maurice RAVEL (Pr\u00e9lude, Jeux d&rsquo;eau), Claude DEBUSSY (Au clair de lune, l&rsquo;Isle joyeuse), et Aram KATCHATURIAN\u00a0(Danse du sabre) en bis.<\/li>\n<\/ul>\n<h5>Elle aime beaucoup les compositeurs russes, en particulier <strong>Scriabine<\/strong> (elle est &lsquo;addict&rsquo; nous a-t&rsquo;elle dit !), mais joue merveilleusement bien aussi les oeuvres des compositeurs fran\u00e7ais comme <strong>Ravel<\/strong> et <strong>Debussy<\/strong>.<\/h5>\n<h5><strong>Le public, enthousiaste, a \u00e9t\u00e9\u00a0v\u00e9ritablement conquis par le jeu tout en nuances de\u00a0<span style=\"color: #333399;\">Varduhi YERITSYAN<\/span>, son programme, et la\u00a0proximit\u00e9 et simplicit\u00e9 de l&rsquo;artiste.<\/strong><\/h5>\n<p>&nbsp;<\/p>\n<p><img loading=\"lazy\" decoding=\"async\" class=\"alignleft wp-image-14108\" src=\"https:\/\/ritmy.fr\/essais\/wp-content\/uploads\/2016\/05\/Varduhi-3.jpg\" alt=\"Varduhi 3\" width=\"249\" height=\"380\" srcset=\"https:\/\/ritmy.fr\/essais\/wp-content\/uploads\/2016\/05\/Varduhi-3.jpg 1728w, https:\/\/ritmy.fr\/essais\/wp-content\/uploads\/2016\/05\/Varduhi-3-196x300.jpg 196w, https:\/\/ritmy.fr\/essais\/wp-content\/uploads\/2016\/05\/Varduhi-3-768x1173.jpg 768w, https:\/\/ritmy.fr\/essais\/wp-content\/uploads\/2016\/05\/Varduhi-3-655x1000.jpg 655w\" sizes=\"auto, (max-width: 249px) 100vw, 249px\" \/><\/p>\n<p>&nbsp;<\/p>\n<p>&nbsp;<\/p>\n<p><img loading=\"lazy\" decoding=\"async\" class=\"aligncenter wp-image-14109\" src=\"https:\/\/ritmy.fr\/essais\/wp-content\/uploads\/2016\/05\/FullSizeRender-copie-3.jpg\" alt=\"FullSizeRender copie 3\" width=\"366\" height=\"272\" srcset=\"https:\/\/ritmy.fr\/essais\/wp-content\/uploads\/2016\/05\/FullSizeRender-copie-3.jpg 632w, https:\/\/ritmy.fr\/essais\/wp-content\/uploads\/2016\/05\/FullSizeRender-copie-3-300x223.jpg 300w\" sizes=\"auto, (max-width: 366px) 100vw, 366px\" \/><\/p>\n<p>&nbsp;<\/p>\n<p>&nbsp;<\/p>\n<h5>C&rsquo;\u00e9tait aussi une occasion de rappeler que <span style=\"color: #333399;\"><strong>RITMY<\/strong><\/span>, depuis 26 ans,\u00a0 poursuit sa mission :\u00a0<strong>apporter au plus pr\u00e8s de nos villages l&rsquo;\u00e9coute d&rsquo;oeuvres musicales par des interpr\u00e8tes talentueux et d\u00e9j\u00e0 confirm\u00e9s<\/strong>\u00a0sur les sc\u00e8nes fran\u00e7aises et internationales, et que cela ne peut se faire sans la\u00a0<strong>pr\u00e9sence d&rsquo;un public fid\u00e8le.<\/strong><br \/>\nL&rsquo;enthousiasme qui se r\u00e9v\u00e8le, concert apr\u00e8s concert, encourage bien s\u00fbr toute l&rsquo;\u00e9quipe de b\u00e9n\u00e9voles \u00e0 continuer dans cette voie.<\/h5>\n<h5>Les <span style=\"color: #333399;\">\u00ab\u00a0<strong>AMIS de RITMY<\/strong>\u00ab\u00a0<\/span> contribuent \u00e0 diffuser les informations sur nos rendez-vous, et le \u00ab\u00a0bouche \u00e0 oreille\u00a0\u00bb fonctionne bien.\u00a0Cette derni\u00e8re ann\u00e9e, les efforts port\u00e9s sur la <strong>communication<\/strong> ont \u00e9t\u00e9 particuli\u00e8rement positifs, gr\u00e2ce \u00e0 la participation de chacun.<\/h5>\n<div id=\"attachment_14110\" style=\"width: 250px\" class=\"wp-caption alignleft\"><img loading=\"lazy\" decoding=\"async\" aria-describedby=\"caption-attachment-14110\" class=\"wp-image-14110\" src=\"https:\/\/ritmy.fr\/essais\/wp-content\/uploads\/2016\/05\/FullSizeRender-copie-4.jpg\" alt=\"FullSizeRender copie 4\" width=\"250\" height=\"400\" srcset=\"https:\/\/ritmy.fr\/essais\/wp-content\/uploads\/2016\/05\/FullSizeRender-copie-4.jpg 469w, https:\/\/ritmy.fr\/essais\/wp-content\/uploads\/2016\/05\/FullSizeRender-copie-4-188x300.jpg 188w\" sizes=\"auto, (max-width: 250px) 100vw, 250px\" \/><p id=\"caption-attachment-14110\" class=\"wp-caption-text\">Luc URBAIN, d\u00e9voile le programme de la prochaine Saisons Musicales RITMY<\/p><\/div>\n<p>&nbsp;<\/p>\n<p>&nbsp;<\/p>\n<p>&nbsp;<\/p>\n<h5>Au cours de ce samedi apr\u00e8s-midi festif, <span style=\"color: #333399;\"><strong>Luc URBAIN<\/strong><\/span>, notre vice-pr\u00e9sident en charge de la direction artistique,<strong>\u00a0<\/strong>a lev\u00e9 le voile sur\u00a0le <span style=\"text-decoration: underline;\"><strong><span style=\"color: #333399; text-decoration: underline;\">programme des \u00ab\u00a027\u00e8mes Saisons Musicales\u00a0\u00bb<\/span>.<\/strong><\/span><\/h5>\n<h5>Il nous a r\u00e9v\u00e9l\u00e9 ainsi, <strong>en avant-premi\u00e8re<\/strong>, lieux, dates et artistes qui, \u00e0 partir d&rsquo;octobre 2016, feront le bonheur de tous ceux et celles qui savent d\u00e9j\u00e0, s&rsquo;il en \u00e9tait besoin, que\u00a0<strong>RITMY propose, ann\u00e9e apr\u00e8s ann\u00e9e, des ensembles et des musiciens de grand talent,<\/strong>\u00a0tr\u00e8s sollicit\u00e9s sur les plus grandes sc\u00e8nes d&rsquo;Europe, entre autres lieux&#8230;<\/h5>\n<h5><\/h5>\n<h5>Un <strong>cocktail<\/strong> a suivi le concert, dans la bonne humeur, ce qui a permis \u00e0 tous d&rsquo;\u00e9changer, avec l&rsquo;<span style=\"color: #333399;\"><strong>\u00e9quipe RITMY,<\/strong><\/span> et avec <span style=\"color: #333399;\"><strong>Varduhi YERITSYAN<\/strong><\/span>.<\/h5>\n<p>&nbsp;<\/p>\n<p>&nbsp;<\/p>\n<p>&nbsp;<\/p>\n<p>&nbsp;<\/p>\n<h5><span style=\"color: #333399;\">Pour ceux et celles qui n&rsquo;ont pas eu l&rsquo;opportunit\u00e9 d&rsquo;\u00eatre pr\u00e9sents ce samedi au Moulin de Montainville,\u00a0<strong>rendez-vous est donn\u00e9 pour d\u00e9couvrir cette nouvelle programmation, \u00e0 notre Assembl\u00e9e G\u00e9n\u00e9rale, le mardi 14 juin \u00e0 20h., \u00e0 la mairie de M\u00e9r\u00e9.<\/strong><\/span><\/h5>\n<h5><span style=\"color: #333399;\"><strong>Vous pourrez aussi retrouver les d\u00e9tails du programme des <span style=\"text-decoration: underline;\">27i\u00e8me Saisons Musicales 2016-2017,<\/span>\u00a0ici, dans\u00a0notre <span style=\"text-decoration: underline;\">site internet<\/span> (\u00e0 partir de mi- juin).<\/strong><\/span><\/h5>\n<h4><em><strong><span style=\"color: #333399;\">Programme avec de tr\u00e8s belles t\u00eates d&rsquo;affiche,\u00a0encore\u00a0beaucoup de jeunes talents, des concerts vari\u00e9s et de grande qualit\u00e9&#8230;\u00a0qui nous l&rsquo;esp\u00e9rons, nous donnera l&rsquo;occasion\u00a0de vous retrouver lors de<\/span><\/strong><strong><span style=\"color: #333399;\">\u00a0nos prochains concerts des <\/span><span style=\"color: #333399;\">27i\u00e8mes S<\/span><\/strong><span style=\"color: #333399;\"><strong>aisons Musicales !<\/strong><\/span><\/em><\/h4>\n<h5 style=\"text-align: center;\"><strong>**************<\/strong><\/h5>\n<h5><strong><span style=\"color: #008000;\">Si vous souhaitez mieux conna\u00eetre\u00a0<span style=\"text-decoration: underline;\">Varduhi YERITSYAN<\/span>, n&rsquo;h\u00e9sitez\u00a0pas \u00e0\u00a0consulter son site internet :\u00a0<\/span><span style=\"text-decoration: underline;\"><em><a href=\"http:\/\/www.varduhiyeritsyan.fr\">http:\/\/www.varduhiyeritsyan.fr<\/a><\/em><\/span><\/strong><\/h5>\n<h5><span style=\"color: #008000;\"><strong>Elle sera en concert, les 11 et 12 juin 2016 \u00e0 Saint-Maur (94) : voir les informations\u00a0<a href=\"https:\/\/ritmy.fr\/essais\/varduhi-yeritsyan-en-concert\/\" target=\"_blank\"><em><span style=\"text-decoration: underline;\"><span style=\"color: #0000ff; text-decoration: underline;\">ICI<\/span><\/span><\/em><\/a><\/strong><\/span><\/h5>\n<h5><span style=\"color: #008000;\"><strong>Et pour prolonger notre plaisir, voici 2 vid\u00e9os r\u00e9alis\u00e9es \u00e0 l&rsquo;occasion de la sortie de ses 2 derniers disques, en 2015, qu&rsquo;elle pr\u00e9sente :<\/strong><\/span><\/h5>\n<ul>\n<li>\n<h5><span style=\"color: #008000;\"><em><strong>pour l&rsquo;int\u00e9grale des 10 sonates pour piano d&rsquo;Alexandre Scriabine<\/strong><\/em><\/span><\/h5>\n<\/li>\n<\/ul>\n<p>&nbsp;<\/p>\n<p><iframe loading=\"lazy\" src=\"https:\/\/www.youtube.com\/embed\/lWTc8952D9E?rel=0\" width=\"560\" height=\"315\" frameborder=\"0\" allowfullscreen=\"allowfullscreen\"><\/iframe><\/p>\n<ul>\n<li>\n<h5><span style=\"color: #008000;\"><strong><em>pour un hommage aux deux principaux compositeurs arm\u00e9niens\u00a0&lsquo;Letters from Armenia&rsquo;<\/em><\/strong><\/span><\/h5>\n<\/li>\n<\/ul>\n<p>&nbsp;<\/p>\n<p><iframe loading=\"lazy\" src=\"https:\/\/www.youtube.com\/embed\/zZt66qH33U0?rel=0\" width=\"560\" height=\"315\" frameborder=\"0\" allowfullscreen=\"allowfullscreen\"><\/iframe><\/p>\n<p>&nbsp;<\/p>\n<p>&nbsp;<\/p>\n","protected":false},"excerpt":{"rendered":"<p>C&rsquo;est \u00e0 un concert priv\u00e9\u00a0que les\u00a0AMIS et abonn\u00e9s de RITMY \u00e9taient convi\u00e9s,\u00a0ce samedi 21 mai 2016. Un\u00a0\u00e9v\u00e8nement exceptionnel, organis\u00e9 autour d&rsquo;un concert de la\u00a0jeune et talentueuse pianiste\u00a0Varduhi YERITSYAN.\u00a0Et c&rsquo;est le cadre magnifique du\u00a0Moulin de Montainville, pr\u00e8s de Mareil-sur-Mauldre, qui a servi d&rsquo;\u00e9crin pour cette\u00a0rencontre particuli\u00e8rement appr\u00e9ci\u00e9e de tous&#8230; &nbsp; &nbsp; N\u00e9e en Arm\u00e9nie,\u00a0Varduhi YERITSYAN\u00a0vient en &hellip; <\/p>\n<p><a class=\"more-link btn\" href=\"https:\/\/ritmy.fr\/essais\/ritmy-concert-21-mai\/\">Lire la suite<\/a><\/p>\n","protected":false},"author":3,"featured_media":0,"comment_status":"closed","ping_status":"closed","sticky":false,"template":"","format":"standard","meta":{"footnotes":""},"categories":[3,6,7,1],"tags":[231,233,234,12,232,230,193],"class_list":["post-14097","post","type-post","status-publish","format-standard","hentry","category-les-oeuvres","category-les-musiciens","category-manifestations","category-ritmy","tag-amis","tag-armenie","tag-katchaturian","tag-piano","tag-scriabine","tag-varduhi","tag-yeritsyan","nodate","item-wrap"],"_links":{"self":[{"href":"https:\/\/ritmy.fr\/essais\/wp-json\/wp\/v2\/posts\/14097","targetHints":{"allow":["GET"]}}],"collection":[{"href":"https:\/\/ritmy.fr\/essais\/wp-json\/wp\/v2\/posts"}],"about":[{"href":"https:\/\/ritmy.fr\/essais\/wp-json\/wp\/v2\/types\/post"}],"author":[{"embeddable":true,"href":"https:\/\/ritmy.fr\/essais\/wp-json\/wp\/v2\/users\/3"}],"replies":[{"embeddable":true,"href":"https:\/\/ritmy.fr\/essais\/wp-json\/wp\/v2\/comments?post=14097"}],"version-history":[{"count":58,"href":"https:\/\/ritmy.fr\/essais\/wp-json\/wp\/v2\/posts\/14097\/revisions"}],"predecessor-version":[{"id":14233,"href":"https:\/\/ritmy.fr\/essais\/wp-json\/wp\/v2\/posts\/14097\/revisions\/14233"}],"wp:attachment":[{"href":"https:\/\/ritmy.fr\/essais\/wp-json\/wp\/v2\/media?parent=14097"}],"wp:term":[{"taxonomy":"category","embeddable":true,"href":"https:\/\/ritmy.fr\/essais\/wp-json\/wp\/v2\/categories?post=14097"},{"taxonomy":"post_tag","embeddable":true,"href":"https:\/\/ritmy.fr\/essais\/wp-json\/wp\/v2\/tags?post=14097"}],"curies":[{"name":"wp","href":"https:\/\/api.w.org\/{rel}","templated":true}]}}