{"id":13416,"date":"2015-12-12T16:00:28","date_gmt":"2015-12-12T15:00:28","guid":{"rendered":"http:\/\/ritmy.fr\/essais\/?p=13416"},"modified":"2016-04-11T09:02:51","modified_gmt":"2016-04-11T08:02:51","slug":"26-saisons-musicales-les-concerts-2016","status":"publish","type":"post","link":"https:\/\/ritmy.fr\/essais\/26-saisons-musicales-les-concerts-2016\/","title":{"rendered":"26\u00b0 Saisons Musicales, les concerts 2016&#8230;"},"content":{"rendered":"<h2 style=\"text-align: center;\"><span style=\"color: #333399;\"><strong>Les 26\u00b0Saisons Musicales RITMY 2015-2015 sont en cours,<\/strong><\/span><\/h2>\n<h2 style=\"text-align: center;\"><span style=\"color: #333399;\"><strong>et nous souhaitons vous rappeler les concerts 2016.<\/strong><\/span><\/h2>\n<h3><span style=\"color: #ff0000;\"><strong>Le programme des 26\u00b0 Saisons Musicales RITMY, qui ont d\u00e9but\u00e9 en octobre 2015, associe jeunes talents en pleine ascension et artistes plus confirm\u00e9s, et toujours une vari\u00e9t\u00e9 de styles et \u00e9poques musicales.<\/strong><\/span><\/h3>\n<h4><span style=\"color: #ff0000;\"><strong>Nous esp\u00e9rons que la suite de notre programmation vous comblera, vous apportera beaucoup d&rsquo;\u00e9motions musicales avec tous ces artistes et musiques de qualit\u00e9, \u00e0 d\u00e9couvrir.<\/strong><\/span><\/h4>\n<h3><em><span style=\"color: #ff0000;\"><strong>Voici nos prochains concerts.<\/strong><\/span><\/em><\/h3>\n<p>&nbsp;<\/p>\n<h3>\u00a0<span style=\"text-decoration: underline; color: #000080;\"><strong>Les \u00ab\u00a0TROMANO\u00a0\u00bb<\/strong><\/span><\/h3>\n<h4><span style=\"color: #000080;\"><strong>\u00e0 ORGERUS, le Dimanche 17 janvier 2016 \u00e0 17h., Salle du Pr\u00e9 Romain<\/strong><\/span><\/h4>\n<h4><span style=\"text-decoration: underline;\"><span style=\"color: #333399; text-decoration: underline;\"><strong>Trio original<\/strong><\/span><\/span>\u00a0compos\u00e9 d&rsquo;un<strong><span style=\"color: #333399;\">\u00a0violon<\/span>,\u00a0<\/strong>une<strong><span style=\"color: #333399;\">\u00a0contrebasse,<\/span>\u00a0<\/strong>et un<strong><span style=\"color: #333399;\">\u00a0accord\u00e9on.<\/span><\/strong><\/h4>\n<p>&nbsp;<\/p>\n<div id=\"attachment_13438\" style=\"width: 440px\" class=\"wp-caption alignright\"><a href=\"https:\/\/ritmy.fr\/essais\/wp-content\/uploads\/2015\/12\/les_tromanos_01-recadr\u00e9.jpg\"><img loading=\"lazy\" decoding=\"async\" aria-describedby=\"caption-attachment-13438\" class=\"wp-image-13438\" src=\"https:\/\/ritmy.fr\/essais\/wp-content\/uploads\/2015\/12\/les_tromanos_01-recadr\u00e9.jpg\" alt=\"les_tromanos_01 - recadr\u00e9\" width=\"440\" height=\"248\" srcset=\"https:\/\/ritmy.fr\/essais\/wp-content\/uploads\/2015\/12\/les_tromanos_01-recadr\u00e9.jpg 635w, https:\/\/ritmy.fr\/essais\/wp-content\/uploads\/2015\/12\/les_tromanos_01-recadr\u00e9-300x169.jpg 300w\" sizes=\"auto, (max-width: 440px) 100vw, 440px\" \/><\/a><p id=\"caption-attachment-13438\" class=\"wp-caption-text\">Les TROMANO &#8211; Yorrick Troman, Daniel Troman et Yann Dubost<\/p><\/div>\n<p>&nbsp;<\/p>\n<p><span style=\"text-decoration: underline;\"><span style=\"color: #333399; text-decoration: underline;\"><b>Yorrick<\/b> <b>TROMAN<\/b><\/span><\/span><b><span style=\"color: #333399;\">, violon<\/span> <\/b>&#8211; il est aussi\u00a0<b>concertmaster<\/b><b> de l&rsquo;<em>Orchestre Symphonique de Grenade<\/em><\/b>.<\/p>\n<p><span style=\"color: #333399;\"><span style=\"text-decoration: underline;\"><b>Daniel <\/b><b>TROMAN<\/b><\/span><b>, accord\u00e9on <\/b><\/span>&#8211; dipl\u00f4m\u00e9\u00a0de violon, il se consacre \u00e0 l\u2019accord\u00e9on depuis 2007.<\/p>\n<p><span style=\"text-decoration: underline;\"><span style=\"color: #333399; text-decoration: underline;\"><b>Yann <\/b><b>DUBOST<\/b><\/span><\/span><b><span style=\"color: #333399;\">, contrebasse<\/span> <\/b>&#8211;<b> <\/b>il est\u00a0<b>contrebasse solo de l\u2019Orchestre Philharmonique de Radio France<\/b>, et<b>\u00a0<\/b>soliste de l\u2019ensemble <i>\u2018Itin\u00e9raire\u2019.<\/i><\/p>\n<p>&nbsp;<\/p>\n<p>&nbsp;<\/p>\n<p>&nbsp;<\/p>\n<p>Depuis leur cr\u00e9ation en 2007, ils abordent un <b>r\u00e9pertoire \u00e9clectique<\/b>, en r\u00e9alisant <b>leurs propres arrangements<\/b>.<\/p>\n<p>Attir\u00e9 dans un premier temps par les musiques issues de <strong>diff\u00e9rents folklores<\/strong> (musique klezmer, folklore traditionnel scandinave ou chanson fran\u00e7aise),<em> <span style=\"text-decoration: underline;\"><span style=\"color: #333399;\"><strong><a href=\"https:\/\/ritmy.fr\/essais\/les-tromano-orgerus-janv-2016\/\" target=\"_blank\">Les TROMANO<\/a><\/strong><\/span><\/span><\/em>\u00a0ont aujourd&rsquo;hui recentr\u00e9 leur projet artistique sur la <b>musique \u00e0 danser <\/b>: la valse, le tango (Piazolla), mais aussi la musique de ballet autour d\u2019\u0153uvres de Chostakovitch, Prokofiev, Stravinsky, Strauss, De Falla\u2026<\/p>\n<p>Leur 1er disque est sorti le 26 mai\u00a0dernier.<\/p>\n<p>Avec toute leur \u00e9nergie, <span style=\"color: #333399;\"><strong>Les TROMANO<\/strong><\/span> nous feront d\u00e9couvrir d&rsquo;une mani\u00e8re <strong>tr\u00e8s vivante et originale<\/strong> des &lsquo;classiques&rsquo; de la musique.<\/p>\n<p><span style=\"text-decoration: underline;\"><em>Pour son concert, le trio nous concoctera un <b>programme festif et color\u00e9<\/b>, avec des \u0153uvres de :<\/em><\/span><\/p>\n<ul>\n<li><em> D. Chostakovitch, S. Prokofiev, R.Strauss, M. De Falla, I. Stravinsky, A. Piazolla, E.Morricone, E. Piaf (\u2018Hymne \u00e0 l\u2019amour\u2019), et des airs traditionnels klezmer et norv\u00e9gien.<\/em><\/li>\n<\/ul>\n<p><em><strong>Plus d&rsquo;informations dans notre <span style=\"text-decoration: underline;\"><a href=\"https:\/\/ritmy.fr\/essais\/les-tromano-orgerus-janv-2016\/\" target=\"_blank\">ARTICLE.<\/a><\/span><\/strong><\/em><\/p>\n<p>&nbsp;<\/p>\n<hr \/>\n<h3><span style=\"text-decoration: underline; color: #000080;\"><strong>&lsquo;VIVALDI&rsquo; &#8211; ORCHESTRE DE CHAMBRE \u00ab\u00a0Nouvelle Europe\u00a0\u00bb<\/strong><\/span><\/h3>\n<h4><span style=\"color: #000080;\"><strong>\u00e0 MAREIL-SUR-MAULDRE, le dimanche 14 F\u00e9vrier 2016 \u00e0 17h.,\u00a0Eglise St-Martin<\/strong><\/span><\/h4>\n<p>&nbsp;<\/p>\n<div id=\"attachment_12348\" style=\"width: 600px\" class=\"wp-caption aligncenter\"><a href=\"https:\/\/ritmy.fr\/essais\/wp-content\/uploads\/2015\/06\/nouvelle-europe-1.jpg\"><img loading=\"lazy\" decoding=\"async\" aria-describedby=\"caption-attachment-12348\" class=\"wp-image-12348\" src=\"https:\/\/ritmy.fr\/essais\/wp-content\/uploads\/2015\/06\/nouvelle-europe-1.jpg\" alt=\"nouvelle-europe 1\" width=\"600\" height=\"205\" srcset=\"https:\/\/ritmy.fr\/essais\/wp-content\/uploads\/2015\/06\/nouvelle-europe-1.jpg 940w, https:\/\/ritmy.fr\/essais\/wp-content\/uploads\/2015\/06\/nouvelle-europe-1-300x102.jpg 300w\" sizes=\"auto, (max-width: 600px) 100vw, 600px\" \/><\/a><p id=\"caption-attachment-12348\" class=\"wp-caption-text\">Nicolas KRAUZE dirige l&rsquo;Orchestre de Chambre &lsquo;Nouvelle Europe&rsquo;<\/p><\/div>\n<h4><span style=\"color: #333399;\"><b><a href=\"https:\/\/ritmy.fr\/essais\/orchestre-nouvelle-europe-mareil-fevr-2016\/\" target=\"_blank\">L\u2019<span style=\"text-decoration: underline;\">Orchestre de Chambre &lsquo;NOUVELLE EUROPE&rsquo;<\/span><\/a>\u00a0<\/b><\/span>rassemble de <strong>jeunes solistes et chambristes europ\u00e9ens<\/strong> r\u00e9sidant en France, et qui partagent une approche musicale et une exigence technique exceptionnelles.\u00a0Les <strong>solistes<\/strong> seront <span style=\"color: #333399;\"><strong><span style=\"text-decoration: underline;\">Vinh PHAM<\/span> au violon<\/strong><\/span>, et <strong><span style=\"color: #333399;\"><span style=\"text-decoration: underline;\">Luc URBAIN<\/span> \u00e0 la fl\u00fbte<\/span><\/strong>.<\/h4>\n<p>Cr\u00e9\u00e9e en 2003 par <span style=\"color: #333399;\"><b>Nicolas <\/b><b>KRAUZE<\/b><\/span>, cette formation originale \u00e0 la fronti\u00e8re entre musique de chambre et orchestre (12 \u00e0 35 musiciens selon les programmes), s\u2019est produite plus de trois cent fois sur certaines des plus grandes sc\u00e8nes fran\u00e7aises, europ\u00e9ennes, et en Am\u00e9rique latine.<\/p>\n<p>Des solistes internationaux s\u2019y joignent r\u00e9guli\u00e8rement,<\/p>\n<p><span style=\"color: #333399;\"><b>Nicolas <\/b><b>KRAUZE<\/b><\/span><b><span style=\"color: #333399;\">, direction<\/span> :<\/b> dipl\u00f4m\u00e9 du Conservatoire Tcha\u00efkovski de Moscou, il est invit\u00e9 \u00e0 diriger de nombreux orchestres en France et \u00e0 l\u2019\u00e9tranger, ainsi que des productions lyrique.<\/p>\n<p><b><span style=\"color: #333399;\">Vinh PHAM, violon<\/span> :<\/b>\u00a0violon solo de l\u2019Orchestre <em>Sinfonietta de Paris,<\/em> et\u00a01er violon du <i>Quatuor Rembrandt<\/i>.<\/p>\n<p><b><span style=\"color: #333399;\">Luc URBAIN, fl\u00fbte<\/span> : <\/b>concertiste renomm\u00e9 en France et \u00e0 l&rsquo;\u00e9tranger, et par ailleurs Directeur artistique de RITMY, responsable de la programmation.<\/p>\n<p><span style=\"text-decoration: underline;\"><em>L\u2019orchestre, compos\u00e9 de 13 musiciens, interpr\u00e8tera un <b>programme VIVALDI <\/b>:<\/em><\/span><\/p>\n<ul>\n<li>\u2018Les Quatre Saisons\u2019<\/li>\n<li>4 des Concertos pour fl\u00fbte de l\u2019Opus 10 (les n\u00b0 1, 2, 3 et 5)<\/li>\n<\/ul>\n<p><em><strong>Plus d&rsquo;informations dans notre <a href=\"https:\/\/ritmy.fr\/essais\/concerts-2\/tout-sur-les-26iemes-saisons\/vivaldi-avec-lorchestre-de-chambre-nouvelle-europe-a-mareil-sur-mauldre-le-14-fevrier-2016\/\" target=\"_blank\"><span style=\"text-decoration: underline;\">ARTICLE<\/span><\/a>.<\/strong><\/em><\/p>\n<p>&nbsp;<\/p>\n<hr \/>\n<h3><span style=\"text-decoration: underline;\"><span style=\"color: #000080; text-decoration: underline;\"><strong><em>Carte blanche<\/em> \u00e0 JEAN RONDEAU<\/strong><\/span><\/span><\/h3>\n<h4><span style=\"color: #000080;\"><strong>\u00e0 RICHEBOURG, le Dimanche 13 mars 2016 \u00e0 17h., Eglise St-Georges<\/strong><\/span><\/h4>\n<div id=\"attachment_13434\" style=\"width: 267px\" class=\"wp-caption alignleft\"><a href=\"https:\/\/ritmy.fr\/essais\/wp-content\/uploads\/2015\/12\/jean-rondeau-e1451318853783.jpg\"><img loading=\"lazy\" decoding=\"async\" aria-describedby=\"caption-attachment-13434\" class=\"wp-image-13434\" src=\"https:\/\/ritmy.fr\/essais\/wp-content\/uploads\/2015\/12\/jean-rondeau-e1451318853783.jpg\" alt=\"jean-rondeau\" width=\"267\" height=\"335\" \/><\/a><p id=\"caption-attachment-13434\" class=\"wp-caption-text\">Jean RONDEAU<\/p><\/div>\n<h4>Nous aurons la chance d&rsquo;accueillir <span style=\"text-decoration: underline;\"><em><span style=\"color: #333399;\"><strong><a href=\"https:\/\/ritmy.fr\/essais\/jean-rondeau-richebourg-2016\/\" target=\"_blank\">Jean RONDEAU<\/a><\/strong><\/span><\/em><\/span>, <strong>jeune artiste vraiment exceptionnel<\/strong>, dont l&rsquo;immense talent a \u00e9t\u00e9 r\u00e9compens\u00e9 par la\u00a0<strong><span style=\"text-decoration: underline;\"><span style=\"color: #333399; text-decoration: underline;\">Victoire de la Musique 2015<\/span><\/span><\/strong>, dans la cat\u00e9gorie \u2018R\u00e9v\u00e9lation soliste instrumental\u2019, \u00e0 23 ans.<\/h4>\n<p>&nbsp;<\/p>\n<p>En 2012, \u00e0 21 ans seulement, il avait d\u00e9j\u00e0 remport\u00e9 le prestigieux\u00a0<strong>Concours International de Clavecin de Bruges.<\/strong><\/p>\n<p>&nbsp;<\/p>\n<p><span style=\"text-decoration: underline;\"><em><span style=\"color: #333399;\"><strong><a href=\"https:\/\/ritmy.fr\/essais\/jean-rondeau-richebourg-2016\/\" target=\"_blank\">Jean RONDEAU<\/a><\/strong><\/span><\/em><\/span>\u00a0cultive la <b>diversit\u00e9 des genres <\/b>(baroque, classique et jazz) et s\u2019int\u00e9resse aux rapports entre les diff\u00e9rentes cultures musicales.<\/p>\n<p>Il a sorti son 1er disque en solo,\u00a0<b>\u2018Bach Imagine\u2019 <\/b>d\u00e9but 2015, et les critiques sont tr\u00e8s \u00e9logieuses.<\/p>\n<p>&nbsp;<\/p>\n<p>&nbsp;<\/p>\n<p>&nbsp;<\/p>\n<p><span style=\"color: #000000;\">Pour notre concert de Richebourg,<strong> <span style=\"color: #333399;\">Jean RONDEAU<\/span> <\/strong>a intitul\u00e9 son programme<strong>\u00a0<em>&lsquo;DANSE et\u00a0IMPROVISATION&rsquo;<\/em>.\u00a0<\/strong><\/span><\/p>\n<p style=\"text-align: left;\"><span style=\"color: #000000;\">Il nous entra\u00eenera avec\u00a0<strong>clavecin et piano<\/strong> dans l&rsquo;univers de ses ma\u00eetres : <strong>Johann-Sebastian BACH<\/strong>, <strong>Domenico SCARLATTI<\/strong> et <strong>Jean-Philippe RAMEAU<\/strong>, en donnant libre cours \u00e0 son inspiration, entre baroque et classique.<\/span><\/p>\n<p>Une occasion unique de d\u00e9couvrir ce ph\u00e9nom\u00e8ne du clavecin pr\u00e8s de chez vous !<\/p>\n<p><em><strong>Plus d&rsquo;informations dans notre\u00a0<a href=\"https:\/\/ritmy.fr\/essais\/jean-rondeau-richebourg-2016\/\" target=\"_blank\"><span style=\"text-decoration: underline;\">ARTICLE<\/span>.<\/a><\/strong><\/em><\/p>\n<p>&nbsp;<\/p>\n<hr \/>\n<h2><span style=\"text-decoration: underline; color: #000080;\"><strong>Les \u00ab\u00a0PHIL&rsquo;ART&rsquo;CELLISTES\u00a0\u00bb &#8211; <em>&lsquo;Musiques classiques au cin\u00e9ma&rsquo;<\/em><\/strong><\/span><\/h2>\n<h4><span style=\"color: #000080;\"><strong>\u00e0 <span style=\"color: #000080;\">M\u00c9R\u00c9<\/span>, le Samedi\u00a09 avril 2016 \u00e0 20h30,\u00a0Eglise St-Denis<\/strong><\/span><\/h4>\n<div id=\"attachment_12355\" style=\"width: 400px\" class=\"wp-caption alignright\"><a href=\"https:\/\/ritmy.fr\/essais\/wp-content\/uploads\/2015\/06\/philharcellist_10-revu-r\u00e9duit.jpg\"><img loading=\"lazy\" decoding=\"async\" aria-describedby=\"caption-attachment-12355\" class=\"wp-image-12355\" src=\"https:\/\/ritmy.fr\/essais\/wp-content\/uploads\/2015\/06\/philharcellist_10-revu-r\u00e9duit.jpg\" alt=\"philharcellist_10 revu - r\u00e9duit\" width=\"400\" height=\"266\" srcset=\"https:\/\/ritmy.fr\/essais\/wp-content\/uploads\/2015\/06\/philharcellist_10-revu-r\u00e9duit.jpg 800w, https:\/\/ritmy.fr\/essais\/wp-content\/uploads\/2015\/06\/philharcellist_10-revu-r\u00e9duit-300x200.jpg 300w\" sizes=\"auto, (max-width: 400px) 100vw, 400px\" \/><\/a><p id=\"caption-attachment-12355\" class=\"wp-caption-text\">Les 8 violoncelles des PHIL&rsquo;ART&rsquo;CELLISTES<\/p><\/div>\n<p>&nbsp;<\/p>\n<h4>Ce sont <span style=\"text-decoration: underline;\"><span style=\"color: #333399; text-decoration: underline;\"><strong>8 violoncellistes<\/strong><\/span><\/span> complices de\u00a0l&rsquo;<span style=\"text-decoration: underline;\"><span style=\"color: #333399; text-decoration: underline;\"><b> Orchestre Philharmonique<\/b> <b>de <\/b><\/span><\/span><b><span style=\"text-decoration: underline;\"><span style=\"color: #333399; text-decoration: underline;\">Radio France<\/span><\/span>,<\/b> qui ont d\u00e9cid\u00e9, en 2005, de prolonger au-del\u00e0 de la vie de l&rsquo;orchestre, leur passion commune pour leur instrument\u2026<\/h4>\n<p>Outre les \u0153uvres originales \u00e9crites pour ensemble de violoncelles (telles les c\u00e9l\u00e8bres Bachianas Brasileiras de H. Villa Lobos), leur r\u00e9pertoire tr\u00e8s \u00e9clectique, <b>de Bach \u00e0 Bernstein, en passant par Wagner et Debussy, <\/b>comprend des transcriptions d&rsquo;\u0153uvres lyriques ou instrumentales<\/p>\n<p>Les <span style=\"text-decoration: underline;\"><em><span style=\"color: #333399;\"><strong><a href=\"https:\/\/ritmy.fr\/essais\/philartcellistes-mere-2016\/\" target=\"_blank\">PHIL&rsquo;ART&rsquo;CELLISTES<\/a><\/strong><\/span><\/em><\/span> travaillent \u00e9galement avec les compositeurs actuels, suscitant m\u00eame la cr\u00e9ation d&rsquo;\u0153uvres originales pour ensemble de violoncelles.<\/p>\n<p>En 2012, sortie de leur premier album <b>\u00ab\u00a0De la mati\u00e8re \u00e0 la couleur\u00a0\u00bb<\/b>, salu\u00e9 par la critique, avec des pi\u00e8ces de Debussy, Wagner, Matalon, Faur\u00e9, Dvorak et Bernstein.<\/p>\n<h5><em>Les <strong><span style=\"color: #333399;\">PHIL&rsquo;ART&rsquo;CELLISTES<\/span><\/strong> nous proposent un concert autour <span style=\"text-decoration: underline;\"><b>des musiques classiques de films <\/b><\/span><b><span style=\"text-decoration: underline;\">c\u00e9l\u00e8bres<\/span>, <\/b>dans les transcriptions originales de Renaud Guieu et Romain Desjonqu\u00e8res, avec des \u0153uvres de :<\/em><\/h5>\n<ul>\n<li>\n<h5><strong><em>Pietro Mascagni, Samuel Barber, Richard Wagner, Giuseppe Verdi, Leonard Bernstein, et m\u00eame Charlie Chaplin\u2026<\/em><\/strong><\/h5>\n<\/li>\n<\/ul>\n<h5><strong>Plus d&rsquo;informations dans notre <a href=\"https:\/\/ritmy.fr\/essais\/philartcellistes-mere-2016\/\" target=\"_blank\"><em><span style=\"text-decoration: underline;\">ARTICLE<\/span><\/em>.<\/a><\/strong><\/h5>\n<p>&nbsp;<\/p>\n<hr \/>\n<h3><span style=\"text-decoration: underline; color: #008000;\"><strong><em>CONCERT FAMILIAL &#8211;<\/em> &lsquo;BABAR, l&rsquo;histoire du petit \u00e9l\u00e9phant&rsquo;<\/strong><\/span><\/h3>\n<h3><span style=\"color: #008000;\"><strong>par la &lsquo;Compagnie Petit Th\u00e9\u00e2tre et Op\u00e9ra&rsquo; &#8211; Direction artistique Alexandre Stajic<\/strong><\/span><\/h3>\n<h4><span style=\"color: #008000;\"><strong>\u00e0 ORGERUS, le Dimanche 3 avril <\/strong><strong>2016 \u00e0 16h., Salle du Pr\u00e9 Romain<\/strong><\/span><\/h4>\n<p>&nbsp;<\/p>\n<div id=\"attachment_12356\" style=\"width: 380px\" class=\"wp-caption alignleft\"><a href=\"https:\/\/ritmy.fr\/essais\/wp-content\/uploads\/2015\/06\/Babar-Wallpapers.jpg\"><img loading=\"lazy\" decoding=\"async\" aria-describedby=\"caption-attachment-12356\" class=\"wp-image-12356\" src=\"https:\/\/ritmy.fr\/essais\/wp-content\/uploads\/2015\/06\/Babar-Wallpapers.jpg\" alt=\"Babar-Wallpapers\" width=\"380\" height=\"214\" srcset=\"https:\/\/ritmy.fr\/essais\/wp-content\/uploads\/2015\/06\/Babar-Wallpapers.jpg 1920w, https:\/\/ritmy.fr\/essais\/wp-content\/uploads\/2015\/06\/Babar-Wallpapers-300x169.jpg 300w, https:\/\/ritmy.fr\/essais\/wp-content\/uploads\/2015\/06\/Babar-Wallpapers-1024x576.jpg 1024w\" sizes=\"auto, (max-width: 380px) 100vw, 380px\" \/><\/a><p id=\"caption-attachment-12356\" class=\"wp-caption-text\">BABAR !<\/p><\/div>\n<h4>Les cr\u00e9ateurs <span style=\"text-decoration: underline;\"><span style=\"color: #333399; text-decoration: underline;\"><b>Jean de <\/b><b>Brunhoff<\/b><\/span><\/span> et<b> <\/b><span style=\"text-decoration: underline;\"><span style=\"color: #333399; text-decoration: underline;\"><b>Francis Poulenc<\/b><\/span><\/span> nous ont laiss\u00e9 ce chef d&rsquo;\u0153uvre qui a marqu\u00e9, depuis 1931 pour le conte, et 1946 pour la musique, toutes les g\u00e9n\u00e9rations.<\/h4>\n<p>Babar est un <b>conte magique<\/b>, dans lequel tous les animaux parlent, r\u00e9fl\u00e9chissent et agissent.<\/p>\n<p>L&rsquo;histoire, facile pour les enfants, est accompagn\u00e9e par la <b>musique<\/b> intelligente, subtile et pleine d&rsquo;humour de <span style=\"color: #333399;\"><b>Francis Poulenc<\/b><\/span>.<\/p>\n<p>&nbsp;<\/p>\n<h5>Cette musique<b>,<\/b> jolie et simple, <strong>r\u00e9unit un piano, un violon, la voix et une contrebasse.<\/strong><\/h5>\n<p>Cette composition narrative se pr\u00e9sente comme une <span style=\"color: #333399;\"><b>\u00ab\u00a0suite ininterrompue d&rsquo;images pianistiques\u00a0\u00bb<\/b><\/span>. Les formes musicales les plus diverses se succ\u00e8dent\u00a0:<\/p>\n<ul>\n<li><b>Berceuse<\/b> \u00e9l\u00e9phantesque, chant\u00e9e par la m\u00e8re de Babar, que celui-ci se rappelle ensuite en pleurant<\/li>\n<li><b>Valse musette <\/b>de la p\u00e2tisserie<\/li>\n<li><b>Marche<\/b> du mariage de Babar, c\u00e9l\u00e9br\u00e9 par toute une collection d\u2019accords pompeux<\/li>\n<li><b>Polka dansante<\/b>, jou\u00e9e le soir de ce m\u00eame mariage<\/li>\n<li><b>Nocturne final <\/b>en forme de r\u00eaverie lunaire<\/li>\n<\/ul>\n<h5><strong>Plus d&rsquo;informations, dans notre <a href=\"https:\/\/ritmy.fr\/essais\/babar-orgerus-avril-2016\/\" target=\"_blank\"><span style=\"text-decoration: underline; color: #3366ff;\"><em>ARTICLE.<\/em><\/span><\/a><\/strong><\/h5>\n<h5><em><strong><span style=\"text-decoration: underline;\">Ce concert familial b\u00e9n\u00e9ficie d&rsquo;une t<\/span><span style=\"text-decoration: underline;\">arification sp\u00e9ciale<\/span><\/strong> : pour une place &lsquo;enfant&rsquo; \u00e0 13 \u20ac, une place gratuite pour 1 adulte accompagnant.\u00a0<\/em><em>Adulte suppl\u00e9mentaire : 13 \u20ac<\/em><\/h5>\n<h3 style=\"text-align: center;\"><span style=\"color: #333333;\"><strong>*********************<\/strong><\/span><\/h3>\n<h3><span style=\"text-decoration: underline; color: #ff0000;\"><strong>R\u00e9servez d\u00e8s maintenant les dates dans votre agenda !\u00a0<\/strong><\/span><\/h3>\n<h3 style=\"text-align: justify;\"><strong><span style=\"color: #333399;\">Vous pouvez faire vos\u00a0<\/span><span style=\"text-decoration: underline; color: #333399;\">RESERVATIONS<\/span><span style=\"color: #333399;\">\u00a0dans notre site (de mani\u00e8re s\u00e9curis\u00e9e, et sans frais ajout\u00e9s) : pour\u00a0cela, aller dans la rubrique <\/span><span style=\"color: #3366ff;\"><a style=\"color: #3366ff;\" href=\"https:\/\/ritmy.fr\/essais\/?page_id=138\" target=\"_blank\"><span style=\"text-decoration: underline;\"><em>&lsquo;RESERVER&rsquo;.<\/em><\/span><\/a><\/span><\/strong><\/h3>\n<h3 style=\"text-align: justify;\"><strong><br \/>\n<span style=\"color: #333399;\">Le concert &lsquo;Vivaldi&rsquo; du 14\u00a0f\u00e9vrier \u00e0 Mareil-sur-Mauldre \u00e9tant complet, il\u00a0n&rsquo;est\u00a0malheureusement plus possible de prendre d&rsquo;abonnements (\u00e0 partir de 3 concerts).<\/span><\/strong><\/h3>\n<h3><\/h3>\n<h1><span style=\"color: #ff0000;\"><strong>Tr\u00e8s bonne ann\u00e9e 2016, et en musique !<\/strong><\/span><\/h1>\n<h3><em><span style=\"color: #ff0000;\"><strong>L&rsquo;\u00e9quipe RITMY<\/strong><\/span><\/em><\/h3>\n<p>&nbsp;<\/p>\n<hr \/>\n<p>&nbsp;<\/p>\n<p style=\"text-align: center;\"><strong>Si vous voulez r\u00e9agir \u00e0 cet article, nous poser une question, contacter l&rsquo;\u00e9quipe RITMY\u2026 n\u2019h\u00e9sitez pas \u00e0 vous exprimer par courriel :<\/strong><\/p>\n<h5 style=\"text-align: center;\"><strong><a href=\"mailto:contact.ritmy@gmail.com\" target=\"_blank\">contact.ritmy@gmail.com<\/a><\/strong><\/h5>\n<p>&nbsp;<\/p>\n<p>&nbsp;<\/p>\n","protected":false},"excerpt":{"rendered":"<p>Les 26\u00b0Saisons Musicales RITMY 2015-2015 sont en cours, et nous souhaitons vous rappeler les concerts 2016. Le programme des 26\u00b0 Saisons Musicales RITMY, qui ont d\u00e9but\u00e9 en octobre 2015, associe jeunes talents en pleine ascension et artistes plus confirm\u00e9s, et toujours une vari\u00e9t\u00e9 de styles et \u00e9poques musicales. Nous esp\u00e9rons que la suite de notre &hellip; <\/p>\n<p><a class=\"more-link btn\" href=\"https:\/\/ritmy.fr\/essais\/26-saisons-musicales-les-concerts-2016\/\">Lire la suite<\/a><\/p>\n","protected":false},"author":3,"featured_media":0,"comment_status":"closed","ping_status":"closed","sticky":false,"template":"","format":"standard","meta":{"footnotes":""},"categories":[3,4,6,1],"tags":[194,197,196,200,195,156,158,198,189,199,186],"class_list":["post-13416","post","type-post","status-publish","format-standard","hentry","category-les-oeuvres","category-concerts","category-les-musiciens","category-ritmy","tag-babar","tag-krauze","tag-nouvelle-europe","tag-philartcellistes","tag-poulenc","tag-rondeau","tag-tromano","tag-urbain","tag-vinh-pham","tag-violoncelle","tag-vivaldi","nodate","item-wrap"],"_links":{"self":[{"href":"https:\/\/ritmy.fr\/essais\/wp-json\/wp\/v2\/posts\/13416","targetHints":{"allow":["GET"]}}],"collection":[{"href":"https:\/\/ritmy.fr\/essais\/wp-json\/wp\/v2\/posts"}],"about":[{"href":"https:\/\/ritmy.fr\/essais\/wp-json\/wp\/v2\/types\/post"}],"author":[{"embeddable":true,"href":"https:\/\/ritmy.fr\/essais\/wp-json\/wp\/v2\/users\/3"}],"replies":[{"embeddable":true,"href":"https:\/\/ritmy.fr\/essais\/wp-json\/wp\/v2\/comments?post=13416"}],"version-history":[{"count":37,"href":"https:\/\/ritmy.fr\/essais\/wp-json\/wp\/v2\/posts\/13416\/revisions"}],"predecessor-version":[{"id":13880,"href":"https:\/\/ritmy.fr\/essais\/wp-json\/wp\/v2\/posts\/13416\/revisions\/13880"}],"wp:attachment":[{"href":"https:\/\/ritmy.fr\/essais\/wp-json\/wp\/v2\/media?parent=13416"}],"wp:term":[{"taxonomy":"category","embeddable":true,"href":"https:\/\/ritmy.fr\/essais\/wp-json\/wp\/v2\/categories?post=13416"},{"taxonomy":"post_tag","embeddable":true,"href":"https:\/\/ritmy.fr\/essais\/wp-json\/wp\/v2\/tags?post=13416"}],"curies":[{"name":"wp","href":"https:\/\/api.w.org\/{rel}","templated":true}]}}