{"id":13325,"date":"2016-01-21T18:00:26","date_gmt":"2016-01-21T17:00:26","guid":{"rendered":"http:\/\/ritmy.fr\/essais\/?p=13325"},"modified":"2016-06-01T09:34:53","modified_gmt":"2016-06-01T08:34:53","slug":"orchestre-nouvelle-europe-mareil-fevr-2016","status":"publish","type":"post","link":"https:\/\/ritmy.fr\/essais\/orchestre-nouvelle-europe-mareil-fevr-2016\/","title":{"rendered":"VIVALDI, avec l&rsquo;Orchestre de Chambre Nouvelle Europe, \u00e0 Mareil-sur-Mauldre, le 14 f\u00e9vrier 2016"},"content":{"rendered":"<h1 style=\"text-align: center;\"><span style=\"color: #333399;\"><strong>Programme &lsquo;VIVALDI&rsquo;, par\u00a0<\/strong><\/span><span style=\"color: #333399;\"><b>l&rsquo;Orchestre de Chambre<em> Nouvelle\u00a0Europe<\/em>,<\/b><\/span><\/h1>\n<h1 style=\"text-align: center;\"><span style=\"color: #333399;\"><b>avec <em>Vinh PHAM<\/em> au violon et <em>Luc URBAIN<\/em> \u00e0 la fl\u00fbte,\u00a0<\/b><\/span><\/h1>\n<h2 style=\"text-align: center;\"><span style=\"color: #666699;\"><strong>\u00e0 MAREIL-sur-MAULDRE,\u00a0<\/strong><strong>le Dimanche 14 f\u00e9vrier 2016,<\/strong><\/span><\/h2>\n<h2 style=\"text-align: center;\"><span style=\"color: #666699;\"><strong>\u00e0 17h00, dans l&rsquo;\u00e9glise Saint-Martin<\/strong><\/span><\/h2>\n<h3 style=\"text-align: left;\"><strong><span style=\"color: #333399;\">Ils interpr\u00e8teront des oeuvres d&rsquo;<\/span><span style=\"text-decoration: underline; color: #333399;\">Antonio VIVALDI<\/span><span style=\"color: #333399;\"> : &lsquo;Les Quatre Saisons&rsquo;, avec Vinh PHAM au violon, et 4 des Concertos pour\u00a0fl\u00fbte de l&rsquo;Opus 10 (n\u00b0 1, 2, 3 et 5), avec Luc URBAIN \u00e0 la fl\u00fbte.<\/span><\/strong><\/h3>\n<h4><span style=\"color: #333399;\"><strong>L\u2019<span style=\"text-decoration: underline;\">Orchestre de Chambre <\/span><\/strong><span style=\"text-decoration: underline;\"><strong><em>Nouvelle Europe<\/em><\/strong><\/span> rassemble de <strong>jeunes solistes et chambristes europ\u00e9ens r\u00e9sidant actuellement en France<\/strong> et qui partagent une approche musicale et une exigence technique exceptionnelles.<\/span><\/h4>\n<h4><\/h4>\n<div id=\"attachment_13548\" style=\"width: 659px\" class=\"wp-caption aligncenter\"><img loading=\"lazy\" decoding=\"async\" aria-describedby=\"caption-attachment-13548\" class=\"wp-image-13548\" src=\"https:\/\/ritmy.fr\/essais\/wp-content\/uploads\/2016\/01\/Nouvelle-Europe-r\u00e9duit.jpeg\" alt=\"Nouvelle Europe r\u00e9duit\" width=\"659\" height=\"236\" srcset=\"https:\/\/ritmy.fr\/essais\/wp-content\/uploads\/2016\/01\/Nouvelle-Europe-r\u00e9duit.jpeg 600w, https:\/\/ritmy.fr\/essais\/wp-content\/uploads\/2016\/01\/Nouvelle-Europe-r\u00e9duit-300x108.jpeg 300w\" sizes=\"auto, (max-width: 659px) 100vw, 659px\" \/><p id=\"caption-attachment-13548\" class=\"wp-caption-text\">L&rsquo;Orchestre de Chambre Nouvelle Europe, dirig\u00e9 par Nicolas Krauze<\/p><\/div>\n<p>&nbsp;<\/p>\n<h4>Cr\u00e9\u00e9 en 2003 par <span style=\"color: #333399;\"><strong>Nicolas Krauze<\/strong><\/span>, cette formation originale \u00e0 la fronti\u00e8re entre musique de chambre et orchestre s\u2019est produite plus de 400 fois sur certaines des plus grandes sc\u00e8nes fran\u00e7aises, europ\u00e9ennes ainsi qu\u2019en Am\u00e9rique latine.<\/h4>\n<p>L\u2019orchestre a vocation \u00e0 <strong>casser la barri\u00e8re artistique souvent trop pr\u00e9sente entre le tuttiste et le soliste<\/strong>, donnant la possibilit\u00e9 \u00e0 ses jeunes musiciens de d\u00e9marrer leur carri\u00e8re de mani\u00e8re particuli\u00e8rement compl\u00e8te en se produisant aux c\u00f4t\u00e9s de solistes renomm\u00e9s mais aussi r\u00e9guli\u00e8rement eux-m\u00eames en tant que solistes, accompagn\u00e9s par l\u2019orchestre.<\/p>\n<p>Des <strong>solistes internationaux s\u2019y joignent r\u00e9guli\u00e8rement<\/strong> et certains des plus \u00e9minents repr\u00e9sentants du monde musical lui apportent leur soutien artistique et humain.<\/p>\n<p>De 13 \u00e0 35 musiciens selon les programmes, l<span style=\"color: #333399;\"><strong>\u2019Orchestre de Chambre <em>Nouvelle Europe<\/em><\/strong><\/span>, joue exclusivement sur instruments modernes et avec une approche contemporaine mais toujours r\u00e9fl\u00e9chie selon les r\u00e9pertoires.<\/p>\n<p>Des <strong>solistes internationaux<\/strong> s\u2019y joignent r\u00e9guli\u00e8rement, comme Kotaro Fukuma, Henri Demarquette, G\u00e9rard Causs\u00e9, Edgar Moreau\u2026<\/p>\n<p>Au-del\u00e0 de son r\u00e9pertoire de pr\u00e9dilection parcourant les XIX et XX\u00e8mes si\u00e8cles autour d\u2019une vingtaine de compositeurs allant de Tcha\u00efkovski \u00e0 Bartok, il n\u2019h\u00e9site pas de mani\u00e8re rare mais cibl\u00e9e \u00e0 r\u00e9orchestrer enti\u00e8rement certaines oeuvres et met aussi r\u00e9guli\u00e8rement l\u2019accent sur le r\u00e9pertoire contemporain, \u00e0 l\u2019image des concerts et cr\u00e9ations r\u00e9centes qu\u2019il a faites de compositeurs tels que Nicolas Bacri, Karol Beffa, Mikolaj Majkusiak, Alexandre B\u00e9n\u00e9teau ou encore Evgueni Galperine.<\/p>\n<p>Notons pour la saison 2015\/2016 \u00e0 venir, <strong>une trentaine de concerts en France<\/strong>, plusieurs r\u00e9sidences musicales sur des sc\u00e8nes nationales ainsi qu\u2019un <strong>enregistrement discographique<\/strong>.<\/p>\n<p>Pour notre concert, l&rsquo;Orchestre sera compos\u00e9 de 13 musiciens.<\/p>\n<h4><span style=\"text-decoration: underline;\"><span style=\"color: #333399;\"><strong>Nicolas KRAUZE, direction<\/strong><\/span><\/span><\/h4>\n<div id=\"attachment_13324\" style=\"width: 294px\" class=\"wp-caption alignleft\"><a href=\"https:\/\/ritmy.fr\/essais\/wp-content\/uploads\/2015\/11\/Nouvelle-Europe-Nicolas-Krauze-r\u00e9duit.jpeg\"><img loading=\"lazy\" decoding=\"async\" aria-describedby=\"caption-attachment-13324\" class=\"wp-image-13324\" src=\"https:\/\/ritmy.fr\/essais\/wp-content\/uploads\/2015\/11\/Nouvelle-Europe-Nicolas-Krauze-r\u00e9duit.jpeg\" alt=\"Nouvelle Europe-Nicolas Krauze - r\u00e9duit\" width=\"294\" height=\"244\" srcset=\"https:\/\/ritmy.fr\/essais\/wp-content\/uploads\/2015\/11\/Nouvelle-Europe-Nicolas-Krauze-r\u00e9duit.jpeg 642w, https:\/\/ritmy.fr\/essais\/wp-content\/uploads\/2015\/11\/Nouvelle-Europe-Nicolas-Krauze-r\u00e9duit-300x250.jpeg 300w\" sizes=\"auto, (max-width: 294px) 100vw, 294px\" \/><\/a><p id=\"caption-attachment-13324\" class=\"wp-caption-text\">Nicolas KRAUZE (photo Laurent Bugnet)<\/p><\/div>\n<p>&nbsp;<\/p>\n<p><span style=\"color: #333399;\"><strong>Nicolas KRAUZE<\/strong><\/span>\u00a0est dipl\u00f4m\u00e9 de l\u2019<strong><em>Institut Gnessin <\/em><\/strong>et du <em><strong>Conservatoire Tcha\u00efkovski de Moscou<\/strong> <\/em>d\u2019o\u00f9 il est sorti avec <strong>cinq premiers prix<\/strong>. Il a suivi l\u2019enseignement et les conseils de chefs tels que Gennady Cherkassov, Edward Ambartsoumian, Nicolas Brochot, Zsolt Nagy et Christoph Eschenbach.<\/p>\n<p>En France il a \u00e9t\u00e9 invit\u00e9 \u00e0 <strong>diriger de nombreux orchestres<\/strong>, dont l\u2019<em>Orchestre National d\u2019\u00cele de France, l\u2019<em>Orchestre et Op\u00e9ra National de Montpellier Languedoc-Roussillon,\u00a0l\u2019<em>Orchestre Lamoureux&#8230;<\/em><\/em><\/em><\/p>\n<p>A l\u2019\u00e9tranger, il connait une <strong>carri\u00e8re en pleine ascension<\/strong>, et s\u2019est produit et se produira prochainement avec certains des <strong>principaux orchestres symphoniques nationaux<\/strong> en Italie, Pologne, Hongrie, R\u00e9publique Tch\u00e8que, Roumanie, Gr\u00e8ce, Kazakhstan et Equateur.<\/p>\n<p>&nbsp;<\/p>\n<p>Il a r\u00e9cemment<strong> dirig\u00e9 des solistes<\/strong> tels que Fran\u00e7ois-Ren\u00e9 Duch\u00e2ble, Lise de la Salle, Henri Demarquette, Nemanja Radulovic, G\u00e9rard Causs\u00e9, Serge\u00ef Nakariakov, Edgar Moreau, Tatjana Vassiljeva, Aylen Pritchin, Jean-Fran\u00e7ois Zygel, Romain Leleu&#8230; et beaucoup d&rsquo;autres.<\/p>\n<p>Dans le <strong>domaine lyrique<\/strong>, <span style=\"color: #333399;\"><strong>Nicolas KRAUZE<\/strong><\/span> a \u00e9t\u00e9 invit\u00e9 \u00e0 diriger en tourn\u00e9es plusieurs productions totalisant une <strong>centaine de repr\u00e9sentations en Europe<\/strong> (<em>Faust,<\/em> <em>Aida<\/em>, <em>L\u2019\u00e9lixir d\u2019amour, Don Pasquale, Cavalleria Rusticana, Les Noces de Figaro<\/em>, <em>Trois Valses<\/em>, <em>La Veuve Joyeuse<\/em>, <em>La vie parisienne\u2026<\/em>).<\/p>\n<p>Parmi ses <strong>prochains engagements en 2015-2016<\/strong> une quarantaine de concerts en France et \u00e0 l\u2019\u00e9tranger \u00e0 la t\u00eate de l\u2019<strong>OCNE<\/strong> et des invitations dans des orchestres symphoniques nationaux en Italie, Pologne, Roumanie, Russie, Equateur, R\u00e9publique tch\u00e8que et au Kazakhstan. <span style=\"color: #333399;\"><strong>Nicolas KRAUZE<\/strong><\/span>\u00a0a \u00e9galement effectu\u00e9 en 2015 ses d\u00e9buts au Br\u00e9sil au Th\u00e9\u00e2tre de Rio de Janeiro ainsi qu\u2019en Argentine au mythique Teatro Colon de Buenos Aires lors d\u2019une tourn\u00e9e internationale \u00e0 la t\u00eate de l\u2019Orchestre philharmonique national du Kazakhstan.<\/p>\n<p><strong>Voici ce qu&rsquo;en dit Christoph Eschenbach, chef d\u2019orchestre :\u00a0<\/strong><em>\u00ab <span style=\"color: #333399;\"><strong>Nicolas Krauze<\/strong> <\/span>dirige avec une remarquable perspicacit\u00e9 musicale, des qualit\u00e9s techniques exceptionnelles et une excellente relation avec les musiciens. Son charisme l\u2019aide \u00e0 projeter ses id\u00e9es musicales directement au public \u00bb.<\/em><\/p>\n<h4><span style=\"text-decoration: underline;\"><span style=\"color: #333399;\"><strong>Vinh PHAM, violon solo<\/strong><\/span><\/span><\/h4>\n<div id=\"attachment_13321\" style=\"width: 204px\" class=\"wp-caption alignright\"><a href=\"https:\/\/ritmy.fr\/essais\/wp-content\/uploads\/2015\/11\/vinh_pham.png\"><img loading=\"lazy\" decoding=\"async\" aria-describedby=\"caption-attachment-13321\" class=\"wp-image-13321\" src=\"https:\/\/ritmy.fr\/essais\/wp-content\/uploads\/2015\/11\/vinh_pham.png\" alt=\"vinh_pham\" width=\"204\" height=\"238\" \/><\/a><p id=\"caption-attachment-13321\" class=\"wp-caption-text\">Vinh PHAM, violon<\/p><\/div>\n<p>N\u00e9 \u00e0 Paris d\u2019origine vietnamienne, d\u2019une famille \u00ab\u00a0artiste\u00a0\u00bb (ses parents sont d\u2019excellents chanteurs amateurs et <strong>le Quatuor PHAM<\/strong>, qu\u2019il forme avec son fr\u00e8re et ses soeurs, se produit r\u00e9guli\u00e8rement sur Mezzo ), <span style=\"color: #333399;\"><strong>Vinh PHAM\u00a0<\/strong><\/span> d\u00e9bute le violon \u00e0 7 ans avec Fran\u00e7oise Roure-Chouteau et Georges Tessier et donne son premier concert en soliste \u00e0 13 ans avant d\u2019\u00eatre, <strong>\u00e0 15 ans<\/strong>, le plus jeune Laur\u00e9at-Finaliste jamais r\u00e9compens\u00e9 au<strong> Concours International de Violon \u00a0\u00ab\u00a0TIBOR VARGA\u00a0\u00bb (Suisse) <\/strong>ainsi qu\u2019au<strong> Concours International de Musique de Chambre \u00ab\u00a0G.B.VIOTTI\u00a0\u00bb (Italie)<\/strong>.<\/p>\n<p>Dipl\u00f4m\u00e9 de l\u2019 <strong>International Menuhin Music Academy (Gstaad)<\/strong>, il \u00e9tudie et joue en soliste et musique de chambre avec <strong>Yehudi Menuhin<\/strong>, Alberto Lysy, et surtout avec <strong>Ivry Gitlis<\/strong> dans toute l\u2019Europe.\u00a0Il profitera \u00e9galement des conseils de Zino Francescatti, Aur\u00e9lio Perez, Anne-Marie Morin et Nathan Milstein.\u00a0Avec Ivry Gitlis, \u00a0v\u00e9ritable idole de son enfance, il participe au film de Claude Edelmann \u00ab\u00a0Un violon dans la t\u00eate\u00a0\u00bb , Premier Prix aux festivals de Palaiseau et de Biarritz 1992.<\/p>\n<p>Son large r\u00e9pertoire comprend plusieurs oeuvres compos\u00e9es \u00e0 son intention et qu\u2019il a cr\u00e9\u00e9es.\u00a0Musicien complet et curieux de toutes les Musiques, violon-solo permanent ou \u00ab\u00a0invit\u00e9\u00a0\u00bb de nombreux orchestres prestigieux, il se produit beaucoup en musique de chambre, enseigne et joue en soliste dans le monde entier.\u00a0<strong>Depuis 1996, il est violon-solo (Concertmaster) permanent ou \u00ab\u00a0invit\u00e9\u00a0\u00bb de nombreux orchestres prestigieux.<\/strong><\/p>\n<p><span style=\"color: #333399;\"><strong>Vinh PHAM<\/strong><\/span> a par ailleurs enthousiasm\u00e9 les personnalit\u00e9s les plus prestigieuses du monde musical (Yehudi Menuhin, Ivry Gitlis, Zino Francescatti, Bruno Monsaingeon, Pierre Petit, Alain Boulfroy, Ion Baciu\u2026) par le charme, l\u2019\u00e9l\u00e9gance naturelle, la chaleur communicative, la facilit\u00e9 et l\u2019intelligence de son jeu.<\/p>\n<h4><span style=\"text-decoration: underline;\"><span style=\"color: #333399;\"><strong>Luc URBAIN, fl\u00fbte<\/strong><\/span><\/span><\/h4>\n<div id=\"attachment_13367\" style=\"width: 246px\" class=\"wp-caption alignleft\"><a href=\"https:\/\/ritmy.fr\/essais\/wp-content\/uploads\/2015\/12\/photo-Luc.jpg\"><img loading=\"lazy\" decoding=\"async\" aria-describedby=\"caption-attachment-13367\" class=\"wp-image-13367\" src=\"https:\/\/ritmy.fr\/essais\/wp-content\/uploads\/2015\/12\/photo-Luc.jpg\" alt=\"photo Luc\" width=\"246\" height=\"310\" srcset=\"https:\/\/ritmy.fr\/essais\/wp-content\/uploads\/2015\/12\/photo-Luc.jpg 639w, https:\/\/ritmy.fr\/essais\/wp-content\/uploads\/2015\/12\/photo-Luc-238x300.jpg 238w\" sizes=\"auto, (max-width: 246px) 100vw, 246px\" \/><\/a><p id=\"caption-attachment-13367\" class=\"wp-caption-text\">Luc URBAIN, fl\u00fbte<\/p><\/div>\n<p><span style=\"color: #333399;\"><strong>Luc URBAIN<\/strong><\/span>\u00a0a eu comme ma\u00eetres Michel Debels dans sa r\u00e9gion de naissance, le Nord\u00a0; Gaston Crunelle, Alain Marion et Roger Bourdin \u00e0 Paris, ce dernier bien connu du grand public pour avoir accompagn\u00e9 \u00ab\u00a0au pied lev\u00e9\u00a0\u00bb la chanson de Jacques Dutronc, \u00ab\u00a0Il est cinq heures Paris s\u2019\u00e9veille\u00a0\u00bb\u00a0!<\/p>\n<p>Apr\u00e8s avoir obtenu ses prix de fl\u00fbte et de musique de chambre, \u00e0 l\u2019unanimit\u00e9 du jury avec mention sp\u00e9ciale pour l\u2019interpr\u00e9tation, il se fait entendre\u00a0<strong>d\u00e8s l\u2019\u00e2ge de 23 ans en soliste ou au sein de l\u2019Orchestre Jean-Fran\u00e7ois Paillard<\/strong>. Il enregistre avec cette formation de nombreux disques pour Erato et Calliope.\u00a0<strong>Deux Grands Prix du Disque<\/strong>\u00a0couronnent une brillante discographie.<\/p>\n<p><span style=\"color: #333399;\"><strong>Luc URBAIN<\/strong>\u00a0<\/span>s\u2019est produit \u00e9galement avec\u00a0<strong>de nombreux autres orchestres<\/strong>, Orchestre de chambre de France, Orchestre de chambre de Prague, l\u2019Orchestre de chambre de Versailles, Orchestre de chambre du Marais, Orchestre de Chambre de Pologne\u2026 dans tous les r\u00e9pertoires allant du baroque au contemporain.<\/p>\n<p>C\u2019est ainsi qu\u2019on le retrouve\u00a0<strong>en soliste<\/strong>\u00a0avec Constantin Simonovitch, avec l\u2019ensemble \u00ab\u00a0Ars Nova\u00a0\u00bb de Marius Constant, et dans diverses cr\u00e9ations aux Concerts du Triptyque. Nombre de ces concerts ont \u00e9t\u00e9 retransmis par \u00ab\u00a0Radio France\u00a0\u00bb<\/p>\n<p>Il a jou\u00e9 en concerts et grav\u00e9 des disques avec des<strong>\u00a0solistes de renomm\u00e9e internationale<\/strong>\u00a0tels Lily Laskine, Mariel Nordman, Martine Geliot, Daniel Douay, Sylvie Beltrando, Marie-Claire Alain, Andr\u00e9 Isoir, Mich\u00e8lle Leclerc, Mich\u00e8le Guyard, Aur\u00e9lio P\u00e9rez, G\u00e9rard Jarry, Roger Bourdin, Pierre Pierlot, Michel Arrignon, Walter Boeykens\u2026<\/p>\n<p><span style=\"color: #333399;\"><strong>Luc URBAIN<\/strong><\/span>\u00a0a partag\u00e9 avec bonheur ses multiples activit\u00e9s artistiques avec ses\u00a0<strong>activit\u00e9s p\u00e9dagogiques<\/strong>. Membre de l\u2019Atelier de musique contemporaine de Saint-Germain-en-Laye, il fut professeur de fl\u00fbte aux CRD de Mantes en Yvelines, et Saint-Germain-en-Laye pour le 3<sup>\u00e8me<\/sup>\u00a0cycle.\u00a0<strong>Luc continue d\u2019animer tant en France qu\u2019\u00e0 l\u2019\u00e9tranger (Espagne, Japon \u2026) des masters class<\/strong>. En outre, il est\u00a0<strong>Directeur de collection<\/strong>\u00a0aux Editions Lemoine \u00e0 Paris.<\/p>\n<p>La critique est unanime et le salue en ces termes (extrait) :<\/p>\n<p><em>\u00ab\u00a0Luc Urbain s\u2019est justement acquis un rang dans le c\u00e9nacle des grands fl\u00fbtistes\u00a0\u00bb &#8211; Diapason,<\/em><\/p>\n<p><em>\u00ab\u00a0Un tr\u00e8s grand fl\u00fbtiste, combinant l\u2019art difficile des respirations, l\u2019\u00e9quilibre, la carrure, la finesse. On comprend qu\u2019il soit \u00e9gal\u00e9 par la critique \u00e0 ses grands a\u00een\u00e9s, les Rampal, les Larrieu\u00a0\u00bb &#8211; Le R\u00e9publicain Lorrain,<\/em><\/p>\n<p><em>\u00ab\u00a0Une interpr\u00e9tation magistrale. L\u2019auditoire subjugu\u00e9 garda un silence admiratif jusqu\u2019\u00e0 ce que des applaudissements nourris saluent la maestria\u00a0\u00bb &#8211; La Voix du Nord.<\/em><\/p>\n<h3><span style=\"text-decoration: underline;\"><span style=\"color: #333399;\"><strong>Le programme de notre concert :<\/strong><\/span><\/span><\/h3>\n<div id=\"attachment_13322\" style=\"width: 320px\" class=\"wp-caption alignleft\"><a href=\"https:\/\/ritmy.fr\/essais\/wp-content\/uploads\/2015\/11\/Vivaldi.jpg\"><img loading=\"lazy\" decoding=\"async\" aria-describedby=\"caption-attachment-13322\" class=\"wp-image-13322\" src=\"https:\/\/ritmy.fr\/essais\/wp-content\/uploads\/2015\/11\/Vivaldi.jpg\" alt=\"Vivaldi\" width=\"320\" height=\"213\" srcset=\"https:\/\/ritmy.fr\/essais\/wp-content\/uploads\/2015\/11\/Vivaldi.jpg 620w, https:\/\/ritmy.fr\/essais\/wp-content\/uploads\/2015\/11\/Vivaldi-300x200.jpg 300w\" sizes=\"auto, (max-width: 320px) 100vw, 320px\" \/><\/a><p id=\"caption-attachment-13322\" class=\"wp-caption-text\">Antonio VIVALDI<\/p><\/div>\n<h4><strong>&#8211; <span style=\"text-decoration: underline;\">Les\u00a0Quatre\u00a0Saisons<\/span><\/strong><\/h4>\n<h4><strong>&#8211; <span style=\"text-decoration: underline;\">4\u00a0Concertos pour fl\u00fbte de l\u2019Opus 10<\/span> :<\/strong><\/h4>\n<h4 style=\"padding-left: 30px;\"><strong>\u00a0 &#8211; n\u00b0 1 en Fa Majeur \u00ab\u00a0La tempesta di mare\u00a0\u00bb<\/strong><\/h4>\n<h4 style=\"padding-left: 30px;\"><strong>\u00a0 &#8211; n\u00b0 2\u00a0en sol mineur\u00a0\u00ab\u00a0La notte\u00a0\u00bb<\/strong><\/h4>\n<h4 style=\"padding-left: 30px;\"><strong>\u00a0 &#8211; n\u00b0 3\u00a0en R\u00e9 Majeur\u00a0\u00ab\u00a0Il gardellino\u00a0\u00bb<\/strong><\/h4>\n<h4 style=\"padding-left: 30px;\"><strong>\u00a0 &#8211; n\u00b0 5 en Fa Majeur \u00ab\u00a0Con sordini\u00a0\u00bb<\/strong><\/h4>\n<p>&nbsp;<\/p>\n<p><em><strong>Voici une tr\u00e8s belle interpr\u00e9tation du <span style=\"text-decoration: underline;\">Concerto n\u00b0 2 en sol mineur &lsquo;La notte&rsquo;<\/span> par l&rsquo;Orchestre de Chambre de Prague avec <span style=\"text-decoration: underline;\">Luc URBAIN<\/span> \u00e0 la fl\u00fbte (et de belles images de Venise !) :<\/strong><\/em><\/p>\n<p><iframe loading=\"lazy\" src=\"https:\/\/www.youtube.com\/embed\/qdMq4KukZxo?rel=0\" width=\"420\" height=\"315\" frameborder=\"0\" allowfullscreen=\"allowfullscreen\"><\/iframe><\/p>\n<p><em><strong>Et l&rsquo;Orchestre de Chambre Nouvelle Europe, avec Nicolas KRAUZE \u00e0 la direction et Vinh PHAM au violon, dans une oeuvre de<\/strong>\u00a0<strong>Benjamin<\/strong>\u00a0<strong><span id=\"eow-title\" class=\"watch-title \" dir=\"ltr\" title=\"Britten: Variations Frank Bridge \/ Fugue &amp; Finale - OCNE \/ Nicolas Krauze\">Britten : &lsquo;Variations sur un th\u00e8me de Frank Bridge&rsquo; \u00a0Fugue &amp; Finale<\/span><\/strong><\/em><\/p>\n<p><iframe loading=\"lazy\" src=\"https:\/\/www.youtube.com\/embed\/fNf5fGFVEYI?rel=0\" width=\"560\" height=\"315\" frameborder=\"0\" allowfullscreen=\"allowfullscreen\"><\/iframe><\/p>\n<h3><span style=\"color: #333399;\"><strong>Un magnifique concert, avec un ensemble et des interpr\u00e8tes de grands talents, qui vous feront savourer toute la vivacit\u00e9 et la gaiet\u00e9 des oeuvres d&rsquo; Antonio VIVALDI !<\/strong><\/span><\/h3>\n<h3><span style=\"text-decoration: underline;\"><span style=\"color: #ff0000;\"><strong>Devant le succ\u00e8s de ce concert, il ne reste plus\u00a0de places disponibles.<\/strong><\/span><\/span><\/h3>\n<h3><span style=\"color: #ff0000;\"><strong>Pour toutes informations, appeler le\u00a001-30-90-75-00<\/strong><\/span><\/h3>\n<p>&nbsp;<\/p>\n<hr \/>\n<p>&nbsp;<\/p>\n<p><a href=\"https:\/\/ritmy.fr\/essais\/wp-content\/uploads\/2013\/12\/LOGO-MAREIL_JPG-e1387301210528.jpg\"><img loading=\"lazy\" decoding=\"async\" class=\"size-full wp-image-10385 alignleft\" src=\"https:\/\/ritmy.fr\/essais\/wp-content\/uploads\/2013\/12\/LOGO-MAREIL_JPG-e1387301210528.jpg\" alt=\"LOGO MAREIL_JPG\" width=\"200\" height=\"87\" \/><\/a><\/p>\n<h3><span style=\"color: #008000;\"><strong>Concert organis\u00e9 conjointement par Mareil\u00a0Musique (Mareil-sur-Mauldre), et RITMY<\/strong><\/span><\/h3>\n<p>&nbsp;<\/p>\n<p>&nbsp;<\/p>\n<hr \/>\n<h4 style=\"text-align: center;\"><span style=\"color: #666699;\"><strong><span style=\"color: #008000;\">RITMY b\u00e9n\u00e9ficie du soutien du Conseil D\u00e9partemental des Yvelines, et de la SPEDIDAM<\/span><\/strong><\/span><\/h4>\n<p><a href=\"https:\/\/ritmy.fr\/essais\/wp-content\/uploads\/2015\/10\/DPT-YVELINES-80MM-RVB-JPEG-e1444060466815.jpg\"><img loading=\"lazy\" decoding=\"async\" class=\"alignleft wp-image-12814\" src=\"https:\/\/ritmy.fr\/essais\/wp-content\/uploads\/2015\/10\/DPT-YVELINES-80MM-RVB-JPEG-e1444060466815.jpg\" alt=\"DPT YVELINES 80MM RVB JPEG\" width=\"280\" height=\"88\" \/><\/a><\/p>\n<p><a href=\"https:\/\/ritmy.fr\/essais\/wp-content\/uploads\/2015\/09\/logo_spedidam.jpg\"><img loading=\"lazy\" decoding=\"async\" class=\"aligncenter wp-image-12745\" src=\"https:\/\/ritmy.fr\/essais\/wp-content\/uploads\/2015\/09\/logo_spedidam.jpg\" alt=\"LOGOS spedidam 2009\" width=\"169\" height=\"92\" srcset=\"https:\/\/ritmy.fr\/essais\/wp-content\/uploads\/2015\/09\/logo_spedidam.jpg 826w, https:\/\/ritmy.fr\/essais\/wp-content\/uploads\/2015\/09\/logo_spedidam-300x164.jpg 300w\" sizes=\"auto, (max-width: 169px) 100vw, 169px\" \/><\/a><\/p>\n<p>&nbsp;<\/p>\n","protected":false},"excerpt":{"rendered":"<p>Programme &lsquo;VIVALDI&rsquo;, par\u00a0l&rsquo;Orchestre de Chambre Nouvelle\u00a0Europe, avec Vinh PHAM au violon et Luc URBAIN \u00e0 la fl\u00fbte,\u00a0 \u00e0 MAREIL-sur-MAULDRE,\u00a0le Dimanche 14 f\u00e9vrier 2016, \u00e0 17h00, dans l&rsquo;\u00e9glise Saint-Martin Ils interpr\u00e8teront des oeuvres d&rsquo;Antonio VIVALDI : &lsquo;Les Quatre Saisons&rsquo;, avec Vinh PHAM au violon, et 4 des Concertos pour\u00a0fl\u00fbte de l&rsquo;Opus 10 (n\u00b0 1, 2, 3 &hellip; <\/p>\n<p><a class=\"more-link btn\" href=\"https:\/\/ritmy.fr\/essais\/orchestre-nouvelle-europe-mareil-fevr-2016\/\">Lire la suite<\/a><\/p>\n","protected":false},"author":3,"featured_media":0,"comment_status":"closed","ping_status":"closed","sticky":false,"template":"","format":"standard","meta":{"footnotes":""},"categories":[3,4,6,1],"tags":[192,187,190,188,191,189,182,186],"class_list":["post-13325","post","type-post","status-publish","format-standard","hentry","category-les-oeuvres","category-concerts","category-les-musiciens","category-ritmy","tag-concerto","tag-flute","tag-luc-urbain","tag-orchestre","tag-quatre-saisons","tag-vinh-pham","tag-violon","tag-vivaldi","nodate","item-wrap"],"_links":{"self":[{"href":"https:\/\/ritmy.fr\/essais\/wp-json\/wp\/v2\/posts\/13325","targetHints":{"allow":["GET"]}}],"collection":[{"href":"https:\/\/ritmy.fr\/essais\/wp-json\/wp\/v2\/posts"}],"about":[{"href":"https:\/\/ritmy.fr\/essais\/wp-json\/wp\/v2\/types\/post"}],"author":[{"embeddable":true,"href":"https:\/\/ritmy.fr\/essais\/wp-json\/wp\/v2\/users\/3"}],"replies":[{"embeddable":true,"href":"https:\/\/ritmy.fr\/essais\/wp-json\/wp\/v2\/comments?post=13325"}],"version-history":[{"count":50,"href":"https:\/\/ritmy.fr\/essais\/wp-json\/wp\/v2\/posts\/13325\/revisions"}],"predecessor-version":[{"id":13749,"href":"https:\/\/ritmy.fr\/essais\/wp-json\/wp\/v2\/posts\/13325\/revisions\/13749"}],"wp:attachment":[{"href":"https:\/\/ritmy.fr\/essais\/wp-json\/wp\/v2\/media?parent=13325"}],"wp:term":[{"taxonomy":"category","embeddable":true,"href":"https:\/\/ritmy.fr\/essais\/wp-json\/wp\/v2\/categories?post=13325"},{"taxonomy":"post_tag","embeddable":true,"href":"https:\/\/ritmy.fr\/essais\/wp-json\/wp\/v2\/tags?post=13325"}],"curies":[{"name":"wp","href":"https:\/\/api.w.org\/{rel}","templated":true}]}}