{"id":13010,"date":"2015-10-14T22:00:43","date_gmt":"2015-10-14T21:00:43","guid":{"rendered":"http:\/\/ritmy.fr\/essais\/?p=13010"},"modified":"2016-01-27T12:17:32","modified_gmt":"2016-01-27T11:17:32","slug":"le-quintette-de-cuivres-magnifica-en-live","status":"publish","type":"post","link":"https:\/\/ritmy.fr\/essais\/le-quintette-de-cuivres-magnifica-en-live\/","title":{"rendered":"Le Quintette MAGNIFICA, en live&#8230;"},"content":{"rendered":"<h3 style=\"text-align: center;\"><span style=\"color: #333399;\"><strong>&#8230; sur France-Musique, dans la &lsquo;Matinale culturelle&rsquo;.<\/strong><\/span><\/h3>\n<h4 style=\"text-align: left;\"><span style=\"color: #333399;\"><strong>C&rsquo;\u00e9tait le 9 juin 2015, ils \u00e9taient invit\u00e9s en direct \u00e0 l&rsquo;occasion de leur <span style=\"text-decoration: underline;\">30 ans de sc\u00e8ne<\/span>, pour parler de leur parcours, des musiques qu&rsquo;ils interpr\u00e8tent, et de leur &lsquo;tourn\u00e9e anniversaire&rsquo;.\u00a0<\/strong><\/span><\/h4>\n<h4><span style=\"color: #000000;\"><strong>Et pour rappel, le Quintette de cuivres MAGNIFICA sera \u00e0 HOUDAN le samedi 7 novembre \u00e0 20h30, dans l&rsquo;\u00e9glise Saint-Jacques.<\/strong><\/span><\/h4>\n<p>&nbsp;<\/p>\n<p><a href=\"https:\/\/ritmy.fr\/essais\/wp-content\/uploads\/2015\/10\/Magnifica-2015-3.jpg\"><img loading=\"lazy\" decoding=\"async\" class=\"aligncenter wp-image-13026\" src=\"https:\/\/ritmy.fr\/essais\/wp-content\/uploads\/2015\/10\/Magnifica-2015-3.jpg\" alt=\"Magnifica 2015-3\" width=\"430\" height=\"287\" srcset=\"https:\/\/ritmy.fr\/essais\/wp-content\/uploads\/2015\/10\/Magnifica-2015-3.jpg 640w, https:\/\/ritmy.fr\/essais\/wp-content\/uploads\/2015\/10\/Magnifica-2015-3-300x200.jpg 300w\" sizes=\"auto, (max-width: 430px) 100vw, 430px\" \/><\/a><\/p>\n<h5><\/h5>\n<h5><strong>Pendant l&rsquo;\u00e9mission, ils ont\u00a0interpr\u00e9t\u00e9 en &lsquo;live&rsquo; plusieurs oeuvres\u00a0de leur r\u00e9pertoire, dont\u00a0un arrangement de <span style=\"text-decoration: underline;\">\u00ab\u00a0La Fille aux cheveux de lin\u00a0\u00bb de Claude Debussy<\/span>.<\/strong><\/h5>\n<p>&nbsp;<\/p>\n<p><iframe loading=\"lazy\" src=\"https:\/\/www.youtube.com\/embed\/j_0JJ4ikH_k?rel=0\" width=\"560\" height=\"315\" frameborder=\"0\" allowfullscreen=\"allowfullscreen\"><\/iframe><\/p>\n<h5><strong>Cette composition de C.Debussy sera au programme de notre concert du 7 novembre, avec des oeuvres de JS.Bach, JP.Rameau, GF.Haendel, C.Gounot&#8230;<\/strong><\/h5>\n<h4><span style=\"color: #333399;\"><strong>Pour plus d&rsquo;informations sur le Quintette de cuivres MAGNIFICA et notre concert de Houdan, cliquer <span style=\"text-decoration: underline; color: #3366ff;\"><em><a style=\"color: #3366ff; text-decoration: underline;\" href=\"https:\/\/ritmy.fr\/essais\/?p=12685\" target=\"_blank\">ICI<\/a><\/em><\/span><\/strong><\/span><\/h4>\n<h4><span style=\"text-decoration: underline;\"><span style=\"color: #333399;\"><strong>Concert \u00e0 ne pas manquer !<\/strong><\/span><\/span><\/h4>\n<p>&nbsp;<\/p>\n<hr \/>\n<p style=\"text-align: left;\"><strong>Si vous voulez r\u00e9agir \u00e0 cet article, nous poser une question, contacter l\u2019\u00e9quipe RITMY\u2026 n\u2019h\u00e9sitez pas \u00e0 vous exprimer par courriel :<\/strong><\/p>\n<h5 style=\"text-align: center;\"><strong><a href=\"mailto:contact.ritmy@gmail.com\" target=\"_blank\">contact.ritmy@gmail.com<\/a><\/strong><\/h5>\n<p>&nbsp;<\/p>\n","protected":false},"excerpt":{"rendered":"<p>&#8230; sur France-Musique, dans la &lsquo;Matinale culturelle&rsquo;. C&rsquo;\u00e9tait le 9 juin 2015, ils \u00e9taient invit\u00e9s en direct \u00e0 l&rsquo;occasion de leur 30 ans de sc\u00e8ne, pour parler de leur parcours, des musiques qu&rsquo;ils interpr\u00e8tent, et de leur &lsquo;tourn\u00e9e anniversaire&rsquo;.\u00a0 Et pour rappel, le Quintette de cuivres MAGNIFICA sera \u00e0 HOUDAN le samedi 7 novembre \u00e0 &hellip; <\/p>\n<p><a class=\"more-link btn\" href=\"https:\/\/ritmy.fr\/essais\/le-quintette-de-cuivres-magnifica-en-live\/\">Lire la suite<\/a><\/p>\n","protected":false},"author":3,"featured_media":0,"comment_status":"closed","ping_status":"closed","sticky":false,"template":"","format":"standard","meta":{"footnotes":""},"categories":[3,6,1],"tags":[159,164,163,70],"class_list":["post-13010","post","type-post","status-publish","format-standard","hentry","category-les-oeuvres","category-les-musiciens","category-ritmy","tag-cuivres","tag-houdan","tag-magnifica","tag-quintette","nodate","item-wrap"],"_links":{"self":[{"href":"https:\/\/ritmy.fr\/essais\/wp-json\/wp\/v2\/posts\/13010","targetHints":{"allow":["GET"]}}],"collection":[{"href":"https:\/\/ritmy.fr\/essais\/wp-json\/wp\/v2\/posts"}],"about":[{"href":"https:\/\/ritmy.fr\/essais\/wp-json\/wp\/v2\/types\/post"}],"author":[{"embeddable":true,"href":"https:\/\/ritmy.fr\/essais\/wp-json\/wp\/v2\/users\/3"}],"replies":[{"embeddable":true,"href":"https:\/\/ritmy.fr\/essais\/wp-json\/wp\/v2\/comments?post=13010"}],"version-history":[{"count":12,"href":"https:\/\/ritmy.fr\/essais\/wp-json\/wp\/v2\/posts\/13010\/revisions"}],"predecessor-version":[{"id":13035,"href":"https:\/\/ritmy.fr\/essais\/wp-json\/wp\/v2\/posts\/13010\/revisions\/13035"}],"wp:attachment":[{"href":"https:\/\/ritmy.fr\/essais\/wp-json\/wp\/v2\/media?parent=13010"}],"wp:term":[{"taxonomy":"category","embeddable":true,"href":"https:\/\/ritmy.fr\/essais\/wp-json\/wp\/v2\/categories?post=13010"},{"taxonomy":"post_tag","embeddable":true,"href":"https:\/\/ritmy.fr\/essais\/wp-json\/wp\/v2\/tags?post=13010"}],"curies":[{"name":"wp","href":"https:\/\/api.w.org\/{rel}","templated":true}]}}