{"id":12508,"date":"2015-06-25T20:20:16","date_gmt":"2015-06-25T19:20:16","guid":{"rendered":"http:\/\/ritmy.fr\/essais\/?p=12508"},"modified":"2016-04-04T08:59:40","modified_gmt":"2016-04-04T07:59:40","slug":"le-printemps-de-ritmy-avec-jean-rondeau","status":"publish","type":"post","link":"https:\/\/ritmy.fr\/essais\/le-printemps-de-ritmy-avec-jean-rondeau\/","title":{"rendered":"Le \u00ab\u00a0printemps de RITMY\u00a0\u00bb&#8230; avec Jean RONDEAU&#8230;"},"content":{"rendered":"<h2><strong><span style=\"color: #333399;\">En attendant &#8230;<\/span><span style=\"color: #ff0000;\"> JEAN RONDEAU !<\/span><\/strong><\/h2>\n<h2><span style=\"color: #333399;\">Il monte, monte&#8230; Au firmament des clavecinistes, tout en conservant son libre arbitre et ses choix \u00e9clectiques!<\/span><\/h2>\n<h4><strong><span style=\"color: #ff0000;\">RITMY peut s&rsquo;enorgueillir d&rsquo;avoir programm\u00e9 pour ses <em><span style=\"text-decoration: underline;\"><a href=\"https:\/\/ritmy.fr\/essais\/2015\/06\/11\/et-voici-le-programme-des-26-saisons-musicales-ritmy\/\" target=\"_blank\">26\u00e8mes \u00ab\u00a0Saisons musicales\u00a0\u00bb<\/a><\/span><\/em> ce virtuose du clavier<\/span>, qui a su rester simple et abordable malgr\u00e9 les feux de la rampe d\u00e9lib\u00e9r\u00e9ment braqu\u00e9s sur son grand talent.<\/strong><\/h4>\n<h4><strong> Nouvelle g\u00e9n\u00e9ration, nouveau style, capable d&rsquo;allier grand classicisme et modernit\u00e9&#8230;<\/strong><\/h4>\n<p>&nbsp;<\/p>\n<p><a href=\"https:\/\/ritmy.fr\/essais\/wp-content\/uploads\/2015\/06\/jean_rondeau.jpg\"><img loading=\"lazy\" decoding=\"async\" class=\"aligncenter wp-image-12512\" src=\"https:\/\/ritmy.fr\/essais\/wp-content\/uploads\/2015\/06\/jean_rondeau.jpg\" alt=\"jean_rondeau\" width=\"450\" height=\"284\" srcset=\"https:\/\/ritmy.fr\/essais\/wp-content\/uploads\/2015\/06\/jean_rondeau.jpg 603w, https:\/\/ritmy.fr\/essais\/wp-content\/uploads\/2015\/06\/jean_rondeau-300x189.jpg 300w\" sizes=\"auto, (max-width: 450px) 100vw, 450px\" \/><\/a><\/p>\n<h4>Surtout, m\u00eame si vous avez l&rsquo;occasion de le d\u00e9couvrir avant <span style=\"text-decoration: underline;\"><span style=\"color: #333399; text-decoration: underline;\"><strong>notre concert\u00a0RITMY du<\/strong> <strong>13 mars 2016 \u00e0 RICHEBOURG<\/strong><\/span><\/span> (nombreuses sont les retransmissions de ses r\u00e9cents concerts, sur MEZZO entre autres sites), <strong>ne ratez pas ce rendez-vous exceptionnel pour f\u00eater l&rsquo;arriv\u00e9e du printemps l&rsquo;an prochain !<\/strong><\/h4>\n<div id=\"attachment_12530\" style=\"width: 450px\" class=\"wp-caption aligncenter\"><a href=\"https:\/\/ritmy.fr\/essais\/wp-content\/uploads\/2015\/06\/Concert-THOIRY-02-05-15-025-1.jpg\"><img loading=\"lazy\" decoding=\"async\" aria-describedby=\"caption-attachment-12530\" class=\"wp-image-12530\" src=\"https:\/\/ritmy.fr\/essais\/wp-content\/uploads\/2015\/06\/Concert-THOIRY-02-05-15-025-1.jpg\" alt=\"Concert THOIRY 02-05-15 025-1\" width=\"450\" height=\"337\" srcset=\"https:\/\/ritmy.fr\/essais\/wp-content\/uploads\/2015\/06\/Concert-THOIRY-02-05-15-025-1.jpg 827w, https:\/\/ritmy.fr\/essais\/wp-content\/uploads\/2015\/06\/Concert-THOIRY-02-05-15-025-1-300x225.jpg 300w\" sizes=\"auto, (max-width: 450px) 100vw, 450px\" \/><\/a><p id=\"caption-attachment-12530\" class=\"wp-caption-text\">Jean RONDEAU, d\u00e9but mai, aux \u00ab\u00a0festes de Thalie\u00a0\u00bb, \u00e0 THOIRY (photo JJ.Fin)<\/p><\/div>\n<h4>Et une petite vid\u00e9o pour vous faire une id\u00e9e?&#8230;<br \/>\nNe boudez pas votre plaisir !<\/h4>\n<h5><em><strong><span style=\"color: #333399;\">Jean Rondeau interpr\u00e8te au clavecin le &lsquo;Fandango&rsquo; du Padre\u00a0Antonio Soler (1729-1783), quelle\u00a0virtuosit\u00e9&#8230; et quelle p\u00eache !!<\/span><\/strong><\/em><\/h5>\n<p><iframe loading=\"lazy\" src=\"https:\/\/www.youtube.com\/embed\/q13W_HcLkNM?rel=0\" width=\"560\" height=\"315\" frameborder=\"0\" allowfullscreen=\"allowfullscreen\"><\/iframe><\/p>\n<h5>Parmi les nombreux concerts programm\u00e9s avec <strong>Jean RONDEAU<\/strong>, voir le festival \u00ab\u00a0classique au vert\u00a0\u00bb, qui, du d\u00e9but ao\u00fbt \u00e0 fin septembre, donne \u00e0 entendre de nombreux artistes dans le cadre bucolique du Parc Floral de Vincennes.<\/h5>\n<h5>voir le site :<span style=\"text-decoration: underline;\"><em> <a href=\"http:\/\/www.classiqueauvert.fr\" target=\"_blank\">www.classiqueauvert.fr<\/a><\/em><\/span><\/h5>\n<p>&nbsp;<\/p>\n<hr \/>\n<p style=\"text-align: center;\"><strong>Si vous voulez r\u00e9agir \u00e0 cet article, nous poser une question, contacter l&rsquo;\u00e9quipe RITMY\u2026 n\u2019h\u00e9sitez pas \u00e0 vous exprimer par courriel :<\/strong><\/p>\n<h5 style=\"text-align: center;\"><strong><a href=\"mailto:contact.ritmy@gmail.com\" target=\"_blank\">contact.ritmy@gmail.com<\/a><\/strong><\/h5>\n","protected":false},"excerpt":{"rendered":"<p>En attendant &#8230; JEAN RONDEAU ! Il monte, monte&#8230; Au firmament des clavecinistes, tout en conservant son libre arbitre et ses choix \u00e9clectiques! RITMY peut s&rsquo;enorgueillir d&rsquo;avoir programm\u00e9 pour ses 26\u00e8mes \u00ab\u00a0Saisons musicales\u00a0\u00bb ce virtuose du clavier, qui a su rester simple et abordable malgr\u00e9 les feux de la rampe d\u00e9lib\u00e9r\u00e9ment braqu\u00e9s sur son grand &hellip; <\/p>\n<p><a class=\"more-link btn\" href=\"https:\/\/ritmy.fr\/essais\/le-printemps-de-ritmy-avec-jean-rondeau\/\">Lire la suite<\/a><\/p>\n","protected":false},"author":3,"featured_media":0,"comment_status":"closed","ping_status":"closed","sticky":false,"template":"","format":"standard","meta":{"footnotes":""},"categories":[3,5,6,1],"tags":[155,12,156],"class_list":["post-12508","post","type-post","status-publish","format-standard","hentry","category-les-oeuvres","category-dans-les-yvelines","category-les-musiciens","category-ritmy","tag-clavecin","tag-piano","tag-rondeau","nodate","item-wrap"],"_links":{"self":[{"href":"https:\/\/ritmy.fr\/essais\/wp-json\/wp\/v2\/posts\/12508","targetHints":{"allow":["GET"]}}],"collection":[{"href":"https:\/\/ritmy.fr\/essais\/wp-json\/wp\/v2\/posts"}],"about":[{"href":"https:\/\/ritmy.fr\/essais\/wp-json\/wp\/v2\/types\/post"}],"author":[{"embeddable":true,"href":"https:\/\/ritmy.fr\/essais\/wp-json\/wp\/v2\/users\/3"}],"replies":[{"embeddable":true,"href":"https:\/\/ritmy.fr\/essais\/wp-json\/wp\/v2\/comments?post=12508"}],"version-history":[{"count":23,"href":"https:\/\/ritmy.fr\/essais\/wp-json\/wp\/v2\/posts\/12508\/revisions"}],"predecessor-version":[{"id":13719,"href":"https:\/\/ritmy.fr\/essais\/wp-json\/wp\/v2\/posts\/12508\/revisions\/13719"}],"wp:attachment":[{"href":"https:\/\/ritmy.fr\/essais\/wp-json\/wp\/v2\/media?parent=12508"}],"wp:term":[{"taxonomy":"category","embeddable":true,"href":"https:\/\/ritmy.fr\/essais\/wp-json\/wp\/v2\/categories?post=12508"},{"taxonomy":"post_tag","embeddable":true,"href":"https:\/\/ritmy.fr\/essais\/wp-json\/wp\/v2\/tags?post=12508"}],"curies":[{"name":"wp","href":"https:\/\/api.w.org\/{rel}","templated":true}]}}