{"id":12135,"date":"2015-03-09T14:36:47","date_gmt":"2015-03-09T13:36:47","guid":{"rendered":"http:\/\/ritmy.fr\/essais\/?p=12135"},"modified":"2015-06-25T20:30:52","modified_gmt":"2015-06-25T19:30:52","slug":"bach-une-belle-reussite-a-richebourg","status":"publish","type":"post","link":"https:\/\/ritmy.fr\/essais\/bach-une-belle-reussite-a-richebourg\/","title":{"rendered":"BACH&#8230; une belle r\u00e9ussite \u00e0 RICHEBOURG !"},"content":{"rendered":"<p>&nbsp;<\/p>\n<h1 style=\"text-align: center;\"><span style=\"color: #333399;\"><strong>Les sept motets de Johann-S\u00e9bastian BACH et le ch\u0153ur \u00ab\u00a0TEMPERAMENS VARIATIONS\u00a0\u00bb : accord parfait !<\/strong><\/span><\/h1>\n<p>&nbsp;<\/p>\n<div id=\"attachment_12137\" style=\"width: 500px\" class=\"wp-caption aligncenter\"><a href=\"https:\/\/ritmy.fr\/essais\/wp-content\/uploads\/2015\/03\/RITMY-RICHEBOURG-08-03-15-028.jpg\"><img loading=\"lazy\" decoding=\"async\" aria-describedby=\"caption-attachment-12137\" class=\"wp-image-12137\" src=\"https:\/\/ritmy.fr\/essais\/wp-content\/uploads\/2015\/03\/RITMY-RICHEBOURG-08-03-15-028-1024x768.jpg\" alt=\"&quot;TEMPERAMENS VARIATIONS&quot;... des amateurs de haut niveau !\" width=\"500\" height=\"375\" srcset=\"https:\/\/ritmy.fr\/essais\/wp-content\/uploads\/2015\/03\/RITMY-RICHEBOURG-08-03-15-028-1024x768.jpg 1024w, https:\/\/ritmy.fr\/essais\/wp-content\/uploads\/2015\/03\/RITMY-RICHEBOURG-08-03-15-028-300x225.jpg 300w\" sizes=\"auto, (max-width: 500px) 100vw, 500px\" \/><\/a><p id=\"caption-attachment-12137\" class=\"wp-caption-text\">\u00ab\u00a0TEMPERAMENS VARIATIONS\u00a0\u00bb&#8230; un choeur de haut niveau !<\/p><\/div>\n<h5><span style=\"color: #ff0000;\"><strong>Magnifiquement\u00a0dirig\u00e9<\/strong> <\/span>par leur chef <span style=\"text-decoration: underline;\"><strong><span style=\"color: #808000; text-decoration: underline;\">Thibault LAM QUANG<\/span><\/strong><\/span>,<span style=\"color: #ff0000;\"><strong> le ch\u0153ur de chambre \u00ab\u00a0TEMPERAMENS VARIATIONS\u00a0\u00bb<\/strong><\/span> a enthousiasm\u00e9 un public venu en nombre ce dimanche 8 mars en l&rsquo;\u00e9glise <span style=\"color: #ff0000;\"><strong>Saint Georges de RICHEBOURG.<\/strong><\/span><\/h5>\n<h5>L&rsquo;avant dernier concert de ces 25\u00e8mes Saisons Musicales de RITMY donnait \u00e0 entendre <span style=\"color: #ff0000;\"><strong>les sept motets de J. S. BACH<\/strong><\/span>, trop peu souvent interpr\u00e9t\u00e9s, tant ils pr\u00e9sentent des <span style=\"color: #ff0000;\"><strong>difficult\u00e9s techniques vocales. Mais ce ch\u0153ur, pourtant form\u00e9 d&rsquo;amateurs, est d&rsquo;un niveau digne des meilleurs professionnels !<\/strong><\/span><\/h5>\n<p>&nbsp;<\/p>\n<div id=\"attachment_12141\" style=\"width: 200px\" class=\"wp-caption alignleft\"><a href=\"https:\/\/ritmy.fr\/essais\/wp-content\/uploads\/2015\/03\/Richebourg-1-admin-ajax.jpg\"><img loading=\"lazy\" decoding=\"async\" aria-describedby=\"caption-attachment-12141\" class=\"wp-image-12141\" src=\"https:\/\/ritmy.fr\/essais\/wp-content\/uploads\/2015\/03\/Richebourg-1-admin-ajax-225x300.jpg\" alt=\"Un continuo en trio: orgue, violoncelle, contrebasse.\" width=\"200\" height=\"267\" srcset=\"https:\/\/ritmy.fr\/essais\/wp-content\/uploads\/2015\/03\/Richebourg-1-admin-ajax-225x300.jpg 225w, https:\/\/ritmy.fr\/essais\/wp-content\/uploads\/2015\/03\/Richebourg-1-admin-ajax.jpg 300w\" sizes=\"auto, (max-width: 200px) 100vw, 200px\" \/><\/a><p id=\"caption-attachment-12141\" class=\"wp-caption-text\">Un continuo en trio: orgue, violoncelle, contrebasse.<\/p><\/div>\n<p><span style=\"text-decoration: underline;\"><span style=\"color: #808000;\"><strong>Helga SCHAUERTE<\/strong> <\/span><\/span>\u00e0 <span style=\"color: #ff0000;\"><strong>l&rsquo;orgue positif<\/strong><\/span>, <span style=\"text-decoration: underline;\"><span style=\"color: #808000;\"><strong>Gulrim CHOI<\/strong> <\/span><\/span>au <span style=\"color: #ff0000;\"><strong>violoncelle<\/strong><\/span> et <span style=\"text-decoration: underline;\"><span style=\"color: #808000;\"><strong>Youen CADIOU<\/strong><\/span><\/span> \u00e0 la <span style=\"color: #ff0000;\"><strong>contrebasse<\/strong><\/span> ont accompagn\u00e9 le ch\u0153ur. Des accords tout en d\u00e9licatesse et en harmonie\u00a0pour soutenir ces \u0153uvres remarquables !<\/p>\n<p>&nbsp;<\/p>\n<p><span style=\"color: #808000;\"><strong>Helga SCHAUERTE<\/strong> <\/span>est titulaire des orgues de l&rsquo;\u00e9glise \u00e9vang\u00e9lique allemande \u00e0 Paris et professeur d&rsquo;orgue au conservatoire Nadia et Lili BOULANGER de Paris.<\/p>\n<p><span style=\"color: #808000;\"><strong>Gulrim CHOI<\/strong> <\/span>est la violoncelliste de \u00ab\u00a0l&rsquo;European Union Baroque Orchestra\u00a0\u00bb, et se produit r\u00e9guli\u00e8rement sur les grandes sc\u00e8nes europ\u00e9ennes.<\/p>\n<p><span style=\"color: #808000;\"><strong>Youen CADIOU<\/strong> <\/span>se produit avec les ensembles \u00ab\u00a0Les Muses Galantes\u00a0\u00bb, \u00ab\u00a0Ma Non Troppo\u00a0\u00bb, \u00ab\u00a0Il Concerto Baroco\u00a0\u00bb, \u00ab\u00a0Le Chant de Flore\u00a0\u00bb, \u00ab\u00a0Les Cris de Paris\u00a0\u00bb, etc. Il joue sur une contrebasse italienne du\u00a0XVIII\u00e8me&#8230;<\/p>\n<p>&nbsp;<\/p>\n<p>&nbsp;<\/p>\n<p><span style=\"color: #ff0000;\"><strong>\u00a0<\/strong><\/span><\/p>\n<p>&nbsp;<\/p>\n<p><span style=\"color: #ff0000;\"><strong>Superbe cadeau fait aux spectateurs de ce jour, ce concert a \u00e9t\u00e9\u00a0magnifiquement enrichi par la pr\u00e9sence de<\/strong><\/span> <span style=\"color: #808000;\"><strong><span style=\"text-decoration: underline;\">Gilles CANTAGREL<\/span>.<\/strong><\/span> Ce <span style=\"color: #ff0000;\"><strong>musicologue prestigieux, \u00e9crivain et conf\u00e9rencier<\/strong><\/span>, a pr\u00e9sent\u00e9\u00a0chaque motet du <strong>cantor de\u00a0LEIPZIG,<\/strong> permettant ainsi \u00e0 l&rsquo;auditoire d&rsquo;approcher en totale compr\u00e9hension ces \u0153uvres, toutes\u00a0compos\u00e9es pour des c\u00e9r\u00e9monies de fun\u00e9railles, exaltant la mort comme un passage paisible menant \u00e0 une vie \u00e9ternelle d\u00e9sir\u00e9e&#8230;<\/p>\n<p>&nbsp;<\/p>\n<div id=\"attachment_12144\" style=\"width: 300px\" class=\"wp-caption alignright\"><a href=\"https:\/\/ritmy.fr\/essais\/wp-content\/uploads\/2015\/03\/RITMY-RICHEBOURG-08-03-15-013.jpg\"><img loading=\"lazy\" decoding=\"async\" aria-describedby=\"caption-attachment-12144\" class=\"size-medium wp-image-12144\" src=\"https:\/\/ritmy.fr\/essais\/wp-content\/uploads\/2015\/03\/RITMY-RICHEBOURG-08-03-15-013-300x225.jpg\" alt=\"Gilles CANTAGREL, \u00e9minent sp\u00e9cialiste de J.S. BACH !\" width=\"300\" height=\"225\" srcset=\"https:\/\/ritmy.fr\/essais\/wp-content\/uploads\/2015\/03\/RITMY-RICHEBOURG-08-03-15-013-300x225.jpg 300w, https:\/\/ritmy.fr\/essais\/wp-content\/uploads\/2015\/03\/RITMY-RICHEBOURG-08-03-15-013-1024x768.jpg 1024w\" sizes=\"auto, (max-width: 300px) 100vw, 300px\" \/><\/a><p id=\"caption-attachment-12144\" class=\"wp-caption-text\">Gilles CANTAGREL, \u00e9minent sp\u00e9cialiste de J.S. BACH !<\/p><\/div>\n<p><span style=\"color: #ff0000;\"><strong>Pr\u00e9cieuses pr\u00e9cisions, agr\u00e9ment\u00e9es d&rsquo;anecdotes parfois savoureuses et souvent m\u00e9connues<\/strong><\/span>, comme la relation de cette visite de <span style=\"color: #808000;\"><strong>MOZART<\/strong><\/span> \u00e0 <strong>LEIPZIG<\/strong>, quand ce g\u00e9nie se met au clavier de l&rsquo;orgue, et recompose imm\u00e9diatement l&rsquo;une des \u0153uvres de BACH \u00e0 partir des partitions s\u00e9par\u00e9es de chaque \u00ab\u00a0voix\u00a0\u00bb de ch\u0153ur !<\/p>\n<p><span style=\"color: #ff0000;\"><strong>Un grand MERCI \u00e0 Monsieur CANTAGREL<\/strong> <\/span><strong>pour nous avoir fait partager sa prodigieuse connaissance du compositeur, et en toute simplicit\u00e9 !<\/strong><\/p>\n<p>&nbsp;<\/p>\n<p>Apr\u00e8s les quatre premiers motets, une pause, bienvenue pour le ch\u0153ur, a permis au public de<strong><span style=\"color: #ff0000;\"> se rassembler autour d&rsquo;un sympathique buffet.<\/span><\/strong> Boissons et petits g\u00e2teaux ont \u00e9t\u00e9 appr\u00e9ci\u00e9s&#8230;<\/p>\n<p>&nbsp;<\/p>\n<p><strong><span style=\"color: #808000;\">Bernadette COURTY<\/span><\/strong>, maire de RICHEBOURG, avait en pr\u00e9ambule au concert tenu \u00e0 <strong>remercier vivement <span style=\"color: #808000;\">Claire GIRONDIN<\/span><\/strong>, qui n&rsquo;avait pas m\u00e9nag\u00e9 son temps et ses efforts pour que ce rendez-vous de \u00ab\u00a0presque printemps\u00a0\u00bb soit une totale r\u00e9ussite. Si le calendrier n&rsquo;affichait pas\u00a0encore la nouvelle saison, le ciel et la temp\u00e9rature de ce dimanche \u00e9taient tout \u00e0 fait en conformit\u00e9 avec la douceur printani\u00e8re.<\/p>\n<div id=\"attachment_12145\" style=\"width: 320px\" class=\"wp-caption aligncenter\"><a href=\"https:\/\/ritmy.fr\/essais\/wp-content\/uploads\/2015\/03\/RITMY-RICHEBOURG-08-03-15-005.jpg\"><img loading=\"lazy\" decoding=\"async\" aria-describedby=\"caption-attachment-12145\" class=\"wp-image-12145\" src=\"https:\/\/ritmy.fr\/essais\/wp-content\/uploads\/2015\/03\/RITMY-RICHEBOURG-08-03-15-005-300x225.jpg\" alt=\"Bernadette COURTY a vivement remerci\u00e9 Claire GIRONDIN...\" width=\"320\" height=\"240\" srcset=\"https:\/\/ritmy.fr\/essais\/wp-content\/uploads\/2015\/03\/RITMY-RICHEBOURG-08-03-15-005-300x225.jpg 300w, https:\/\/ritmy.fr\/essais\/wp-content\/uploads\/2015\/03\/RITMY-RICHEBOURG-08-03-15-005-1024x768.jpg 1024w\" sizes=\"auto, (max-width: 320px) 100vw, 320px\" \/><\/a><p id=\"caption-attachment-12145\" class=\"wp-caption-text\">Bernadette COURTY a vivement remerci\u00e9 Claire GIRONDIN&#8230;<\/p><\/div>\n<p>&nbsp;<\/p>\n<p style=\"text-align: center;\"><strong>*********<\/strong><\/p>\n<h4>Les fid\u00e8les de RITMY ont d\u00e9j\u00e0 not\u00e9 sur leur agenda <span style=\"color: #333399;\"><strong>le <span style=\"text-decoration: underline;\">dernier rendez-vous des 25\u00e8mes Saisons Musicales<\/span> :<\/strong><\/span><\/h4>\n<h4><span style=\"color: #333399;\"><strong>\u00a0 \u00a0 \u00a0 \u00a0 \u00a0 ce sera en l&rsquo;\u00e9glise Saint Denis de M\u00e9r\u00e9, \u00e0 21h, le samedi 21 mars prochain&#8230;<\/strong><\/span><\/h4>\n<h4>Dernier rendez-vous qui nous permettra d&rsquo;approcher ces <span style=\"color: #333399;\"><strong>deux jeunes talents qui n&rsquo;arr\u00eatent pas de monter au firmament des interpr\u00e8tes de haut niveau\u00a0:<\/strong> <span style=\"text-decoration: underline;\"><strong>Adam LALOUM<\/strong><\/span><\/span> au <strong>piano<\/strong> (1er prix du concours Clara Haskil en 2009), et <span style=\"text-decoration: underline;\"><span style=\"color: #333399;\"><strong>Adrien LA MARCA<\/strong><\/span><\/span> au <strong>violon alto<\/strong> (Victoire de la Musique Classique dans la cat\u00e9gorie &lsquo;R\u00e9v\u00e9lation soliste instrumental&rsquo; en 2014 !)&#8230;<\/h4>\n<h4><strong>Voir\u00a0la\u00a0pr\u00e9sentation de ce concert, en cliquant\u00a0<span style=\"text-decoration: underline;\"><em><a title=\"Duo alto-piano avec Adrien La MARCA et Adam LALOUM, le 21 mars \u00e0 M\u00e9r\u00e9\" href=\"https:\/\/ritmy.fr\/essais\/2015\/03\/09\/duo-alto-piano-avec-adrien-la-marca-et-adam-laloum-le-21-mars-a-mere\/\" target=\"_blank\"><span style=\"color: #333399; text-decoration: underline;\">ICI<\/span><\/a><\/em><\/span><\/strong><\/h4>\n<h4>Nul doute que tous ceux qui feront le d\u00e9placement \u00e0 M\u00e9r\u00e9 ne le regretteront pas !<\/h4>\n<h4><span style=\"text-decoration: underline; color: #333399;\"><strong>Et il\u00a0est plus que recommand\u00e9 de r\u00e9server !<\/strong><\/span><\/h4>\n<h4><\/h4>\n<p>&nbsp;<\/p>\n<p>&nbsp;<\/p>\n<p>&nbsp;<\/p>\n","protected":false},"excerpt":{"rendered":"<p>&nbsp; Les sept motets de Johann-S\u00e9bastian BACH et le ch\u0153ur \u00ab\u00a0TEMPERAMENS VARIATIONS\u00a0\u00bb : accord parfait ! &nbsp; Magnifiquement\u00a0dirig\u00e9 par leur chef Thibault LAM QUANG, le ch\u0153ur de chambre \u00ab\u00a0TEMPERAMENS VARIATIONS\u00a0\u00bb a enthousiasm\u00e9 un public venu en nombre ce dimanche 8 mars en l&rsquo;\u00e9glise Saint Georges de RICHEBOURG. L&rsquo;avant dernier concert de ces 25\u00e8mes Saisons Musicales &hellip; <\/p>\n<p><a class=\"more-link btn\" href=\"https:\/\/ritmy.fr\/essais\/bach-une-belle-reussite-a-richebourg\/\">Lire la suite<\/a><\/p>\n","protected":false},"author":4,"featured_media":0,"comment_status":"closed","ping_status":"closed","sticky":false,"template":"","format":"standard","meta":{"footnotes":""},"categories":[3,4,6,1],"tags":[66,147,99,146,148,149],"class_list":["post-12135","post","type-post","status-publish","format-standard","hentry","category-les-oeuvres","category-concerts","category-les-musiciens","category-ritmy","tag-bach","tag-cantagrel","tag-choeur","tag-motets","tag-temperamens","tag-variations","nodate","item-wrap"],"_links":{"self":[{"href":"https:\/\/ritmy.fr\/essais\/wp-json\/wp\/v2\/posts\/12135","targetHints":{"allow":["GET"]}}],"collection":[{"href":"https:\/\/ritmy.fr\/essais\/wp-json\/wp\/v2\/posts"}],"about":[{"href":"https:\/\/ritmy.fr\/essais\/wp-json\/wp\/v2\/types\/post"}],"author":[{"embeddable":true,"href":"https:\/\/ritmy.fr\/essais\/wp-json\/wp\/v2\/users\/4"}],"replies":[{"embeddable":true,"href":"https:\/\/ritmy.fr\/essais\/wp-json\/wp\/v2\/comments?post=12135"}],"version-history":[{"count":11,"href":"https:\/\/ritmy.fr\/essais\/wp-json\/wp\/v2\/posts\/12135\/revisions"}],"predecessor-version":[{"id":12156,"href":"https:\/\/ritmy.fr\/essais\/wp-json\/wp\/v2\/posts\/12135\/revisions\/12156"}],"wp:attachment":[{"href":"https:\/\/ritmy.fr\/essais\/wp-json\/wp\/v2\/media?parent=12135"}],"wp:term":[{"taxonomy":"category","embeddable":true,"href":"https:\/\/ritmy.fr\/essais\/wp-json\/wp\/v2\/categories?post=12135"},{"taxonomy":"post_tag","embeddable":true,"href":"https:\/\/ritmy.fr\/essais\/wp-json\/wp\/v2\/tags?post=12135"}],"curies":[{"name":"wp","href":"https:\/\/api.w.org\/{rel}","templated":true}]}}